{"id":32999,"date":"2025-01-10T15:40:10","date_gmt":"2025-01-10T14:40:10","guid":{"rendered":"https:\/\/ostrowskatv.pl\/?p=32999"},"modified":"2025-01-10T16:09:58","modified_gmt":"2025-01-10T15:09:58","slug":"pozegnanie-maksymiliana-mareckiego-malego-bohatera-o-wielkim-sercu","status":"publish","type":"post","link":"https:\/\/ostrowskatv.pl\/?p=32999","title":{"rendered":"Po\u017cegnanie Maksymiliana Mareckiego \u2013 Ma\u0142ego Bohatera o Wielkim Sercu"},"content":{"rendered":"<p><strong>Dzi\u015b w Sanktuarium Mi\u0142osierdzia Bo\u017cego w Ostrowie Wielkopolskim po\u017cegnali\u015bmy Maksymiliana Mareckiego \u2013 dziesi\u0119cioletniego ch\u0142opca, kt\u00f3ry przez siedem lat heroicznie walczy\u0142 z neuroblastom\u0105, rzadkim i agresywnym nowotworem dzieci\u0119cym. W dniu \u015awi\u0119ta Trzech Kr\u00f3li, gdy \u015bwiat obchodzi\u0142 radosne \u015bwi\u0119to, Maksiu zako\u0144czy\u0142 swoj\u0105 ziemsk\u0105 podr\u00f3\u017c, przechodz\u0105c do wieczno\u015bci.<\/strong><\/p>\n<p>Bia\u0142a trumienka, w kt\u00f3rej spocz\u0105\u0142 ch\u0142opiec, otoczona by\u0142a bia\u0142ymi r\u00f3\u017cami \u2013 symbolem niewinno\u015bci i czysto\u015bci. Setki os\u00f3b zgromadzi\u0142y si\u0119, by odda\u0107 ho\u0142d temu ma\u0142emu bohaterowi, kt\u00f3ry swoim cierpieniem i determinacj\u0105 zjednoczy\u0142 tak wielu ludzi. Na pro\u015bb\u0119 rodziny, uczestnicy przynie\u015bli kolorowe balony \u2013 w wi\u0119kszo\u015bci ozdobione postaciami superbohater\u00f3w, takich jak Avengers i Spider-Man, kt\u00f3re inspirowa\u0142y Maksia w jego codziennej walce. Po Mszy \u015awi\u0119tej balony zosta\u0142y wypuszczone w niebo, symbolizuj\u0105c wzniesienie si\u0119 duszy ch\u0142opca do nieba.<\/p>\n<p>Maksymiliana pochowano na cmentarzu przy ulicy Limanowskiego, a jego odej\u015bcie pozostawi\u0142o w sercach bliskich i przyjaci\u00f3\u0142 niepowetowan\u0105 strat\u0119. Jednak uroczysto\u015b\u0107 pogrzebowa by\u0142a r\u00f3wnie\u017c przepe\u0142niona nadziej\u0105 \u2013 t\u0105 chrze\u015bcija\u0144sk\u0105, kt\u00f3ra m\u00f3wi o \u017cyciu wiecznym i ponownym spotkaniu z ukochanymi.<\/p>\n<hr \/>\n<h3>\u201eB\u00f3g widzi \u015bmier\u0107 inaczej ni\u017c my\u201d \u2013 s\u0142owa otuchy ksi\u0119dza Andrzeja Szudry<\/h3>\n<p>Podczas Mszy \u015awi\u0119tej \u017ca\u0142obnej, proboszcz Andrzej Szudra wyg\u0142osi\u0142 wzruszaj\u0105ce przem\u00f3wienie, w kt\u00f3rym przywo\u0142a\u0142 s\u0142owa ksi\u0119dza Jana Twardowskiego:<\/p>\n<blockquote><p>\u201eOdszed\u0142e\u015b cicho, bez s\u0142\u00f3w po\u017cegnania, tak jakby\u015b nie chcia\u0142 usun\u0105\u0107 odej\u015bciem nas smuci\u0107\u2026\u201d<\/p><\/blockquote>\n<p>Proboszcz podkre\u015bli\u0142, \u017ce \u015bmier\u0107 tak m\u0142odego cz\u0142owieka jest dla nas wszystkich trudna do zrozumienia, ale w \u015bwietle wiary znajduje sw\u00f3j sens:<\/p>\n<blockquote><p>\u201eB\u00f3g widzi \u015bmier\u0107 inaczej ni\u017c my. My widzimy j\u0105 jako ciemny mur, On \u2013 jako bram\u0119. Maksiu przeszed\u0142 przez t\u0119 bram\u0119 i powi\u0119kszy\u0142 grono anio\u0142\u00f3w w niebie.\u201d<\/p><\/blockquote>\n<p>Wspomina\u0142 r\u00f3wnie\u017c plany i marzenia ch\u0142opca, kt\u00f3ry od lat bra\u0142 udzia\u0142 w marszach Trzech Kr\u00f3li. W tym roku poszed\u0142 w swoim ostatnim marszu \u2013 prowadzony przez \u015bwiat\u0142o gwiazdy, by spotka\u0107 Jezusa w niebie.<\/p>\n<hr \/>\n<h3>S\u0142owa otuchy ksi\u0119dza Bogumi\u0142a<\/h3>\n<p>Kazanie wyg\u0142osi\u0142 ksi\u0105dz Bogumi\u0142, kt\u00f3ry m\u00f3wi\u0142 o nadziei i trudzie mierzenia si\u0119 z cierpieniem:<\/p>\n<blockquote><p>\u201eMaks nauczy\u0142 nas, jak bohatersko przyj\u0105\u0107 cierpienie. To, co dla nas, doros\u0142ych, wydaje si\u0119 niemo\u017cliwe do uniesienia, on znosi\u0142 z pokor\u0105 i odwag\u0105. Wierz\u0119, \u017ce dzi\u015b jest blisko Boga, kt\u00f3ry otuli\u0142 go swoj\u0105 mi\u0142o\u015bci\u0105.\u201d<\/p><\/blockquote>\n<p>Podkre\u015bli\u0142 r\u00f3wnie\u017c, jak wiele serc Maksiu poruszy\u0142 swoj\u0105 histori\u0105, jednocz\u0105c ludzi niezale\u017cnie od ich pogl\u0105d\u00f3w czy przekona\u0144:<\/p>\n<blockquote><p>\u201eMaksiu, dzi\u0119kujemy, \u017ce nauczy\u0142e\u015b nas, jak by\u0107 lepszymi lud\u017ami. Tw\u00f3j przyk\u0142ad przypomnia\u0142 nam, co naprawd\u0119 jest wa\u017cne.\u201d<\/p><\/blockquote>\n<hr \/>\n<h3>Po\u017cegnanie od rodzic\u00f3w<\/h3>\n<p>Najbardziej przejmuj\u0105cym momentem uroczysto\u015bci by\u0142y s\u0142owa po\u017cegnania od najbli\u017cszych Maksia. Ksi\u0105dz Bogumi\u0142 odczyta\u0142 wzruszaj\u0105cy list rodzic\u00f3w:<\/p>\n<blockquote><p>\u201eMaksiulku kochany, nasze serca rozsypa\u0142y si\u0119 na milion kawa\u0142k\u00f3w. Nie ma Ci\u0119 zaledwie kilka dni, a t\u0119sknimy, jakby min\u0119\u0142o tysi\u0105c lat. Dzi\u0119kujemy Ci za ka\u017cd\u0105 chwil\u0119 sp\u0119dzon\u0105 z nami. Jeste\u015bmy dumni, \u017ce mogli\u015bmy by\u0107 Twoimi rodzicami. Da\u0142e\u015b nam \u015bwiadectwo pokory i cierpliwo\u015bci. Walczy\u0142e\u015b dla nas siedem lat. Wiemy, \u017ce musia\u0142e\u015b odpocz\u0105\u0107. Do zobaczenia, synku, w niebie. Dzieli nas tylko czas.\u201d<\/p><\/blockquote>\n<hr \/>\n<h3>Ostatnie s\u0142owo<\/h3>\n<p>Odej\u015bcie Maksymiliana jest przypomnieniem o krucho\u015bci \u017cycia, ale r\u00f3wnie\u017c o jego pi\u0119knie. Mimo m\u0142odego wieku, Maksiu zostawi\u0142 po sobie niezatarte \u015blady w sercach tych, kt\u00f3rzy go znali. Jego u\u015bmiech, odwaga i wiara sta\u0142y si\u0119 \u017ar\u00f3d\u0142em inspiracji i nadziei dla wielu.<\/p>\n<p>Drogi Maksymilianie, do zobaczenia po drugiej stronie \u2013 tam, gdzie cierpienie ust\u0119puje rado\u015bci, a mi\u0142o\u015b\u0107 trwa na zawsze.<\/p>\n<p><img loading=\"lazy\" decoding=\"async\" class=\"alignnone size-full wp-image-33001\" src=\"https:\/\/ostrowskatv.pl\/wp-content\/uploads\/2025\/01\/1000122990.jpg\" alt=\"\" width=\"2048\" height=\"1237\" srcset=\"https:\/\/ostrowskatv.pl\/wp-content\/uploads\/2025\/01\/1000122990.jpg 2048w, https:\/\/ostrowskatv.pl\/wp-content\/uploads\/2025\/01\/1000122990-300x181.jpg 300w, https:\/\/ostrowskatv.pl\/wp-content\/uploads\/2025\/01\/1000122990-1333x805.jpg 1333w, https:\/\/ostrowskatv.pl\/wp-content\/uploads\/2025\/01\/1000122990-1536x928.jpg 1536w\" sizes=\"auto, (max-width: 2048px) 100vw, 2048px\" \/><\/p>\n<p><img loading=\"lazy\" decoding=\"async\" class=\"alignnone size-full wp-image-33002\" src=\"https:\/\/ostrowskatv.pl\/wp-content\/uploads\/2025\/01\/20250110_132926.jpg\" alt=\"\" width=\"2048\" height=\"1153\" srcset=\"https:\/\/ostrowskatv.pl\/wp-content\/uploads\/2025\/01\/20250110_132926.jpg 2048w, https:\/\/ostrowskatv.pl\/wp-content\/uploads\/2025\/01\/20250110_132926-300x169.jpg 300w, https:\/\/ostrowskatv.pl\/wp-content\/uploads\/2025\/01\/20250110_132926-1333x750.jpg 1333w, https:\/\/ostrowskatv.pl\/wp-content\/uploads\/2025\/01\/20250110_132926-1536x865.jpg 1536w\" sizes=\"auto, (max-width: 2048px) 100vw, 2048px\" \/><\/p>\n<p><img loading=\"lazy\" decoding=\"async\" class=\"alignnone size-full wp-image-33003\" src=\"https:\/\/ostrowskatv.pl\/wp-content\/uploads\/2025\/01\/20250110_132920-scaled.jpg\" alt=\"\" width=\"2560\" height=\"1441\" srcset=\"https:\/\/ostrowskatv.pl\/wp-content\/uploads\/2025\/01\/20250110_132920-scaled.jpg 2560w, https:\/\/ostrowskatv.pl\/wp-content\/uploads\/2025\/01\/20250110_132920-300x169.jpg 300w, https:\/\/ostrowskatv.pl\/wp-content\/uploads\/2025\/01\/20250110_132920-1333x750.jpg 1333w, https:\/\/ostrowskatv.pl\/wp-content\/uploads\/2025\/01\/20250110_132920-1536x865.jpg 1536w, https:\/\/ostrowskatv.pl\/wp-content\/uploads\/2025\/01\/20250110_132920-2048x1153.jpg 2048w\" sizes=\"auto, (max-width: 2560px) 100vw, 2560px\" \/><\/p>\n<p><img loading=\"lazy\" decoding=\"async\" class=\"alignnone size-full wp-image-33004\" src=\"https:\/\/ostrowskatv.pl\/wp-content\/uploads\/2025\/01\/20250110_132413.jpg\" alt=\"\" width=\"2048\" height=\"1153\" srcset=\"https:\/\/ostrowskatv.pl\/wp-content\/uploads\/2025\/01\/20250110_132413.jpg 2048w, https:\/\/ostrowskatv.pl\/wp-content\/uploads\/2025\/01\/20250110_132413-300x169.jpg 300w, https:\/\/ostrowskatv.pl\/wp-content\/uploads\/2025\/01\/20250110_132413-1333x750.jpg 1333w, https:\/\/ostrowskatv.pl\/wp-content\/uploads\/2025\/01\/20250110_132413-1536x865.jpg 1536w\" sizes=\"auto, (max-width: 2048px) 100vw, 2048px\" \/><\/p>\n<p><img loading=\"lazy\" decoding=\"async\" class=\"alignnone size-full wp-image-33005\" src=\"https:\/\/ostrowskatv.pl\/wp-content\/uploads\/2025\/01\/20250110_132221.jpg\" alt=\"\" width=\"2048\" height=\"1153\" srcset=\"https:\/\/ostrowskatv.pl\/wp-content\/uploads\/2025\/01\/20250110_132221.jpg 2048w, https:\/\/ostrowskatv.pl\/wp-content\/uploads\/2025\/01\/20250110_132221-300x169.jpg 300w, https:\/\/ostrowskatv.pl\/wp-content\/uploads\/2025\/01\/20250110_132221-1333x750.jpg 1333w, https:\/\/ostrowskatv.pl\/wp-content\/uploads\/2025\/01\/20250110_132221-1536x865.jpg 1536w\" sizes=\"auto, (max-width: 2048px) 100vw, 2048px\" \/><\/p>\n<p><img loading=\"lazy\" decoding=\"async\" class=\"alignnone size-full wp-image-33006\" src=\"https:\/\/ostrowskatv.pl\/wp-content\/uploads\/2025\/01\/20250110_132151.jpg\" alt=\"\" width=\"2048\" height=\"1153\" srcset=\"https:\/\/ostrowskatv.pl\/wp-content\/uploads\/2025\/01\/20250110_132151.jpg 2048w, https:\/\/ostrowskatv.pl\/wp-content\/uploads\/2025\/01\/20250110_132151-300x169.jpg 300w, https:\/\/ostrowskatv.pl\/wp-content\/uploads\/2025\/01\/20250110_132151-1333x750.jpg 1333w, https:\/\/ostrowskatv.pl\/wp-content\/uploads\/2025\/01\/20250110_132151-1536x865.jpg 1536w\" sizes=\"auto, (max-width: 2048px) 100vw, 2048px\" \/><\/p>\n<p><img loading=\"lazy\" decoding=\"async\" class=\"alignnone size-full wp-image-33007\" src=\"https:\/\/ostrowskatv.pl\/wp-content\/uploads\/2025\/01\/20250110_132103-scaled.jpg\" alt=\"\" width=\"2560\" height=\"1441\" srcset=\"https:\/\/ostrowskatv.pl\/wp-content\/uploads\/2025\/01\/20250110_132103-scaled.jpg 2560w, https:\/\/ostrowskatv.pl\/wp-content\/uploads\/2025\/01\/20250110_132103-300x169.jpg 300w, https:\/\/ostrowskatv.pl\/wp-content\/uploads\/2025\/01\/20250110_132103-1333x750.jpg 1333w, https:\/\/ostrowskatv.pl\/wp-content\/uploads\/2025\/01\/20250110_132103-1536x865.jpg 1536w, https:\/\/ostrowskatv.pl\/wp-content\/uploads\/2025\/01\/20250110_132103-2048x1153.jpg 2048w\" sizes=\"auto, (max-width: 2560px) 100vw, 2560px\" \/><\/p>\n<p><img loading=\"lazy\" decoding=\"async\" class=\"alignnone size-full wp-image-33008\" src=\"https:\/\/ostrowskatv.pl\/wp-content\/uploads\/2025\/01\/20250110_132056.jpg\" alt=\"\" width=\"2048\" height=\"1153\" srcset=\"https:\/\/ostrowskatv.pl\/wp-content\/uploads\/2025\/01\/20250110_132056.jpg 2048w, https:\/\/ostrowskatv.pl\/wp-content\/uploads\/2025\/01\/20250110_132056-300x169.jpg 300w, https:\/\/ostrowskatv.pl\/wp-content\/uploads\/2025\/01\/20250110_132056-1333x750.jpg 1333w, https:\/\/ostrowskatv.pl\/wp-content\/uploads\/2025\/01\/20250110_132056-1536x865.jpg 1536w\" sizes=\"auto, (max-width: 2048px) 100vw, 2048px\" \/><\/p>\n<p><img loading=\"lazy\" decoding=\"async\" class=\"alignnone size-full wp-image-33009\" src=\"https:\/\/ostrowskatv.pl\/wp-content\/uploads\/2025\/01\/20250110_131936.jpg\" alt=\"\" width=\"2048\" height=\"1153\" srcset=\"https:\/\/ostrowskatv.pl\/wp-content\/uploads\/2025\/01\/20250110_131936.jpg 2048w, https:\/\/ostrowskatv.pl\/wp-content\/uploads\/2025\/01\/20250110_131936-300x169.jpg 300w, https:\/\/ostrowskatv.pl\/wp-content\/uploads\/2025\/01\/20250110_131936-1333x750.jpg 1333w, https:\/\/ostrowskatv.pl\/wp-content\/uploads\/2025\/01\/20250110_131936-1536x865.jpg 1536w\" sizes=\"auto, (max-width: 2048px) 100vw, 2048px\" \/><\/p>\n<p><img loading=\"lazy\" decoding=\"async\" class=\"alignnone size-full wp-image-33010\" src=\"https:\/\/ostrowskatv.pl\/wp-content\/uploads\/2025\/01\/20250110_131906.jpg\" alt=\"\" width=\"2048\" height=\"1153\" srcset=\"https:\/\/ostrowskatv.pl\/wp-content\/uploads\/2025\/01\/20250110_131906.jpg 2048w, https:\/\/ostrowskatv.pl\/wp-content\/uploads\/2025\/01\/20250110_131906-300x169.jpg 300w, https:\/\/ostrowskatv.pl\/wp-content\/uploads\/2025\/01\/20250110_131906-1333x750.jpg 1333w, https:\/\/ostrowskatv.pl\/wp-content\/uploads\/2025\/01\/20250110_131906-1536x865.jpg 1536w\" sizes=\"auto, (max-width: 2048px) 100vw, 2048px\" \/><\/p>\n<p><img loading=\"lazy\" decoding=\"async\" class=\"alignnone size-full wp-image-33011\" src=\"https:\/\/ostrowskatv.pl\/wp-content\/uploads\/2025\/01\/20250110_131731.jpg\" alt=\"\" width=\"2048\" height=\"1153\" srcset=\"https:\/\/ostrowskatv.pl\/wp-content\/uploads\/2025\/01\/20250110_131731.jpg 2048w, https:\/\/ostrowskatv.pl\/wp-content\/uploads\/2025\/01\/20250110_131731-300x169.jpg 300w, https:\/\/ostrowskatv.pl\/wp-content\/uploads\/2025\/01\/20250110_131731-1333x750.jpg 1333w, https:\/\/ostrowskatv.pl\/wp-content\/uploads\/2025\/01\/20250110_131731-1536x865.jpg 1536w\" sizes=\"auto, (max-width: 2048px) 100vw, 2048px\" \/><\/p>\n<p><img loading=\"lazy\" decoding=\"async\" class=\"alignnone size-full wp-image-33012\" src=\"https:\/\/ostrowskatv.pl\/wp-content\/uploads\/2025\/01\/20250110_131722.jpg\" alt=\"\" width=\"2048\" height=\"1153\" srcset=\"https:\/\/ostrowskatv.pl\/wp-content\/uploads\/2025\/01\/20250110_131722.jpg 2048w, https:\/\/ostrowskatv.pl\/wp-content\/uploads\/2025\/01\/20250110_131722-300x169.jpg 300w, https:\/\/ostrowskatv.pl\/wp-content\/uploads\/2025\/01\/20250110_131722-1333x750.jpg 1333w, https:\/\/ostrowskatv.pl\/wp-content\/uploads\/2025\/01\/20250110_131722-1536x865.jpg 1536w\" sizes=\"auto, (max-width: 2048px) 100vw, 2048px\" \/><\/p>\n<p><img loading=\"lazy\" decoding=\"async\" class=\"alignnone size-full wp-image-33013\" src=\"https:\/\/ostrowskatv.pl\/wp-content\/uploads\/2025\/01\/20250110_131717.jpg\" alt=\"\" width=\"2048\" height=\"1153\" srcset=\"https:\/\/ostrowskatv.pl\/wp-content\/uploads\/2025\/01\/20250110_131717.jpg 2048w, https:\/\/ostrowskatv.pl\/wp-content\/uploads\/2025\/01\/20250110_131717-300x169.jpg 300w, https:\/\/ostrowskatv.pl\/wp-content\/uploads\/2025\/01\/20250110_131717-1333x750.jpg 1333w, https:\/\/ostrowskatv.pl\/wp-content\/uploads\/2025\/01\/20250110_131717-1536x865.jpg 1536w\" sizes=\"auto, (max-width: 2048px) 100vw, 2048px\" \/><\/p>\n<p><img loading=\"lazy\" decoding=\"async\" class=\"alignnone size-full wp-image-33014\" src=\"https:\/\/ostrowskatv.pl\/wp-content\/uploads\/2025\/01\/20250110_131603.jpg\" alt=\"\" width=\"642\" height=\"719\" srcset=\"https:\/\/ostrowskatv.pl\/wp-content\/uploads\/2025\/01\/20250110_131603.jpg 642w, https:\/\/ostrowskatv.pl\/wp-content\/uploads\/2025\/01\/20250110_131603-268x300.jpg 268w\" sizes=\"auto, (max-width: 642px) 100vw, 642px\" \/><\/p>\n<p><img loading=\"lazy\" decoding=\"async\" class=\"alignnone size-full wp-image-33015\" src=\"https:\/\/ostrowskatv.pl\/wp-content\/uploads\/2025\/01\/kosciol-kamerka.jpg\" alt=\"\" width=\"1920\" height=\"1079\" srcset=\"https:\/\/ostrowskatv.pl\/wp-content\/uploads\/2025\/01\/kosciol-kamerka.jpg 1920w, https:\/\/ostrowskatv.pl\/wp-content\/uploads\/2025\/01\/kosciol-kamerka-300x169.jpg 300w, https:\/\/ostrowskatv.pl\/wp-content\/uploads\/2025\/01\/kosciol-kamerka-1333x749.jpg 1333w, https:\/\/ostrowskatv.pl\/wp-content\/uploads\/2025\/01\/kosciol-kamerka-1536x863.jpg 1536w\" sizes=\"auto, (max-width: 1920px) 100vw, 1920px\" \/><\/p>\n<p><img loading=\"lazy\" decoding=\"async\" class=\"alignnone size-full wp-image-33017\" src=\"https:\/\/ostrowskatv.pl\/wp-content\/uploads\/2025\/01\/20250110_114126.jpg\" alt=\"\" width=\"2048\" height=\"1153\" srcset=\"https:\/\/ostrowskatv.pl\/wp-content\/uploads\/2025\/01\/20250110_114126.jpg 2048w, https:\/\/ostrowskatv.pl\/wp-content\/uploads\/2025\/01\/20250110_114126-300x169.jpg 300w, https:\/\/ostrowskatv.pl\/wp-content\/uploads\/2025\/01\/20250110_114126-1333x750.jpg 1333w, https:\/\/ostrowskatv.pl\/wp-content\/uploads\/2025\/01\/20250110_114126-1536x865.jpg 1536w\" sizes=\"auto, (max-width: 2048px) 100vw, 2048px\" \/><\/p>\n<p><iframe loading=\"lazy\" title=\"Balony na ostatnim po\u017cegnaniu Maksia\" width=\"747\" height=\"420\" src=\"https:\/\/www.youtube.com\/embed\/RMs3LQ4984U?feature=oembed\" frameborder=\"0\" allow=\"accelerometer; autoplay; clipboard-write; encrypted-media; gyroscope; picture-in-picture; web-share\" referrerpolicy=\"strict-origin-when-cross-origin\" allowfullscreen><\/iframe><\/p>\n<p><iframe loading=\"lazy\" title=\"Ostatnie po\u017cegnanie Maksia - msza\" width=\"747\" height=\"420\" src=\"https:\/\/www.youtube.com\/embed\/lrYjl7k5cIA?feature=oembed\" frameborder=\"0\" allow=\"accelerometer; autoplay; clipboard-write; encrypted-media; gyroscope; picture-in-picture; web-share\" referrerpolicy=\"strict-origin-when-cross-origin\" allowfullscreen><\/iframe><\/p>\n","protected":false},"excerpt":{"rendered":"Dzi\u015b w Sanktuarium Mi\u0142osierdzia Bo\u017cego w Ostrowie Wielkopolskim po\u017cegnali\u015bmy Maksymiliana Mareckiego \u2013 dziesi\u0119cioletniego ch\u0142opca, kt\u00f3ry przez siedem lat heroicznie walczy\u0142 z neuroblastom\u0105, rzadkim \n<a class=\"moretag\" href=\"https:\/\/ostrowskatv.pl\/?p=32999\"> [...]<\/a>","protected":false},"author":1,"featured_media":33003,"comment_status":"open","ping_status":"closed","sticky":false,"template":"","format":"standard","meta":{"footnotes":""},"categories":[1],"tags":[197],"class_list":["post-32999","post","type-post","status-publish","format-standard","has-post-thumbnail","hentry","category-news","tag-pogrzeb"],"_links":{"self":[{"href":"https:\/\/ostrowskatv.pl\/index.php?rest_route=\/wp\/v2\/posts\/32999","targetHints":{"allow":["GET"]}}],"collection":[{"href":"https:\/\/ostrowskatv.pl\/index.php?rest_route=\/wp\/v2\/posts"}],"about":[{"href":"https:\/\/ostrowskatv.pl\/index.php?rest_route=\/wp\/v2\/types\/post"}],"author":[{"embeddable":true,"href":"https:\/\/ostrowskatv.pl\/index.php?rest_route=\/wp\/v2\/users\/1"}],"replies":[{"embeddable":true,"href":"https:\/\/ostrowskatv.pl\/index.php?rest_route=%2Fwp%2Fv2%2Fcomments&post=32999"}],"version-history":[{"count":4,"href":"https:\/\/ostrowskatv.pl\/index.php?rest_route=\/wp\/v2\/posts\/32999\/revisions"}],"predecessor-version":[{"id":33020,"href":"https:\/\/ostrowskatv.pl\/index.php?rest_route=\/wp\/v2\/posts\/32999\/revisions\/33020"}],"wp:featuredmedia":[{"embeddable":true,"href":"https:\/\/ostrowskatv.pl\/index.php?rest_route=\/wp\/v2\/media\/33003"}],"wp:attachment":[{"href":"https:\/\/ostrowskatv.pl\/index.php?rest_route=%2Fwp%2Fv2%2Fmedia&parent=32999"}],"wp:term":[{"taxonomy":"category","embeddable":true,"href":"https:\/\/ostrowskatv.pl\/index.php?rest_route=%2Fwp%2Fv2%2Fcategories&post=32999"},{"taxonomy":"post_tag","embeddable":true,"href":"https:\/\/ostrowskatv.pl\/index.php?rest_route=%2Fwp%2Fv2%2Ftags&post=32999"}],"curies":[{"name":"wp","href":"https:\/\/api.w.org\/{rel}","templated":true}]}}