{"id":3293,"date":"2017-02-28T15:59:00","date_gmt":"2017-02-28T14:59:00","guid":{"rendered":"http:\/\/ostrowska.tv\/?p=3293"},"modified":"2017-02-28T16:02:58","modified_gmt":"2017-02-28T15:02:58","slug":"rower-miejski-systemem-gospodarskim-mozna","status":"publish","type":"post","link":"https:\/\/ostrowskatv.pl\/?p=3293","title":{"rendered":"Rower Miejski systemem gospodarskim. Mo\u017cna?"},"content":{"rendered":"<p><strong>Rower Miejski to mo\u017cliwo\u015b\u0107 wynajmowania jedno\u015blad\u00f3w. Ostr\u00f3w Wielkopolski postawi\u0142 na rozwi\u0105zanie profesjonalne. Natomiast s\u0105siedni Krotoszyn nie chc\u0105c wydawa\u0107 co najmniej p\u00f3\u0142 miliona z\u0142otych, postanowi\u0142 stworzy\u0107 Krotoszy\u0144ski Rower Miejski systemem gospodarskim.<\/strong><\/p>\n<p>W Ostrowie Wlkp. maj\u0105 powsta\u0107 dwie stacje &#8211; jedna przy Stadionie Miejskim, druga na przeciwko dworca PKP. Dzi\u0119ki temu rozwi\u0105zaniu, kto\u015b chc\u0105c si\u0119 przemie\u015bci\u0107 pomi\u0119dzy tymi punktami lub chc\u0105c pojecha\u0107 na wycieczk\u0119, b\u0119dzie m\u00f3g\u0142 skorzysta\u0107 z roweru miejskiego. Ostrowski projekt kosztowa\u0107 b\u0119dzie 400 tys. z\u0142. Czyli jedna stacja wraz z dziesi\u0119cioma rowerami b\u0119dzie wynosi\u0142a po\u0142ow\u0119 tej kwoty. Pieni\u0105dze b\u0119d\u0105 pochodzi\u0142y z dotacji w ramach WRPO.<\/p>\n<p>W\u0142adzom Krotoszyna nie uda\u0142o si\u0119 pozyska\u0107 \u015brodk\u00f3w zewn\u0119trznych, dlatego podj\u0119\u0142y decyzj\u0119 o stworzeniu Krotoszy\u0144skiego Roweru Miejskiego systemem gospodarskim.<\/p>\n<p>Projekt w Krotoszynie rozpocz\u0105\u0142 si\u0119 od apelu do mieszka\u0144c\u00f3w, by Ci przekazywali swoje rowery, z kt\u00f3rych ju\u017c nie korzystaj\u0105. Urz\u0119dnicy za pomoc\u0105 pracownik\u00f3w sp\u00f3\u0142ki autobusowej wyremontuj\u0105 je, pomaluj\u0105 w jednakowych kolorach. W ten oto spos\u00f3b przy niskich wydatkach powstan\u0105 dwie stacje z co najmniej dziewi\u0119tnastoma rowerami.<\/p>\n<p>Kolejna r\u00f3\u017cnica to fakt, \u017ce w Krotoszynie wypo\u017cyczenie roweru b\u0119dzie ca\u0142kowicie bezp\u0142atne. Nie b\u0119dzie te\u017c wymagana \u017cadna rejestracja. Powoduje to ryzyko porzucenia roweru w niewyznaczonym miejscu lub pr\u00f3by rozebrania go na cz\u0119\u015bci. Ale czy b\u0119d\u0105 to cenne modele? A sk\u0105d\u017ce. Dotychczas zebrane modele pewnie szybciej trafi\u0142yby na z\u0142om ni\u017c na ulice Krotoszyna. Dzi\u0119ki renowacji mog\u0105 odzyska\u0107 dawny blask i wci\u0105\u017c s\u0142u\u017cy\u0107 ch\u0119tnym. Trudno sobie wyobrazi\u0107 by kto\u015b chcia\u0142 spieni\u0119\u017cy\u0107 oznakowanego Jubilata.<\/p>\n<p>W ten oto spos\u00f3b, w\u0142adze Krotoszyna w odwa\u017cny spos\u00f3b zaryzykowa\u0142y i spr\u00f3buj\u0105 przetrze\u0107 szlak. To na nich b\u0119d\u0105 skupione oczy wielu samorz\u0105dowc\u00f3w w Polsce. Temat ju\u017c znalaz\u0142 si\u0119 na antenie TVN24. Projekt ma ruszy\u0107 do ko\u0144ca kwietnia.<\/p>\n<p>http:\/\/www.tvn24.pl\/polska-i-swiat,33,m\/polska-i-swiat-sezon-na-jednoslady,719128.html &#8211; w\u0105tek Krotoszyna od 1:24.<\/p>\n<div id='gallery-1' class='gallery galleryid-3293 gallery-columns-3 gallery-size-thumbnail'><figure class='gallery-item'>\n\t\t\t<div class='gallery-icon landscape'>\n\t\t\t\t<a href='https:\/\/ostrowskatv.pl\/?attachment_id=3300'><img loading=\"lazy\" decoding=\"async\" width=\"150\" height=\"150\" src=\"https:\/\/ostrowskatv.pl\/wp-content\/uploads\/2017\/02\/krotoszynski-rower-07-150x150.jpg\" class=\"attachment-thumbnail size-thumbnail\" alt=\"\" \/><\/a>\n\t\t\t<\/div><\/figure><figure class='gallery-item'>\n\t\t\t<div class='gallery-icon landscape'>\n\t\t\t\t<a href='https:\/\/ostrowskatv.pl\/?attachment_id=3299'><img loading=\"lazy\" decoding=\"async\" width=\"150\" height=\"150\" src=\"https:\/\/ostrowskatv.pl\/wp-content\/uploads\/2017\/02\/krotoszynski-rower-06-150x150.jpg\" class=\"attachment-thumbnail size-thumbnail\" alt=\"\" \/><\/a>\n\t\t\t<\/div><\/figure><figure class='gallery-item'>\n\t\t\t<div class='gallery-icon landscape'>\n\t\t\t\t<a href='https:\/\/ostrowskatv.pl\/?attachment_id=3298'><img loading=\"lazy\" decoding=\"async\" width=\"150\" height=\"150\" src=\"https:\/\/ostrowskatv.pl\/wp-content\/uploads\/2017\/02\/krotoszynski-rower-05-150x150.jpg\" class=\"attachment-thumbnail size-thumbnail\" alt=\"\" \/><\/a>\n\t\t\t<\/div><\/figure><figure class='gallery-item'>\n\t\t\t<div class='gallery-icon landscape'>\n\t\t\t\t<a href='https:\/\/ostrowskatv.pl\/?attachment_id=3297'><img loading=\"lazy\" decoding=\"async\" width=\"150\" height=\"150\" src=\"https:\/\/ostrowskatv.pl\/wp-content\/uploads\/2017\/02\/krotoszynski-rower-04-150x150.jpg\" class=\"attachment-thumbnail size-thumbnail\" alt=\"\" \/><\/a>\n\t\t\t<\/div><\/figure><figure class='gallery-item'>\n\t\t\t<div class='gallery-icon landscape'>\n\t\t\t\t<a href='https:\/\/ostrowskatv.pl\/?attachment_id=3296'><img loading=\"lazy\" decoding=\"async\" width=\"150\" height=\"150\" src=\"https:\/\/ostrowskatv.pl\/wp-content\/uploads\/2017\/02\/krotoszynski-rower-03-150x150.jpg\" class=\"attachment-thumbnail size-thumbnail\" alt=\"\" \/><\/a>\n\t\t\t<\/div><\/figure><figure class='gallery-item'>\n\t\t\t<div class='gallery-icon landscape'>\n\t\t\t\t<a href='https:\/\/ostrowskatv.pl\/?attachment_id=3295'><img loading=\"lazy\" decoding=\"async\" width=\"150\" height=\"150\" src=\"https:\/\/ostrowskatv.pl\/wp-content\/uploads\/2017\/02\/krotoszynski-rower-02-150x150.jpg\" class=\"attachment-thumbnail size-thumbnail\" alt=\"\" \/><\/a>\n\t\t\t<\/div><\/figure><figure class='gallery-item'>\n\t\t\t<div class='gallery-icon landscape'>\n\t\t\t\t<a href='https:\/\/ostrowskatv.pl\/?attachment_id=3294'><img loading=\"lazy\" decoding=\"async\" width=\"150\" height=\"150\" src=\"https:\/\/ostrowskatv.pl\/wp-content\/uploads\/2017\/02\/krotoszynski-rower-01-150x150.jpg\" class=\"attachment-thumbnail size-thumbnail\" alt=\"\" \/><\/a>\n\t\t\t<\/div><\/figure>\n\t\t<\/div>\n\n","protected":false},"excerpt":{"rendered":"Rower Miejski to mo\u017cliwo\u015b\u0107 wynajmowania jedno\u015blad\u00f3w. Ostr\u00f3w Wielkopolski postawi\u0142 na rozwi\u0105zanie profesjonalne. Natomiast s\u0105siedni Krotoszyn nie chc\u0105c wydawa\u0107 co najmniej p\u00f3\u0142 miliona z\u0142otych, \n<a class=\"moretag\" href=\"https:\/\/ostrowskatv.pl\/?p=3293\"> [...]<\/a>","protected":false},"author":1,"featured_media":3298,"comment_status":"open","ping_status":"open","sticky":false,"template":"","format":"standard","meta":{"footnotes":""},"categories":[1],"tags":[100,2],"class_list":["post-3293","post","type-post","status-publish","format-standard","has-post-thumbnail","hentry","category-news","tag-krotoszyn","tag-ostrow-wielkopolski"],"_links":{"self":[{"href":"https:\/\/ostrowskatv.pl\/index.php?rest_route=\/wp\/v2\/posts\/3293","targetHints":{"allow":["GET"]}}],"collection":[{"href":"https:\/\/ostrowskatv.pl\/index.php?rest_route=\/wp\/v2\/posts"}],"about":[{"href":"https:\/\/ostrowskatv.pl\/index.php?rest_route=\/wp\/v2\/types\/post"}],"author":[{"embeddable":true,"href":"https:\/\/ostrowskatv.pl\/index.php?rest_route=\/wp\/v2\/users\/1"}],"replies":[{"embeddable":true,"href":"https:\/\/ostrowskatv.pl\/index.php?rest_route=%2Fwp%2Fv2%2Fcomments&post=3293"}],"version-history":[{"count":0,"href":"https:\/\/ostrowskatv.pl\/index.php?rest_route=\/wp\/v2\/posts\/3293\/revisions"}],"wp:featuredmedia":[{"embeddable":true,"href":"https:\/\/ostrowskatv.pl\/index.php?rest_route=\/wp\/v2\/media\/3298"}],"wp:attachment":[{"href":"https:\/\/ostrowskatv.pl\/index.php?rest_route=%2Fwp%2Fv2%2Fmedia&parent=3293"}],"wp:term":[{"taxonomy":"category","embeddable":true,"href":"https:\/\/ostrowskatv.pl\/index.php?rest_route=%2Fwp%2Fv2%2Fcategories&post=3293"},{"taxonomy":"post_tag","embeddable":true,"href":"https:\/\/ostrowskatv.pl\/index.php?rest_route=%2Fwp%2Fv2%2Ftags&post=3293"}],"curies":[{"name":"wp","href":"https:\/\/api.w.org\/{rel}","templated":true}]}}