{"id":32928,"date":"2025-01-08T19:29:12","date_gmt":"2025-01-08T18:29:12","guid":{"rendered":"https:\/\/ostrowskatv.pl\/?p=32928"},"modified":"2025-01-08T19:29:12","modified_gmt":"2025-01-08T18:29:12","slug":"wyjechala-i-odjechala-ale-wpadla-przez-dobra-pamiec","status":"publish","type":"post","link":"https:\/\/ostrowskatv.pl\/?p=32928","title":{"rendered":"Wyjecha\u0142a i odjecha\u0142a, ale wpad\u0142a przez dobr\u0105 pami\u0119\u0107"},"content":{"rendered":"<p><strong><span style=\"font-size: 1rem;\">W \u015brod\u0119 o godzinie 13 na alei S\u0142owackiego w Ostrowie Wielkopolskim dosz\u0142o do gro\u017anie wygl\u0105daj\u0105cego zdarzenia drogowego, kt\u00f3re mog\u0142o zako\u0144czy\u0107 si\u0119 powa\u017cnymi konsekwencjami.<\/span><\/strong><\/p>\n<p>Zdarzenie mia\u0142o miejsce, gdy kieruj\u0105ca Citroenem wyje\u017cd\u017ca\u0142a z ulicy Kusoci\u0144skiego. Kobieta, zamiast skorzysta\u0107 z pasa rozbiegowego, zacz\u0119\u0142a wje\u017cd\u017ca\u0107 bezpo\u015brednio na g\u0142\u00f3wny pas ruchu, ignoruj\u0105c nadje\u017cd\u017caj\u0105cego Seata. Aby unikn\u0105\u0107 zderzenia, m\u0142ody kierowca Seata podj\u0105\u0142 manewr obronny. Cho\u0107 uda\u0142o mu si\u0119 uchroni\u0107 sprawczyni\u0119 wymuszenia pierwsze\u0144stwa, jego pojazd uderzy\u0142 w bok przeje\u017cd\u017caj\u0105cego obok forda.<\/p>\n<p>Skutki kolizji by\u0142y powa\u017cne \u2013 ford zjecha\u0142 na pas zieleni, gdzie staranowa\u0142 znak drogowy, zanim zatrzyma\u0142 si\u0119 kilkadziesi\u0105t metr\u00f3w dalej. Na miejsce zdarzenia natychmiast wys\u0142ano patrol drog\u00f3wki oraz karetk\u0119 pogotowia ratunkowego. Na szcz\u0119\u015bcie, poza uszkodzeniami dw\u00f3ch pojazd\u00f3w, nikt z uczestnik\u00f3w zdarzenia nie odni\u00f3s\u0142 obra\u017ce\u0144.<\/p>\n<p>Zar\u00f3wno kierowca Seata, jak i jego pasa\u017cer wykazali si\u0119 czujno\u015bci\u0105, zapami\u0119tuj\u0105c numery rejestracyjne samochodu sprawczyni. Dzi\u0119ki temu drugi patrol policji szybko zlokalizowa\u0142em miejsce jej pobytu. Przyjazd funkcjonariuszy do mieszkanki Biskupic O\u0142obocznych wywo\u0142a\u0142 u kobiety du\u017cy stres \u2013 by\u0142a zmuszona zorganizowa\u0107 sobie innego kierowc\u0119, aby uda\u0107 si\u0119 z policj\u0105 na miejsce zdarzenia. Ostatecznie zosta\u0142a rozliczona za swoje przewinienie.<\/p>\n<p>To zdarzenie jest kolejnym przypomnieniem o konieczno\u015bci zachowania ostro\u017cno\u015bci na drodze oraz respektowania zasad pierwsze\u0144stwa. Dzi\u0119ki odpowiedzialnemu zachowaniu m\u0142odego kierowcy Seata uda\u0142o si\u0119 unikn\u0105\u0107 powa\u017cniejszych konsekwencji. Policja apeluje do wszystkich uczestnik\u00f3w ruchu drogowego o rozwag\u0119 i odpowiedzialne korzystanie z dr\u00f3g.<\/p>\n<p><img loading=\"lazy\" decoding=\"async\" src=\"https:\/\/ostrowskatv.pl\/wp-content\/uploads\/2025\/01\/1000122409.jpg\" alt=\"\" width=\"1920\" height=\"1081\" class=\"alignnone size-full wp-image-32929\" srcset=\"https:\/\/ostrowskatv.pl\/wp-content\/uploads\/2025\/01\/1000122409.jpg 1920w, https:\/\/ostrowskatv.pl\/wp-content\/uploads\/2025\/01\/1000122409-300x169.jpg 300w, https:\/\/ostrowskatv.pl\/wp-content\/uploads\/2025\/01\/1000122409-1333x751.jpg 1333w, https:\/\/ostrowskatv.pl\/wp-content\/uploads\/2025\/01\/1000122409-1536x865.jpg 1536w\" sizes=\"auto, (max-width: 1920px) 100vw, 1920px\" \/><\/p>\n<p><img loading=\"lazy\" decoding=\"async\" src=\"https:\/\/ostrowskatv.pl\/wp-content\/uploads\/2025\/01\/1000122404.jpg\" alt=\"\" width=\"1919\" height=\"982\" class=\"alignnone size-full wp-image-32930\" srcset=\"https:\/\/ostrowskatv.pl\/wp-content\/uploads\/2025\/01\/1000122404.jpg 1919w, https:\/\/ostrowskatv.pl\/wp-content\/uploads\/2025\/01\/1000122404-300x154.jpg 300w, https:\/\/ostrowskatv.pl\/wp-content\/uploads\/2025\/01\/1000122404-1333x682.jpg 1333w, https:\/\/ostrowskatv.pl\/wp-content\/uploads\/2025\/01\/1000122404-1536x786.jpg 1536w\" sizes=\"auto, (max-width: 1919px) 100vw, 1919px\" \/><\/p>\n<p><img loading=\"lazy\" decoding=\"async\" src=\"https:\/\/ostrowskatv.pl\/wp-content\/uploads\/2025\/01\/1000122399.jpg\" alt=\"\" width=\"1920\" height=\"1509\" class=\"alignnone size-full wp-image-32931\" srcset=\"https:\/\/ostrowskatv.pl\/wp-content\/uploads\/2025\/01\/1000122399.jpg 1920w, https:\/\/ostrowskatv.pl\/wp-content\/uploads\/2025\/01\/1000122399-300x236.jpg 300w, https:\/\/ostrowskatv.pl\/wp-content\/uploads\/2025\/01\/1000122399-1333x1048.jpg 1333w, https:\/\/ostrowskatv.pl\/wp-content\/uploads\/2025\/01\/1000122399-1536x1207.jpg 1536w\" sizes=\"auto, (max-width: 1920px) 100vw, 1920px\" \/><\/p>\n<p><img loading=\"lazy\" decoding=\"async\" src=\"https:\/\/ostrowskatv.pl\/wp-content\/uploads\/2025\/01\/1000122398.jpg\" alt=\"\" width=\"1920\" height=\"1250\" class=\"alignnone size-full wp-image-32932\" srcset=\"https:\/\/ostrowskatv.pl\/wp-content\/uploads\/2025\/01\/1000122398.jpg 1920w, https:\/\/ostrowskatv.pl\/wp-content\/uploads\/2025\/01\/1000122398-300x195.jpg 300w, https:\/\/ostrowskatv.pl\/wp-content\/uploads\/2025\/01\/1000122398-1333x868.jpg 1333w, https:\/\/ostrowskatv.pl\/wp-content\/uploads\/2025\/01\/1000122398-1536x1000.jpg 1536w\" sizes=\"auto, (max-width: 1920px) 100vw, 1920px\" \/><\/p>\n<p><img loading=\"lazy\" decoding=\"async\" src=\"https:\/\/ostrowskatv.pl\/wp-content\/uploads\/2025\/01\/1000122397.jpg\" alt=\"\" width=\"1920\" height=\"896\" class=\"alignnone size-full wp-image-32933\" srcset=\"https:\/\/ostrowskatv.pl\/wp-content\/uploads\/2025\/01\/1000122397.jpg 1920w, https:\/\/ostrowskatv.pl\/wp-content\/uploads\/2025\/01\/1000122397-300x140.jpg 300w, https:\/\/ostrowskatv.pl\/wp-content\/uploads\/2025\/01\/1000122397-1333x622.jpg 1333w, https:\/\/ostrowskatv.pl\/wp-content\/uploads\/2025\/01\/1000122397-1536x717.jpg 1536w\" sizes=\"auto, (max-width: 1920px) 100vw, 1920px\" \/><\/p>\n<p><img loading=\"lazy\" decoding=\"async\" src=\"https:\/\/ostrowskatv.pl\/wp-content\/uploads\/2025\/01\/1000122394.jpg\" alt=\"\" width=\"1920\" height=\"1012\" class=\"alignnone size-full wp-image-32934\" srcset=\"https:\/\/ostrowskatv.pl\/wp-content\/uploads\/2025\/01\/1000122394.jpg 1920w, https:\/\/ostrowskatv.pl\/wp-content\/uploads\/2025\/01\/1000122394-300x158.jpg 300w, https:\/\/ostrowskatv.pl\/wp-content\/uploads\/2025\/01\/1000122394-1333x703.jpg 1333w, https:\/\/ostrowskatv.pl\/wp-content\/uploads\/2025\/01\/1000122394-1536x810.jpg 1536w\" sizes=\"auto, (max-width: 1920px) 100vw, 1920px\" \/><\/p>\n<p><img loading=\"lazy\" decoding=\"async\" src=\"https:\/\/ostrowskatv.pl\/wp-content\/uploads\/2025\/01\/1000122393.jpg\" alt=\"\" width=\"1920\" height=\"1061\" class=\"alignnone size-full wp-image-32935\" srcset=\"https:\/\/ostrowskatv.pl\/wp-content\/uploads\/2025\/01\/1000122393.jpg 1920w, https:\/\/ostrowskatv.pl\/wp-content\/uploads\/2025\/01\/1000122393-300x166.jpg 300w, https:\/\/ostrowskatv.pl\/wp-content\/uploads\/2025\/01\/1000122393-1333x737.jpg 1333w, https:\/\/ostrowskatv.pl\/wp-content\/uploads\/2025\/01\/1000122393-1536x849.jpg 1536w\" sizes=\"auto, (max-width: 1920px) 100vw, 1920px\" \/><\/p>\n<p><img loading=\"lazy\" decoding=\"async\" src=\"https:\/\/ostrowskatv.pl\/wp-content\/uploads\/2025\/01\/1000122391.jpg\" alt=\"\" width=\"1920\" height=\"1081\" class=\"alignnone size-full wp-image-32936\" srcset=\"https:\/\/ostrowskatv.pl\/wp-content\/uploads\/2025\/01\/1000122391.jpg 1920w, https:\/\/ostrowskatv.pl\/wp-content\/uploads\/2025\/01\/1000122391-300x169.jpg 300w, https:\/\/ostrowskatv.pl\/wp-content\/uploads\/2025\/01\/1000122391-1333x751.jpg 1333w, https:\/\/ostrowskatv.pl\/wp-content\/uploads\/2025\/01\/1000122391-1536x865.jpg 1536w\" sizes=\"auto, (max-width: 1920px) 100vw, 1920px\" \/><\/p>\n","protected":false},"excerpt":{"rendered":"W \u015brod\u0119 o godzinie 13 na alei S\u0142owackiego w Ostrowie Wielkopolskim dosz\u0142o do gro\u017anie wygl\u0105daj\u0105cego zdarzenia drogowego, kt\u00f3re mog\u0142o zako\u0144czy\u0107 si\u0119 powa\u017cnymi konsekwencjami. \n<a class=\"moretag\" href=\"https:\/\/ostrowskatv.pl\/?p=32928\"> [...]<\/a>","protected":false},"author":1,"featured_media":32929,"comment_status":"open","ping_status":"closed","sticky":false,"template":"","format":"standard","meta":{"footnotes":""},"categories":[1],"tags":[288,48,2],"class_list":["post-32928","post","type-post","status-publish","format-standard","has-post-thumbnail","hentry","category-news","tag-al-slowackiego","tag-kolizja","tag-ostrow-wielkopolski"],"_links":{"self":[{"href":"https:\/\/ostrowskatv.pl\/index.php?rest_route=\/wp\/v2\/posts\/32928","targetHints":{"allow":["GET"]}}],"collection":[{"href":"https:\/\/ostrowskatv.pl\/index.php?rest_route=\/wp\/v2\/posts"}],"about":[{"href":"https:\/\/ostrowskatv.pl\/index.php?rest_route=\/wp\/v2\/types\/post"}],"author":[{"embeddable":true,"href":"https:\/\/ostrowskatv.pl\/index.php?rest_route=\/wp\/v2\/users\/1"}],"replies":[{"embeddable":true,"href":"https:\/\/ostrowskatv.pl\/index.php?rest_route=%2Fwp%2Fv2%2Fcomments&post=32928"}],"version-history":[{"count":1,"href":"https:\/\/ostrowskatv.pl\/index.php?rest_route=\/wp\/v2\/posts\/32928\/revisions"}],"predecessor-version":[{"id":32937,"href":"https:\/\/ostrowskatv.pl\/index.php?rest_route=\/wp\/v2\/posts\/32928\/revisions\/32937"}],"wp:featuredmedia":[{"embeddable":true,"href":"https:\/\/ostrowskatv.pl\/index.php?rest_route=\/wp\/v2\/media\/32929"}],"wp:attachment":[{"href":"https:\/\/ostrowskatv.pl\/index.php?rest_route=%2Fwp%2Fv2%2Fmedia&parent=32928"}],"wp:term":[{"taxonomy":"category","embeddable":true,"href":"https:\/\/ostrowskatv.pl\/index.php?rest_route=%2Fwp%2Fv2%2Fcategories&post=32928"},{"taxonomy":"post_tag","embeddable":true,"href":"https:\/\/ostrowskatv.pl\/index.php?rest_route=%2Fwp%2Fv2%2Ftags&post=32928"}],"curies":[{"name":"wp","href":"https:\/\/api.w.org\/{rel}","templated":true}]}}