{"id":32902,"date":"2025-01-07T07:27:31","date_gmt":"2025-01-07T06:27:31","guid":{"rendered":"https:\/\/ostrowskatv.pl\/?p=32902"},"modified":"2025-01-07T07:27:31","modified_gmt":"2025-01-07T06:27:31","slug":"potracenie-na-krotoszynskiej-sa-utrudnienia-zdjecia","status":"publish","type":"post","link":"https:\/\/ostrowskatv.pl\/?p=32902","title":{"rendered":"Potr\u0105cenie na Krotoszy\u0144skiej. S\u0105 utrudnienia (ZDJ\u0118CIA)"},"content":{"rendered":"<h3><span style=\"font-family: 'Source Sans Pro', sans-serif; font-size: 1rem;\">W \u015brodowy poranek, chwil\u0119 przed godzin\u0105 7, dosz\u0142o do powa\u017cnego wypadku na przej\u015bciu dla pieszych w rejonie skrzy\u017cowania ulic Krotoszy\u0144skiej i Traugutta w Ostrowie Wielkopolskim. Oko\u0142o 50-letni m\u0119\u017cczyzna zosta\u0142 potr\u0105cony przez ci\u0119\u017car\u00f3wk\u0119 marki Scania prowadzon\u0105 przez oko\u0142o 40-letniego mieszka\u0144ca powiatu krotoszy\u0144skiego.<\/span><\/h3>\n<h4>Okoliczno\u015bci zdarzenia<\/h4>\n<p>Do wypadku dosz\u0142o w trudnych warunkach atmosferycznych \u2013 na zewn\u0105trz by\u0142o ciemno, a lekki deszcz ogranicza\u0142 widoczno\u015b\u0107. Poszkodowany m\u0119\u017cczyzna, ubrany na czarno i nieposiadaj\u0105cy element\u00f3w odblaskowych, wszed\u0142 na przej\u015bcie dla pieszych. Kierowca ci\u0119\u017car\u00f3wki nie zauwa\u017cy\u0142 pieszego i dosz\u0142o do potr\u0105cenia.<\/p>\n<h4>Stan poszkodowanego<\/h4>\n<p>M\u0119\u017cczyzna dozna\u0142 urazu g\u0142owy, jednak w momencie przybycia s\u0142u\u017cb ratunkowych by\u0142 przytomny. Na miejsce zdarzenia natychmiast wezwano karetk\u0119 pogotowia oraz patrol drog\u00f3wki. Ze wzgl\u0119du na utrudnienia w ruchu, do pomocy skierowano r\u00f3wnie\u017c stra\u017c po\u017carn\u0105.<\/p>\n<h4>Utrudnienia w ruchu<\/h4>\n<p>W zwi\u0105zku z prowadzonymi dzia\u0142aniami ratowniczymi i policyjnymi ruch w rejonie wypadku odbywa si\u0119 wahad\u0142owo. Dodatkowy patrol policji oraz stra\u017cacy pomagaj\u0105 w zarz\u0105dzaniu sytuacj\u0105 na drodze.<\/p>\n<h4>Apel do kierowc\u00f3w i pieszych<\/h4>\n<p>Wypadek ten przypomina o konieczno\u015bci zachowania ostro\u017cno\u015bci zar\u00f3wno przez kierowc\u00f3w, jak i pieszych. Noszenie odblask\u00f3w, zw\u0142aszcza w warunkach ograniczonej widoczno\u015bci, mo\u017ce znacz\u0105co poprawi\u0107 bezpiecze\u0144stwo na drodze. Kierowcy powinni natomiast dostosowa\u0107 pr\u0119dko\u015b\u0107 do warunk\u00f3w pogodowych i zachowa\u0107 szczeg\u00f3ln\u0105 czujno\u015b\u0107 w rejonie przej\u015b\u0107 dla pieszych.<\/p>\n<p><img loading=\"lazy\" decoding=\"async\" src=\"https:\/\/ostrowskatv.pl\/wp-content\/uploads\/2025\/01\/1000122000.jpg\" alt=\"\" width=\"1920\" height=\"1081\" class=\"alignnone size-full wp-image-32903\" srcset=\"https:\/\/ostrowskatv.pl\/wp-content\/uploads\/2025\/01\/1000122000.jpg 1920w, https:\/\/ostrowskatv.pl\/wp-content\/uploads\/2025\/01\/1000122000-300x169.jpg 300w, https:\/\/ostrowskatv.pl\/wp-content\/uploads\/2025\/01\/1000122000-1333x751.jpg 1333w, https:\/\/ostrowskatv.pl\/wp-content\/uploads\/2025\/01\/1000122000-1536x865.jpg 1536w\" sizes=\"auto, (max-width: 1920px) 100vw, 1920px\" \/><\/p>\n<p><img loading=\"lazy\" decoding=\"async\" src=\"https:\/\/ostrowskatv.pl\/wp-content\/uploads\/2025\/01\/1000121999.jpg\" alt=\"\" width=\"1920\" height=\"1081\" class=\"alignnone size-full wp-image-32904\" srcset=\"https:\/\/ostrowskatv.pl\/wp-content\/uploads\/2025\/01\/1000121999.jpg 1920w, https:\/\/ostrowskatv.pl\/wp-content\/uploads\/2025\/01\/1000121999-300x169.jpg 300w, https:\/\/ostrowskatv.pl\/wp-content\/uploads\/2025\/01\/1000121999-1333x751.jpg 1333w, https:\/\/ostrowskatv.pl\/wp-content\/uploads\/2025\/01\/1000121999-1536x865.jpg 1536w\" sizes=\"auto, (max-width: 1920px) 100vw, 1920px\" \/><\/p>\n<p><img loading=\"lazy\" decoding=\"async\" src=\"https:\/\/ostrowskatv.pl\/wp-content\/uploads\/2025\/01\/1000121998.jpg\" alt=\"\" width=\"1920\" height=\"1081\" class=\"alignnone size-full wp-image-32905\" srcset=\"https:\/\/ostrowskatv.pl\/wp-content\/uploads\/2025\/01\/1000121998.jpg 1920w, https:\/\/ostrowskatv.pl\/wp-content\/uploads\/2025\/01\/1000121998-300x169.jpg 300w, https:\/\/ostrowskatv.pl\/wp-content\/uploads\/2025\/01\/1000121998-1333x751.jpg 1333w, https:\/\/ostrowskatv.pl\/wp-content\/uploads\/2025\/01\/1000121998-1536x865.jpg 1536w\" sizes=\"auto, (max-width: 1920px) 100vw, 1920px\" \/><\/p>\n<p><img loading=\"lazy\" decoding=\"async\" src=\"https:\/\/ostrowskatv.pl\/wp-content\/uploads\/2025\/01\/1000121997.jpg\" alt=\"\" width=\"1920\" height=\"1081\" class=\"alignnone size-full wp-image-32906\" srcset=\"https:\/\/ostrowskatv.pl\/wp-content\/uploads\/2025\/01\/1000121997.jpg 1920w, https:\/\/ostrowskatv.pl\/wp-content\/uploads\/2025\/01\/1000121997-300x169.jpg 300w, https:\/\/ostrowskatv.pl\/wp-content\/uploads\/2025\/01\/1000121997-1333x751.jpg 1333w, https:\/\/ostrowskatv.pl\/wp-content\/uploads\/2025\/01\/1000121997-1536x865.jpg 1536w\" sizes=\"auto, (max-width: 1920px) 100vw, 1920px\" \/><\/p>\n<p><img loading=\"lazy\" decoding=\"async\" src=\"https:\/\/ostrowskatv.pl\/wp-content\/uploads\/2025\/01\/1000121996.jpg\" alt=\"\" width=\"1920\" height=\"1081\" class=\"alignnone size-full wp-image-32907\" srcset=\"https:\/\/ostrowskatv.pl\/wp-content\/uploads\/2025\/01\/1000121996.jpg 1920w, https:\/\/ostrowskatv.pl\/wp-content\/uploads\/2025\/01\/1000121996-300x169.jpg 300w, https:\/\/ostrowskatv.pl\/wp-content\/uploads\/2025\/01\/1000121996-1333x751.jpg 1333w, https:\/\/ostrowskatv.pl\/wp-content\/uploads\/2025\/01\/1000121996-1536x865.jpg 1536w\" sizes=\"auto, (max-width: 1920px) 100vw, 1920px\" \/><\/p>\n<p><img loading=\"lazy\" decoding=\"async\" src=\"https:\/\/ostrowskatv.pl\/wp-content\/uploads\/2025\/01\/1000121994.jpg\" alt=\"\" width=\"1920\" height=\"1232\" class=\"alignnone size-full wp-image-32908\" srcset=\"https:\/\/ostrowskatv.pl\/wp-content\/uploads\/2025\/01\/1000121994.jpg 1920w, https:\/\/ostrowskatv.pl\/wp-content\/uploads\/2025\/01\/1000121994-300x193.jpg 300w, https:\/\/ostrowskatv.pl\/wp-content\/uploads\/2025\/01\/1000121994-1333x855.jpg 1333w, https:\/\/ostrowskatv.pl\/wp-content\/uploads\/2025\/01\/1000121994-1536x986.jpg 1536w\" sizes=\"auto, (max-width: 1920px) 100vw, 1920px\" \/><\/p>\n<p><img loading=\"lazy\" decoding=\"async\" src=\"https:\/\/ostrowskatv.pl\/wp-content\/uploads\/2025\/01\/1000121993.jpg\" alt=\"\" width=\"1920\" height=\"1081\" class=\"alignnone size-full wp-image-32909\" srcset=\"https:\/\/ostrowskatv.pl\/wp-content\/uploads\/2025\/01\/1000121993.jpg 1920w, https:\/\/ostrowskatv.pl\/wp-content\/uploads\/2025\/01\/1000121993-300x169.jpg 300w, https:\/\/ostrowskatv.pl\/wp-content\/uploads\/2025\/01\/1000121993-1333x751.jpg 1333w, https:\/\/ostrowskatv.pl\/wp-content\/uploads\/2025\/01\/1000121993-1536x865.jpg 1536w\" sizes=\"auto, (max-width: 1920px) 100vw, 1920px\" \/><\/p>\n<p><img loading=\"lazy\" decoding=\"async\" src=\"https:\/\/ostrowskatv.pl\/wp-content\/uploads\/2025\/01\/1000121992.jpg\" alt=\"\" width=\"1920\" height=\"881\" class=\"alignnone size-full wp-image-32910\" srcset=\"https:\/\/ostrowskatv.pl\/wp-content\/uploads\/2025\/01\/1000121992.jpg 1920w, https:\/\/ostrowskatv.pl\/wp-content\/uploads\/2025\/01\/1000121992-300x138.jpg 300w, https:\/\/ostrowskatv.pl\/wp-content\/uploads\/2025\/01\/1000121992-1333x612.jpg 1333w, https:\/\/ostrowskatv.pl\/wp-content\/uploads\/2025\/01\/1000121992-1536x705.jpg 1536w\" sizes=\"auto, (max-width: 1920px) 100vw, 1920px\" \/><\/p>\n","protected":false},"excerpt":{"rendered":"W \u015brodowy poranek, chwil\u0119 przed godzin\u0105 7, dosz\u0142o do powa\u017cnego wypadku na przej\u015bciu dla pieszych w rejonie skrzy\u017cowania ulic Krotoszy\u0144skiej i Traugutta w \n<a class=\"moretag\" href=\"https:\/\/ostrowskatv.pl\/?p=32902\"> [...]<\/a>","protected":false},"author":1,"featured_media":32909,"comment_status":"open","ping_status":"closed","sticky":false,"template":"","format":"standard","meta":{"footnotes":""},"categories":[1],"tags":[2],"class_list":["post-32902","post","type-post","status-publish","format-standard","has-post-thumbnail","hentry","category-news","tag-ostrow-wielkopolski"],"_links":{"self":[{"href":"https:\/\/ostrowskatv.pl\/index.php?rest_route=\/wp\/v2\/posts\/32902","targetHints":{"allow":["GET"]}}],"collection":[{"href":"https:\/\/ostrowskatv.pl\/index.php?rest_route=\/wp\/v2\/posts"}],"about":[{"href":"https:\/\/ostrowskatv.pl\/index.php?rest_route=\/wp\/v2\/types\/post"}],"author":[{"embeddable":true,"href":"https:\/\/ostrowskatv.pl\/index.php?rest_route=\/wp\/v2\/users\/1"}],"replies":[{"embeddable":true,"href":"https:\/\/ostrowskatv.pl\/index.php?rest_route=%2Fwp%2Fv2%2Fcomments&post=32902"}],"version-history":[{"count":1,"href":"https:\/\/ostrowskatv.pl\/index.php?rest_route=\/wp\/v2\/posts\/32902\/revisions"}],"predecessor-version":[{"id":32911,"href":"https:\/\/ostrowskatv.pl\/index.php?rest_route=\/wp\/v2\/posts\/32902\/revisions\/32911"}],"wp:featuredmedia":[{"embeddable":true,"href":"https:\/\/ostrowskatv.pl\/index.php?rest_route=\/wp\/v2\/media\/32909"}],"wp:attachment":[{"href":"https:\/\/ostrowskatv.pl\/index.php?rest_route=%2Fwp%2Fv2%2Fmedia&parent=32902"}],"wp:term":[{"taxonomy":"category","embeddable":true,"href":"https:\/\/ostrowskatv.pl\/index.php?rest_route=%2Fwp%2Fv2%2Fcategories&post=32902"},{"taxonomy":"post_tag","embeddable":true,"href":"https:\/\/ostrowskatv.pl\/index.php?rest_route=%2Fwp%2Fv2%2Ftags&post=32902"}],"curies":[{"name":"wp","href":"https:\/\/api.w.org\/{rel}","templated":true}]}}