{"id":32841,"date":"2025-01-06T10:46:05","date_gmt":"2025-01-06T09:46:05","guid":{"rendered":"https:\/\/ostrowskatv.pl\/?p=32841"},"modified":"2025-01-06T10:46:05","modified_gmt":"2025-01-06T09:46:05","slug":"wlamanie-do-zakladu-pogrzebowego-zdjecia","status":"publish","type":"post","link":"https:\/\/ostrowskatv.pl\/?p=32841","title":{"rendered":"W\u0142amanie do zak\u0142adu pogrzebowego (ZDJ\u0118CIA)"},"content":{"rendered":"<p><strong>W \u015bwi\u0105teczny poniedzia\u0142ek dosz\u0142o do niecodziennego i niepokoj\u0105cego zdarzenia w jednym z zak\u0142ad\u00f3w pogrzebowych. Pracownik firmy prze\u017cy\u0142 chwile grozy, gdy zauwa\u017cy\u0142, \u017ce szyba w drzwiach wej\u015bciowych zosta\u0142a wybita, a wewn\u0105trz budynku widoczne by\u0142y \u015blady czyjej\u015b obecno\u015bci. Cho\u0107 na pierwszy rzut oka sytuacja mog\u0142aby przywodzi\u0107 na my\u015bl historie o duchach, wszystko wskazuje na w\u0142amanie.<\/strong><\/p>\n<p>Policja zosta\u0142a niezw\u0142ocznie powiadomiona i przyst\u0105pi\u0142a do dzia\u0142a\u0144. Funkcjonariusze rozpocz\u0119li zabezpieczanie \u015blad\u00f3w, w tym odcisk\u00f3w palc\u00f3w oraz innych dowod\u00f3w, kt\u00f3re mog\u0142y pozostawi\u0107 osoby odpowiedzialne za zdarzenie. Dodatkowo \u015bledczy analizuj\u0105 nagrania z pobliskich kamer monitoringu, kt\u00f3re mog\u0105 pom\u00f3c w identyfikacji sprawcy.<\/p>\n<p>Na ten moment nie jest jasne, co dok\u0142adnie zosta\u0142o skradzione z pomieszcze\u0144 biurowych zak\u0142adu pogrzebowego.<\/p>\n<h3>Brak systemu zabezpiecze\u0144<\/h3>\n<p>W ca\u0142ej sytuacji zaskakuje fakt, \u017ce odnowiony budynek zak\u0142adu nie by\u0142 wyposa\u017cony w system alarmowy ani monitoring. Takie \u015brodki bezpiecze\u0144stwa mog\u0142yby skutecznie zapobiec w\u0142amaniu lub przynajmniej u\u0142atwi\u0107 szybk\u0105 interwencj\u0119 s\u0142u\u017cb.<\/p>\n<p>Koszty takiego wyposa\u017cenia nie s\u0105 obecnie wyg\u00f3rowane. Kamera z funkcj\u0105 wykrywania ruchu i automatycznego powiadamiania w\u0142a\u015bciciela to wydatek rz\u0119du <strong>250 z\u0142otych<\/strong>, a wersje wewn\u0119trzne mo\u017cna kupi\u0107 ju\u017c za oko\u0142o <strong>150 z\u0142otych<\/strong>.<\/p>\n<h3>Wnioski na przysz\u0142o\u015b\u0107<\/h3>\n<p>To zdarzenie przypomina, jak wa\u017cne jest odpowiednie zabezpieczenie mienia. Warto by\u0107 m\u0105drym przed szkod\u0105 \u2013 inwestycja w podstawowe systemy alarmowe mo\u017ce oszcz\u0119dzi\u0107 nie tylko nerwy, ale i potencjalne straty materialne.<\/p>\n<p>Sprawa w\u0142amania do zak\u0142adu pogrzebowego pokazuje, \u017ce nawet miejsca o szczeg\u00f3lnym charakterze nie s\u0105 wolne od zagro\u017ce\u0144. Pozostaje mie\u0107 nadziej\u0119, \u017ce \u015bledztwo szybko przyniesie odpowiedzi, a sprawca zostanie zatrzymany.<\/p>\n<p><img loading=\"lazy\" decoding=\"async\" class=\"alignnone size-full wp-image-32842\" src=\"https:\/\/ostrowskatv.pl\/wp-content\/uploads\/2025\/01\/1000121776.jpg\" alt=\"\" width=\"1920\" height=\"975\" srcset=\"https:\/\/ostrowskatv.pl\/wp-content\/uploads\/2025\/01\/1000121776.jpg 1920w, https:\/\/ostrowskatv.pl\/wp-content\/uploads\/2025\/01\/1000121776-300x152.jpg 300w, https:\/\/ostrowskatv.pl\/wp-content\/uploads\/2025\/01\/1000121776-1333x677.jpg 1333w, https:\/\/ostrowskatv.pl\/wp-content\/uploads\/2025\/01\/1000121776-1536x780.jpg 1536w\" sizes=\"auto, (max-width: 1920px) 100vw, 1920px\" \/><\/p>\n<p><img loading=\"lazy\" decoding=\"async\" class=\"alignnone size-full wp-image-32843\" src=\"https:\/\/ostrowskatv.pl\/wp-content\/uploads\/2025\/01\/1000121775.jpg\" alt=\"\" width=\"1920\" height=\"1081\" srcset=\"https:\/\/ostrowskatv.pl\/wp-content\/uploads\/2025\/01\/1000121775.jpg 1920w, https:\/\/ostrowskatv.pl\/wp-content\/uploads\/2025\/01\/1000121775-300x169.jpg 300w, https:\/\/ostrowskatv.pl\/wp-content\/uploads\/2025\/01\/1000121775-1333x751.jpg 1333w, https:\/\/ostrowskatv.pl\/wp-content\/uploads\/2025\/01\/1000121775-1536x865.jpg 1536w\" sizes=\"auto, (max-width: 1920px) 100vw, 1920px\" \/><\/p>\n<p><img loading=\"lazy\" decoding=\"async\" class=\"alignnone size-full wp-image-32844\" src=\"https:\/\/ostrowskatv.pl\/wp-content\/uploads\/2025\/01\/1000121773.jpg\" alt=\"\" width=\"1920\" height=\"1081\" srcset=\"https:\/\/ostrowskatv.pl\/wp-content\/uploads\/2025\/01\/1000121773.jpg 1920w, https:\/\/ostrowskatv.pl\/wp-content\/uploads\/2025\/01\/1000121773-300x169.jpg 300w, https:\/\/ostrowskatv.pl\/wp-content\/uploads\/2025\/01\/1000121773-1333x751.jpg 1333w, https:\/\/ostrowskatv.pl\/wp-content\/uploads\/2025\/01\/1000121773-1536x865.jpg 1536w\" sizes=\"auto, (max-width: 1920px) 100vw, 1920px\" \/><\/p>\n<p><img loading=\"lazy\" decoding=\"async\" class=\"alignnone size-full wp-image-32845\" src=\"https:\/\/ostrowskatv.pl\/wp-content\/uploads\/2025\/01\/1000121772.jpg\" alt=\"\" width=\"1920\" height=\"1081\" srcset=\"https:\/\/ostrowskatv.pl\/wp-content\/uploads\/2025\/01\/1000121772.jpg 1920w, https:\/\/ostrowskatv.pl\/wp-content\/uploads\/2025\/01\/1000121772-300x169.jpg 300w, https:\/\/ostrowskatv.pl\/wp-content\/uploads\/2025\/01\/1000121772-1333x751.jpg 1333w, https:\/\/ostrowskatv.pl\/wp-content\/uploads\/2025\/01\/1000121772-1536x865.jpg 1536w\" sizes=\"auto, (max-width: 1920px) 100vw, 1920px\" \/><\/p>\n","protected":false},"excerpt":{"rendered":"W \u015bwi\u0105teczny poniedzia\u0142ek dosz\u0142o do niecodziennego i niepokoj\u0105cego zdarzenia w jednym z zak\u0142ad\u00f3w pogrzebowych. Pracownik firmy prze\u017cy\u0142 chwile grozy, gdy zauwa\u017cy\u0142, \u017ce szyba \n<a class=\"moretag\" href=\"https:\/\/ostrowskatv.pl\/?p=32841\"> [...]<\/a>","protected":false},"author":1,"featured_media":32843,"comment_status":"open","ping_status":"closed","sticky":false,"template":"","format":"standard","meta":{"footnotes":""},"categories":[1],"tags":[2],"class_list":["post-32841","post","type-post","status-publish","format-standard","has-post-thumbnail","hentry","category-news","tag-ostrow-wielkopolski"],"_links":{"self":[{"href":"https:\/\/ostrowskatv.pl\/index.php?rest_route=\/wp\/v2\/posts\/32841","targetHints":{"allow":["GET"]}}],"collection":[{"href":"https:\/\/ostrowskatv.pl\/index.php?rest_route=\/wp\/v2\/posts"}],"about":[{"href":"https:\/\/ostrowskatv.pl\/index.php?rest_route=\/wp\/v2\/types\/post"}],"author":[{"embeddable":true,"href":"https:\/\/ostrowskatv.pl\/index.php?rest_route=\/wp\/v2\/users\/1"}],"replies":[{"embeddable":true,"href":"https:\/\/ostrowskatv.pl\/index.php?rest_route=%2Fwp%2Fv2%2Fcomments&post=32841"}],"version-history":[{"count":4,"href":"https:\/\/ostrowskatv.pl\/index.php?rest_route=\/wp\/v2\/posts\/32841\/revisions"}],"predecessor-version":[{"id":32850,"href":"https:\/\/ostrowskatv.pl\/index.php?rest_route=\/wp\/v2\/posts\/32841\/revisions\/32850"}],"wp:featuredmedia":[{"embeddable":true,"href":"https:\/\/ostrowskatv.pl\/index.php?rest_route=\/wp\/v2\/media\/32843"}],"wp:attachment":[{"href":"https:\/\/ostrowskatv.pl\/index.php?rest_route=%2Fwp%2Fv2%2Fmedia&parent=32841"}],"wp:term":[{"taxonomy":"category","embeddable":true,"href":"https:\/\/ostrowskatv.pl\/index.php?rest_route=%2Fwp%2Fv2%2Fcategories&post=32841"},{"taxonomy":"post_tag","embeddable":true,"href":"https:\/\/ostrowskatv.pl\/index.php?rest_route=%2Fwp%2Fv2%2Ftags&post=32841"}],"curies":[{"name":"wp","href":"https:\/\/api.w.org\/{rel}","templated":true}]}}