{"id":32831,"date":"2025-01-04T00:20:26","date_gmt":"2025-01-03T23:20:26","guid":{"rendered":"https:\/\/ostrowskatv.pl\/?p=32831"},"modified":"2025-01-04T00:20:26","modified_gmt":"2025-01-03T23:20:26","slug":"atak-sniezycy-sparalizowal-region-trudne-warunki-na-drogach","status":"publish","type":"post","link":"https:\/\/ostrowskatv.pl\/?p=32831","title":{"rendered":"Atak \u015bnie\u017cycy sparali\u017cowa\u0142 region \u2013 trudne warunki na drogach"},"content":{"rendered":"<p><strong>W pi\u0105tkowy wiecz\u00f3r, oko\u0142o godziny 19, przez region przetoczy\u0142 si\u0119 gwa\u0142towny atak \u015bnie\u017cycy, kt\u00f3remu towarzyszy\u0142y sporadyczne wy\u0142adowania atmosferyczne. Cho\u0107 krajobraz zyska\u0142 zimowy urok pokryty bia\u0142ym puchem, warunki na drogach sta\u0142y si\u0119 dramatycznie trudne. Asfalt zamieni\u0142 si\u0119 w lodowisko, a kierowcy musieli zmierzy\u0107 si\u0119 z niebezpiecznymi sytuacjami na trasach.<\/strong><\/p>\n<h4>Powolny ruch i ryzyko na drogach<\/h4>\n<p>Z uwagi na oblodzenie wi\u0119kszo\u015b\u0107 kierowc\u00f3w porusza\u0142a si\u0119 z pr\u0119dko\u015bci\u0105 20-30 km\/h, pr\u00f3buj\u0105c zachowa\u0107 bezpiecze\u0144stwo. Niestety, ci, kt\u00f3rzy zaryzykowali szybsz\u0105 jazd\u0119, cz\u0119sto tracili panowanie nad pojazdami. Do kilku takich incydent\u00f3w dosz\u0142o na trasie Ostr\u00f3w Wielkopolski &#8211; Krotoszyn. W szczeg\u00f3lnie trudnych warunkach kilka ci\u0119\u017car\u00f3wek \u201ez\u0142ama\u0142o si\u0119\u201d, blokuj\u0105c g\u0142\u00f3wn\u0105 drog\u0119. Sytuacj\u0119 uratowali okoliczni mieszka\u0144cy, kt\u00f3rzy dzi\u0119ki odpowiedniemu sprz\u0119towi pomagali wyprostowa\u0107 pojazdy, umo\u017cliwiaj\u0105c ich dalsz\u0105 jazd\u0119.<\/p>\n<h4>Gro\u017ane zdarzenie w Bonikowie<\/h4>\n<p>W miejscowo\u015bci Bonikowo ko\u0142o Odolanowa m\u0142ody kierowca, jad\u0105c po wyj\u0105tkowo \u015bliskiej nawierzchni, straci\u0142 panowanie nad pojazdem i wjecha\u0142 na przeciwny pas ruchu. Na szcz\u0119\u015bcie w tym przypadku oby\u0142o si\u0119 bez ofiar i obra\u017ce\u0144.<\/p>\n<p><img loading=\"lazy\" decoding=\"async\" src=\"https:\/\/ostrowskatv.pl\/wp-content\/uploads\/2025\/01\/1000120914.jpg\" alt=\"\" width=\"1920\" height=\"1555\" class=\"alignnone size-full wp-image-32830\" srcset=\"https:\/\/ostrowskatv.pl\/wp-content\/uploads\/2025\/01\/1000120914.jpg 1920w, https:\/\/ostrowskatv.pl\/wp-content\/uploads\/2025\/01\/1000120914-300x243.jpg 300w, https:\/\/ostrowskatv.pl\/wp-content\/uploads\/2025\/01\/1000120914-1333x1080.jpg 1333w, https:\/\/ostrowskatv.pl\/wp-content\/uploads\/2025\/01\/1000120914-1536x1244.jpg 1536w\" sizes=\"auto, (max-width: 1920px) 100vw, 1920px\" \/><\/p>\n<p><img loading=\"lazy\" decoding=\"async\" src=\"https:\/\/ostrowskatv.pl\/wp-content\/uploads\/2025\/01\/1000120913.jpg\" alt=\"\" width=\"1920\" height=\"1167\" class=\"alignnone size-full wp-image-32829\" srcset=\"https:\/\/ostrowskatv.pl\/wp-content\/uploads\/2025\/01\/1000120913.jpg 1920w, https:\/\/ostrowskatv.pl\/wp-content\/uploads\/2025\/01\/1000120913-300x182.jpg 300w, https:\/\/ostrowskatv.pl\/wp-content\/uploads\/2025\/01\/1000120913-1333x810.jpg 1333w, https:\/\/ostrowskatv.pl\/wp-content\/uploads\/2025\/01\/1000120913-1536x934.jpg 1536w\" sizes=\"auto, (max-width: 1920px) 100vw, 1920px\" \/><\/p>\n<p><img loading=\"lazy\" decoding=\"async\" src=\"https:\/\/ostrowskatv.pl\/wp-content\/uploads\/2025\/01\/1000120912.jpg\" alt=\"\" width=\"1920\" height=\"947\" class=\"alignnone size-full wp-image-32828\" srcset=\"https:\/\/ostrowskatv.pl\/wp-content\/uploads\/2025\/01\/1000120912.jpg 1920w, https:\/\/ostrowskatv.pl\/wp-content\/uploads\/2025\/01\/1000120912-300x148.jpg 300w, https:\/\/ostrowskatv.pl\/wp-content\/uploads\/2025\/01\/1000120912-1333x657.jpg 1333w, https:\/\/ostrowskatv.pl\/wp-content\/uploads\/2025\/01\/1000120912-1536x758.jpg 1536w\" sizes=\"auto, (max-width: 1920px) 100vw, 1920px\" \/><\/p>\n<p><img loading=\"lazy\" decoding=\"async\" src=\"https:\/\/ostrowskatv.pl\/wp-content\/uploads\/2025\/01\/1000120907.jpg\" alt=\"\" width=\"1920\" height=\"1081\" class=\"alignnone size-full wp-image-32827\" srcset=\"https:\/\/ostrowskatv.pl\/wp-content\/uploads\/2025\/01\/1000120907.jpg 1920w, https:\/\/ostrowskatv.pl\/wp-content\/uploads\/2025\/01\/1000120907-300x169.jpg 300w, https:\/\/ostrowskatv.pl\/wp-content\/uploads\/2025\/01\/1000120907-1333x751.jpg 1333w, https:\/\/ostrowskatv.pl\/wp-content\/uploads\/2025\/01\/1000120907-1536x865.jpg 1536w\" sizes=\"auto, (max-width: 1920px) 100vw, 1920px\" \/><\/p>\n<p><img loading=\"lazy\" decoding=\"async\" src=\"https:\/\/ostrowskatv.pl\/wp-content\/uploads\/2025\/01\/1000120906.jpg\" alt=\"\" width=\"1920\" height=\"1081\" class=\"alignnone size-full wp-image-32826\" srcset=\"https:\/\/ostrowskatv.pl\/wp-content\/uploads\/2025\/01\/1000120906.jpg 1920w, https:\/\/ostrowskatv.pl\/wp-content\/uploads\/2025\/01\/1000120906-300x169.jpg 300w, https:\/\/ostrowskatv.pl\/wp-content\/uploads\/2025\/01\/1000120906-1333x751.jpg 1333w, https:\/\/ostrowskatv.pl\/wp-content\/uploads\/2025\/01\/1000120906-1536x865.jpg 1536w\" sizes=\"auto, (max-width: 1920px) 100vw, 1920px\" \/><\/p>\n<h4>Kryzys w Przygodzicach<\/h4>\n<p>Kolejne problemy pojawi\u0142y si\u0119 w Przygodzicach, gdzie na podje\u017adzie pod g\u00f3rk\u0119 utkn\u0119\u0142o kilka ci\u0119\u017car\u00f3wek. \u015aliska nawierzchnia uniemo\u017cliwia\u0142a pojazdom kontynuowanie jazdy. Dopiero interwencja p\u0142ugo-solarki pozwoli\u0142a na odblokowanie trasy i przywr\u00f3cenie ruchu.<\/p>\n<h4>Apel o ostro\u017cno\u015b\u0107<\/h4>\n<p>Pi\u0105tkowy atak zimy przypomnia\u0142, jak nieprzewidywalne mog\u0105 by\u0107 warunki atmosferyczne w okresie zimowym. Policja apeluje do kierowc\u00f3w o dostosowanie pr\u0119dko\u015bci do panuj\u0105cych warunk\u00f3w, a tak\u017ce o korzystanie z zimowego ogumienia. Tylko odpowiedzialne zachowanie na drodze mo\u017ce zapobiec podobnym sytuacjom w przysz\u0142o\u015bci.<\/p>\n<p>Zima pokaza\u0142a swoje surowe oblicze, a mieszka\u0144cy regionu wsp\u00f3lnie zmierzyli si\u0119 z jej skutkami. Oby podobne incydenty zdarza\u0142y si\u0119 jak najrzadziej, a wszyscy u\u017cytkownicy dr\u00f3g pami\u0119tali o zasadach bezpiecze\u0144stwa.<\/p>\n","protected":false},"excerpt":{"rendered":"W pi\u0105tkowy wiecz\u00f3r, oko\u0142o godziny 19, przez region przetoczy\u0142 si\u0119 gwa\u0142towny atak \u015bnie\u017cycy, kt\u00f3remu towarzyszy\u0142y sporadyczne wy\u0142adowania atmosferyczne. Cho\u0107 krajobraz zyska\u0142 zimowy urok \n<a class=\"moretag\" href=\"https:\/\/ostrowskatv.pl\/?p=32831\"> [...]<\/a>","protected":false},"author":1,"featured_media":32830,"comment_status":"open","ping_status":"closed","sticky":false,"template":"","format":"standard","meta":{"footnotes":""},"categories":[1],"tags":[],"class_list":["post-32831","post","type-post","status-publish","format-standard","has-post-thumbnail","hentry","category-news"],"_links":{"self":[{"href":"https:\/\/ostrowskatv.pl\/index.php?rest_route=\/wp\/v2\/posts\/32831","targetHints":{"allow":["GET"]}}],"collection":[{"href":"https:\/\/ostrowskatv.pl\/index.php?rest_route=\/wp\/v2\/posts"}],"about":[{"href":"https:\/\/ostrowskatv.pl\/index.php?rest_route=\/wp\/v2\/types\/post"}],"author":[{"embeddable":true,"href":"https:\/\/ostrowskatv.pl\/index.php?rest_route=\/wp\/v2\/users\/1"}],"replies":[{"embeddable":true,"href":"https:\/\/ostrowskatv.pl\/index.php?rest_route=%2Fwp%2Fv2%2Fcomments&post=32831"}],"version-history":[{"count":1,"href":"https:\/\/ostrowskatv.pl\/index.php?rest_route=\/wp\/v2\/posts\/32831\/revisions"}],"predecessor-version":[{"id":32832,"href":"https:\/\/ostrowskatv.pl\/index.php?rest_route=\/wp\/v2\/posts\/32831\/revisions\/32832"}],"wp:featuredmedia":[{"embeddable":true,"href":"https:\/\/ostrowskatv.pl\/index.php?rest_route=\/wp\/v2\/media\/32830"}],"wp:attachment":[{"href":"https:\/\/ostrowskatv.pl\/index.php?rest_route=%2Fwp%2Fv2%2Fmedia&parent=32831"}],"wp:term":[{"taxonomy":"category","embeddable":true,"href":"https:\/\/ostrowskatv.pl\/index.php?rest_route=%2Fwp%2Fv2%2Fcategories&post=32831"},{"taxonomy":"post_tag","embeddable":true,"href":"https:\/\/ostrowskatv.pl\/index.php?rest_route=%2Fwp%2Fv2%2Ftags&post=32831"}],"curies":[{"name":"wp","href":"https:\/\/api.w.org\/{rel}","templated":true}]}}