{"id":32791,"date":"2025-01-02T11:27:15","date_gmt":"2025-01-02T10:27:15","guid":{"rendered":"https:\/\/ostrowskatv.pl\/?p=32791"},"modified":"2025-01-02T11:29:39","modified_gmt":"2025-01-02T10:29:39","slug":"wiedziala-ze-jest-tu-niebezpiecznie-i-przekonala-sie-na-wlasnej-skorze","status":"publish","type":"post","link":"https:\/\/ostrowskatv.pl\/?p=32791","title":{"rendered":"Wiedzia\u0142a, \u017ce jest tu niebezpiecznie i przekona\u0142a si\u0119 na w\u0142asnej sk\u00f3rze"},"content":{"rendered":"<p><strong>Dzi\u015b rano, oko\u0142o godziny 10:00, na skrzy\u017cowaniu ulic Limanowskiego oraz Szczeci\u0144skiej w Ostrowie Wielkopolskim dosz\u0142o do zderzenia dw\u00f3ch samochod\u00f3w osobowych. Na szcz\u0119\u015bcie nikt nie odni\u00f3s\u0142 powa\u017cnych obra\u017ce\u0144, cho\u0107 sytuacja mog\u0142a zako\u0144czy\u0107 si\u0119 tragicznie.  <\/strong><\/p>\n<p>Z ustale\u0144 wynika, \u017ce kieruj\u0105ca Toyot\u0105 kobieta, jad\u0105c ulic\u0105 Szczeci\u0144sk\u0105, chcia\u0142a w\u0142\u0105czy\u0107 si\u0119 do ruchu. Skrzy\u017cowanie to jest powszechnie uznawane za niebezpieczne, co by\u0142o jej wiadome. Mimo to, w wyniku niefortunnych okoliczno\u015bci, dosz\u0142o do b\u0142\u0119du. Tu\u017c przed Toyot\u0105 inny pojazd skr\u0119ci\u0142 w prawo, cz\u0119\u015bciowo zas\u0142aniaj\u0105c widok nadje\u017cd\u017caj\u0105cego od strony Piask\u00f3w BMW.  <\/p>\n<p>Kolizja mia\u0142a miejsce na \u015brodku skrzy\u017cowania. W BMW znajdowa\u0142a si\u0119 para mieszka\u0144c\u00f3w Zdu\u0144skiej Woli, kt\u00f3rzy tego dnia odwiedzili Ostr\u00f3w Wielkopolski w celu zakupu specjalistycznego obuwia. W Toyocie podr\u00f3\u017cowa\u0142a kieruj\u0105ca wraz z kilkuletnim dzieckiem.  <\/p>\n<p>Mieszka\u0144cy Zdu\u0144skiej Woli, na co dzie\u0144 pracuj\u0105cy poza Polsk\u0105, zostali pozbawieni auta. Do ko\u0144ca tygodnia zamierzali wyjecha\u0107 za granic\u0119.<\/p>\n<p>Pomimo zderzenia, uczestnicy wypadku mieli du\u017co szcz\u0119\u015bcia \u2013 nikt nie odni\u00f3s\u0142 obra\u017ce\u0144, a ca\u0142e zdarzenie zako\u0144czy\u0142o si\u0119 na stratach materialnych.  <\/p>\n<p><img loading=\"lazy\" decoding=\"async\" src=\"https:\/\/ostrowskatv.pl\/wp-content\/uploads\/2025\/01\/1000120494.jpg\" alt=\"\" width=\"1920\" height=\"1081\" class=\"alignnone size-full wp-image-32792\" srcset=\"https:\/\/ostrowskatv.pl\/wp-content\/uploads\/2025\/01\/1000120494.jpg 1920w, https:\/\/ostrowskatv.pl\/wp-content\/uploads\/2025\/01\/1000120494-300x169.jpg 300w, https:\/\/ostrowskatv.pl\/wp-content\/uploads\/2025\/01\/1000120494-1333x751.jpg 1333w, https:\/\/ostrowskatv.pl\/wp-content\/uploads\/2025\/01\/1000120494-1536x865.jpg 1536w\" sizes=\"auto, (max-width: 1920px) 100vw, 1920px\" \/><\/p>\n<p><img loading=\"lazy\" decoding=\"async\" src=\"https:\/\/ostrowskatv.pl\/wp-content\/uploads\/2025\/01\/1000120492.jpg\" alt=\"\" width=\"1920\" height=\"1081\" class=\"alignnone size-full wp-image-32793\" srcset=\"https:\/\/ostrowskatv.pl\/wp-content\/uploads\/2025\/01\/1000120492.jpg 1920w, https:\/\/ostrowskatv.pl\/wp-content\/uploads\/2025\/01\/1000120492-300x169.jpg 300w, https:\/\/ostrowskatv.pl\/wp-content\/uploads\/2025\/01\/1000120492-1333x751.jpg 1333w, https:\/\/ostrowskatv.pl\/wp-content\/uploads\/2025\/01\/1000120492-1536x865.jpg 1536w\" sizes=\"auto, (max-width: 1920px) 100vw, 1920px\" \/><\/p>\n<p><img loading=\"lazy\" decoding=\"async\" src=\"https:\/\/ostrowskatv.pl\/wp-content\/uploads\/2025\/01\/1000120491.jpg\" alt=\"\" width=\"1920\" height=\"1081\" class=\"alignnone size-full wp-image-32794\" srcset=\"https:\/\/ostrowskatv.pl\/wp-content\/uploads\/2025\/01\/1000120491.jpg 1920w, https:\/\/ostrowskatv.pl\/wp-content\/uploads\/2025\/01\/1000120491-300x169.jpg 300w, https:\/\/ostrowskatv.pl\/wp-content\/uploads\/2025\/01\/1000120491-1333x751.jpg 1333w, https:\/\/ostrowskatv.pl\/wp-content\/uploads\/2025\/01\/1000120491-1536x865.jpg 1536w\" sizes=\"auto, (max-width: 1920px) 100vw, 1920px\" \/><\/p>\n<p><img loading=\"lazy\" decoding=\"async\" src=\"https:\/\/ostrowskatv.pl\/wp-content\/uploads\/2025\/01\/1000120490.jpg\" alt=\"\" width=\"1920\" height=\"1081\" class=\"alignnone size-full wp-image-32795\" srcset=\"https:\/\/ostrowskatv.pl\/wp-content\/uploads\/2025\/01\/1000120490.jpg 1920w, https:\/\/ostrowskatv.pl\/wp-content\/uploads\/2025\/01\/1000120490-300x169.jpg 300w, https:\/\/ostrowskatv.pl\/wp-content\/uploads\/2025\/01\/1000120490-1333x751.jpg 1333w, https:\/\/ostrowskatv.pl\/wp-content\/uploads\/2025\/01\/1000120490-1536x865.jpg 1536w\" sizes=\"auto, (max-width: 1920px) 100vw, 1920px\" \/><\/p>\n<p><img loading=\"lazy\" decoding=\"async\" src=\"https:\/\/ostrowskatv.pl\/wp-content\/uploads\/2025\/01\/1000120489.jpg\" alt=\"\" width=\"1920\" height=\"1002\" class=\"alignnone size-full wp-image-32796\" srcset=\"https:\/\/ostrowskatv.pl\/wp-content\/uploads\/2025\/01\/1000120489.jpg 1920w, https:\/\/ostrowskatv.pl\/wp-content\/uploads\/2025\/01\/1000120489-300x157.jpg 300w, https:\/\/ostrowskatv.pl\/wp-content\/uploads\/2025\/01\/1000120489-1333x696.jpg 1333w, https:\/\/ostrowskatv.pl\/wp-content\/uploads\/2025\/01\/1000120489-1536x802.jpg 1536w\" sizes=\"auto, (max-width: 1920px) 100vw, 1920px\" \/><\/p>\n<p><img loading=\"lazy\" decoding=\"async\" src=\"https:\/\/ostrowskatv.pl\/wp-content\/uploads\/2025\/01\/1000120486.jpg\" alt=\"\" width=\"1920\" height=\"1042\" class=\"alignnone size-full wp-image-32797\" srcset=\"https:\/\/ostrowskatv.pl\/wp-content\/uploads\/2025\/01\/1000120486.jpg 1920w, https:\/\/ostrowskatv.pl\/wp-content\/uploads\/2025\/01\/1000120486-300x163.jpg 300w, https:\/\/ostrowskatv.pl\/wp-content\/uploads\/2025\/01\/1000120486-1333x723.jpg 1333w, https:\/\/ostrowskatv.pl\/wp-content\/uploads\/2025\/01\/1000120486-1536x834.jpg 1536w\" sizes=\"auto, (max-width: 1920px) 100vw, 1920px\" \/><\/p>\n","protected":false},"excerpt":{"rendered":"Dzi\u015b rano, oko\u0142o godziny 10:00, na skrzy\u017cowaniu ulic Limanowskiego oraz Szczeci\u0144skiej w Ostrowie Wielkopolskim dosz\u0142o do zderzenia dw\u00f3ch samochod\u00f3w osobowych. Na szcz\u0119\u015bcie nikt \n<a class=\"moretag\" href=\"https:\/\/ostrowskatv.pl\/?p=32791\"> [...]<\/a>","protected":false},"author":1,"featured_media":32793,"comment_status":"open","ping_status":"closed","sticky":false,"template":"","format":"standard","meta":{"footnotes":""},"categories":[1],"tags":[],"class_list":["post-32791","post","type-post","status-publish","format-standard","has-post-thumbnail","hentry","category-news"],"_links":{"self":[{"href":"https:\/\/ostrowskatv.pl\/index.php?rest_route=\/wp\/v2\/posts\/32791","targetHints":{"allow":["GET"]}}],"collection":[{"href":"https:\/\/ostrowskatv.pl\/index.php?rest_route=\/wp\/v2\/posts"}],"about":[{"href":"https:\/\/ostrowskatv.pl\/index.php?rest_route=\/wp\/v2\/types\/post"}],"author":[{"embeddable":true,"href":"https:\/\/ostrowskatv.pl\/index.php?rest_route=\/wp\/v2\/users\/1"}],"replies":[{"embeddable":true,"href":"https:\/\/ostrowskatv.pl\/index.php?rest_route=%2Fwp%2Fv2%2Fcomments&post=32791"}],"version-history":[{"count":4,"href":"https:\/\/ostrowskatv.pl\/index.php?rest_route=\/wp\/v2\/posts\/32791\/revisions"}],"predecessor-version":[{"id":32801,"href":"https:\/\/ostrowskatv.pl\/index.php?rest_route=\/wp\/v2\/posts\/32791\/revisions\/32801"}],"wp:featuredmedia":[{"embeddable":true,"href":"https:\/\/ostrowskatv.pl\/index.php?rest_route=\/wp\/v2\/media\/32793"}],"wp:attachment":[{"href":"https:\/\/ostrowskatv.pl\/index.php?rest_route=%2Fwp%2Fv2%2Fmedia&parent=32791"}],"wp:term":[{"taxonomy":"category","embeddable":true,"href":"https:\/\/ostrowskatv.pl\/index.php?rest_route=%2Fwp%2Fv2%2Fcategories&post=32791"},{"taxonomy":"post_tag","embeddable":true,"href":"https:\/\/ostrowskatv.pl\/index.php?rest_route=%2Fwp%2Fv2%2Ftags&post=32791"}],"curies":[{"name":"wp","href":"https:\/\/api.w.org\/{rel}","templated":true}]}}