{"id":32744,"date":"2024-12-28T14:42:59","date_gmt":"2024-12-28T13:42:59","guid":{"rendered":"https:\/\/ostrowskatv.pl\/?p=32744"},"modified":"2024-12-28T14:42:59","modified_gmt":"2024-12-28T13:42:59","slug":"3-wozy-strazy-pozarnej-i-dwa-radiowozy-do-auta-na-obwodnicy-widok-zaskakujacy","status":"publish","type":"post","link":"https:\/\/ostrowskatv.pl\/?p=32744","title":{"rendered":"3 wozy stra\u017cy po\u017carnej i dwa radiowozy do auta na obwodnicy. Widok zaskakuj\u0105cy"},"content":{"rendered":"<p><strong>Trzy wozy stra\u017cy po\u017carnej oraz dwa radiowozy policji wys\u0142ano do zdarzenia, do kt\u00f3rego dosz\u0142o w pi\u0105tek na obwodnicy Ostrowa Wielkopolskiego. Poniewa\u017c jest to droga ekspresowa, po kt\u00f3rej szybko je\u017cd\u017c\u0105 auta, akcja musia\u0142a by\u0107 zdecydowana.<\/strong><\/p>\n<p>Ze zg\u0142oszenia wynika\u0142o, \u017ce dosz\u0142o do po\u017caru auta. Po doje\u017adzie okaza\u0142o si\u0119, \u017ce po dymie nie by\u0142o ju\u017c ani \u015bladu. Zreszt\u0105 oznak po\u017caru tak\u017ce. Chwil\u0119 wcze\u015bniej dosz\u0142o do awarii uk\u0142adu ch\u0142odz\u0105cego i spod maski zacz\u0119\u0142y wydobywa\u0107 si\u0119 k\u0142\u0119by pary wodnej, co zosta\u0142o zinterpretowane jako po\u017car.<\/p>\n<p>Stra\u017cacy zabezpieczyli miejsce zdarzenia, a tak\u017ce po zorientowaniu si\u0119 w sytuacji zasypali plam\u0119 p\u0142ynu ch\u0142odz\u0105cego sorbentem.<\/p>\n<p><img loading=\"lazy\" decoding=\"async\" src=\"https:\/\/ostrowskatv.pl\/wp-content\/uploads\/2024\/12\/1000118329.jpg\" alt=\"\" width=\"1920\" height=\"1081\" class=\"alignnone size-full wp-image-32743\" srcset=\"https:\/\/ostrowskatv.pl\/wp-content\/uploads\/2024\/12\/1000118329.jpg 1920w, https:\/\/ostrowskatv.pl\/wp-content\/uploads\/2024\/12\/1000118329-300x169.jpg 300w, https:\/\/ostrowskatv.pl\/wp-content\/uploads\/2024\/12\/1000118329-1333x751.jpg 1333w, https:\/\/ostrowskatv.pl\/wp-content\/uploads\/2024\/12\/1000118329-1536x865.jpg 1536w\" sizes=\"auto, (max-width: 1920px) 100vw, 1920px\" \/><\/p>\n<p><img loading=\"lazy\" decoding=\"async\" src=\"https:\/\/ostrowskatv.pl\/wp-content\/uploads\/2024\/12\/1000118326.jpg\" alt=\"\" width=\"1920\" height=\"976\" class=\"alignnone size-full wp-image-32742\" srcset=\"https:\/\/ostrowskatv.pl\/wp-content\/uploads\/2024\/12\/1000118326.jpg 1920w, https:\/\/ostrowskatv.pl\/wp-content\/uploads\/2024\/12\/1000118326-300x153.jpg 300w, https:\/\/ostrowskatv.pl\/wp-content\/uploads\/2024\/12\/1000118326-1333x678.jpg 1333w, https:\/\/ostrowskatv.pl\/wp-content\/uploads\/2024\/12\/1000118326-1536x781.jpg 1536w\" sizes=\"auto, (max-width: 1920px) 100vw, 1920px\" \/><\/p>\n","protected":false},"excerpt":{"rendered":"Trzy wozy stra\u017cy po\u017carnej oraz dwa radiowozy policji wys\u0142ano do zdarzenia, do kt\u00f3rego dosz\u0142o w pi\u0105tek na obwodnicy Ostrowa Wielkopolskiego. Poniewa\u017c jest to \n<a class=\"moretag\" href=\"https:\/\/ostrowskatv.pl\/?p=32744\"> [...]<\/a>","protected":false},"author":1,"featured_media":32743,"comment_status":"open","ping_status":"closed","sticky":false,"template":"","format":"standard","meta":{"footnotes":""},"categories":[1],"tags":[139],"class_list":["post-32744","post","type-post","status-publish","format-standard","has-post-thumbnail","hentry","category-news","tag-obwodnica-ostrowa"],"_links":{"self":[{"href":"https:\/\/ostrowskatv.pl\/index.php?rest_route=\/wp\/v2\/posts\/32744","targetHints":{"allow":["GET"]}}],"collection":[{"href":"https:\/\/ostrowskatv.pl\/index.php?rest_route=\/wp\/v2\/posts"}],"about":[{"href":"https:\/\/ostrowskatv.pl\/index.php?rest_route=\/wp\/v2\/types\/post"}],"author":[{"embeddable":true,"href":"https:\/\/ostrowskatv.pl\/index.php?rest_route=\/wp\/v2\/users\/1"}],"replies":[{"embeddable":true,"href":"https:\/\/ostrowskatv.pl\/index.php?rest_route=%2Fwp%2Fv2%2Fcomments&post=32744"}],"version-history":[{"count":1,"href":"https:\/\/ostrowskatv.pl\/index.php?rest_route=\/wp\/v2\/posts\/32744\/revisions"}],"predecessor-version":[{"id":32745,"href":"https:\/\/ostrowskatv.pl\/index.php?rest_route=\/wp\/v2\/posts\/32744\/revisions\/32745"}],"wp:featuredmedia":[{"embeddable":true,"href":"https:\/\/ostrowskatv.pl\/index.php?rest_route=\/wp\/v2\/media\/32743"}],"wp:attachment":[{"href":"https:\/\/ostrowskatv.pl\/index.php?rest_route=%2Fwp%2Fv2%2Fmedia&parent=32744"}],"wp:term":[{"taxonomy":"category","embeddable":true,"href":"https:\/\/ostrowskatv.pl\/index.php?rest_route=%2Fwp%2Fv2%2Fcategories&post=32744"},{"taxonomy":"post_tag","embeddable":true,"href":"https:\/\/ostrowskatv.pl\/index.php?rest_route=%2Fwp%2Fv2%2Ftags&post=32744"}],"curies":[{"name":"wp","href":"https:\/\/api.w.org\/{rel}","templated":true}]}}