{"id":32664,"date":"2024-12-23T07:38:48","date_gmt":"2024-12-23T06:38:48","guid":{"rendered":"https:\/\/ostrowskatv.pl\/?p=32664"},"modified":"2024-12-23T07:39:44","modified_gmt":"2024-12-23T06:39:44","slug":"mial-tyle-promili-ile-dni-do-wigilii","status":"publish","type":"post","link":"https:\/\/ostrowskatv.pl\/?p=32664","title":{"rendered":"Mia\u0142 sporo promili. Powinien by\u0107 deportowany?"},"content":{"rendered":"<p>W niedzielny wiecz\u00f3r czujni obywatele dostrzegli mocno pijanego m\u0119\u017cczyzn\u0119, kt\u00f3ry wsiad\u0142 za kierownic\u0119 Citroena i wyruszy\u0142 spod sklepu Dino w Topoli Ma\u0142ej.<\/p>\n<p>\u015awiadkowie natychmiast zadzwonili na policj\u0119 i podj\u0119li kolejn\u0105 s\u0142uszn\u0105 decyzj\u0119. Postanowili jecha\u0107 za podejrzanym i przekazywa\u0107 informacje o aktualnej pozycji.<\/p>\n<p><img loading=\"lazy\" decoding=\"async\" src=\"https:\/\/ostrowskatv.pl\/wp-content\/uploads\/2024\/12\/1000117131.jpg\" alt=\"\" width=\"1920\" height=\"1081\" class=\"alignnone size-full wp-image-32665\" srcset=\"https:\/\/ostrowskatv.pl\/wp-content\/uploads\/2024\/12\/1000117131.jpg 1920w, https:\/\/ostrowskatv.pl\/wp-content\/uploads\/2024\/12\/1000117131-300x169.jpg 300w, https:\/\/ostrowskatv.pl\/wp-content\/uploads\/2024\/12\/1000117131-1333x751.jpg 1333w, https:\/\/ostrowskatv.pl\/wp-content\/uploads\/2024\/12\/1000117131-1536x865.jpg 1536w\" sizes=\"auto, (max-width: 1920px) 100vw, 1920px\" \/><\/p>\n<p><img loading=\"lazy\" decoding=\"async\" src=\"https:\/\/ostrowskatv.pl\/wp-content\/uploads\/2024\/12\/1000117126.jpg\" alt=\"\" width=\"1920\" height=\"1081\" class=\"alignnone size-full wp-image-32666\" srcset=\"https:\/\/ostrowskatv.pl\/wp-content\/uploads\/2024\/12\/1000117126.jpg 1920w, https:\/\/ostrowskatv.pl\/wp-content\/uploads\/2024\/12\/1000117126-300x169.jpg 300w, https:\/\/ostrowskatv.pl\/wp-content\/uploads\/2024\/12\/1000117126-1333x751.jpg 1333w, https:\/\/ostrowskatv.pl\/wp-content\/uploads\/2024\/12\/1000117126-1536x865.jpg 1536w\" sizes=\"auto, (max-width: 1920px) 100vw, 1920px\" \/><\/p>\n<p><img loading=\"lazy\" decoding=\"async\" src=\"https:\/\/ostrowskatv.pl\/wp-content\/uploads\/2024\/12\/1000117125.jpg\" alt=\"\" width=\"1081\" height=\"1920\" class=\"alignnone size-full wp-image-32667\" srcset=\"https:\/\/ostrowskatv.pl\/wp-content\/uploads\/2024\/12\/1000117125.jpg 1081w, https:\/\/ostrowskatv.pl\/wp-content\/uploads\/2024\/12\/1000117125-169x300.jpg 169w, https:\/\/ostrowskatv.pl\/wp-content\/uploads\/2024\/12\/1000117125-751x1333.jpg 751w, https:\/\/ostrowskatv.pl\/wp-content\/uploads\/2024\/12\/1000117125-865x1536.jpg 865w\" sizes=\"auto, (max-width: 1081px) 100vw, 1081px\" \/><\/p>\n<p><img loading=\"lazy\" decoding=\"async\" src=\"https:\/\/ostrowskatv.pl\/wp-content\/uploads\/2024\/12\/1000117124.jpg\" alt=\"\" width=\"1920\" height=\"1081\" class=\"alignnone size-full wp-image-32668\" srcset=\"https:\/\/ostrowskatv.pl\/wp-content\/uploads\/2024\/12\/1000117124.jpg 1920w, https:\/\/ostrowskatv.pl\/wp-content\/uploads\/2024\/12\/1000117124-300x169.jpg 300w, https:\/\/ostrowskatv.pl\/wp-content\/uploads\/2024\/12\/1000117124-1333x751.jpg 1333w, https:\/\/ostrowskatv.pl\/wp-content\/uploads\/2024\/12\/1000117124-1536x865.jpg 1536w\" sizes=\"auto, (max-width: 1920px) 100vw, 1920px\" \/><\/p>\n<p>W efekcie dojechali na osiedle przy ulicy Zana w Ostrowie Wielkopolskim, gdzie kierowca Citroena C4 Picasso zaparkowa\u0142. Przybyli na miejsce policjanci zatrzymali m\u0119\u017cczyzn\u0119 i poddali badaniu na zawarto\u015b\u0107 alkoholu. Wynik? 3 promile!<\/p>\n<p>Obywatel Ukrainy od razu straci\u0142 samoch\u00f3d, a tak\u017ce poniesie kolejne konsekwencje prawne.<\/p>\n<p>Za jazd\u0119 pod wp\u0142ywem alkoholu grozi obecnie:<\/p>\n<p>\u2013 grzywny (uzale\u017cniona od sytuacji maj\u0105tkowej sprawcy),<br \/>\n\u2013 ograniczenia wolno\u015bci lub pozbawienia wolno\u015bci do 2 lat,<br \/>\n\u2013 zakazu prowadzenia pojazd\u00f3w na minimum 3 lata,<br \/>\n\u2013 w postaci \u015brodka karnego w wys. od 5000 z\u0142 do 60 000 z\u0142 na rzecz Funduszu Pomocy Pokrzywdzonym i Pomocy Postpenitencjarnej.<\/p>\n<p>Dodatkowo, nietrze\u017awy kierowca otrzyma 15 punkt\u00f3w karnych.<\/p>\n","protected":false},"excerpt":{"rendered":"W niedzielny wiecz\u00f3r czujni obywatele dostrzegli mocno pijanego m\u0119\u017cczyzn\u0119, kt\u00f3ry wsiad\u0142 za kierownic\u0119 Citroena i wyruszy\u0142 spod sklepu Dino w Topoli Ma\u0142ej. \u015awiadkowie \n<a class=\"moretag\" href=\"https:\/\/ostrowskatv.pl\/?p=32664\"> [...]<\/a>","protected":false},"author":1,"featured_media":32666,"comment_status":"open","ping_status":"closed","sticky":false,"template":"","format":"standard","meta":{"footnotes":""},"categories":[1],"tags":[4,2,34,72],"class_list":["post-32664","post","type-post","status-publish","format-standard","has-post-thumbnail","hentry","category-news","tag-alkohol","tag-ostrow-wielkopolski","tag-policja","tag-samochod"],"_links":{"self":[{"href":"https:\/\/ostrowskatv.pl\/index.php?rest_route=\/wp\/v2\/posts\/32664","targetHints":{"allow":["GET"]}}],"collection":[{"href":"https:\/\/ostrowskatv.pl\/index.php?rest_route=\/wp\/v2\/posts"}],"about":[{"href":"https:\/\/ostrowskatv.pl\/index.php?rest_route=\/wp\/v2\/types\/post"}],"author":[{"embeddable":true,"href":"https:\/\/ostrowskatv.pl\/index.php?rest_route=\/wp\/v2\/users\/1"}],"replies":[{"embeddable":true,"href":"https:\/\/ostrowskatv.pl\/index.php?rest_route=%2Fwp%2Fv2%2Fcomments&post=32664"}],"version-history":[{"count":2,"href":"https:\/\/ostrowskatv.pl\/index.php?rest_route=\/wp\/v2\/posts\/32664\/revisions"}],"predecessor-version":[{"id":32670,"href":"https:\/\/ostrowskatv.pl\/index.php?rest_route=\/wp\/v2\/posts\/32664\/revisions\/32670"}],"wp:featuredmedia":[{"embeddable":true,"href":"https:\/\/ostrowskatv.pl\/index.php?rest_route=\/wp\/v2\/media\/32666"}],"wp:attachment":[{"href":"https:\/\/ostrowskatv.pl\/index.php?rest_route=%2Fwp%2Fv2%2Fmedia&parent=32664"}],"wp:term":[{"taxonomy":"category","embeddable":true,"href":"https:\/\/ostrowskatv.pl\/index.php?rest_route=%2Fwp%2Fv2%2Fcategories&post=32664"},{"taxonomy":"post_tag","embeddable":true,"href":"https:\/\/ostrowskatv.pl\/index.php?rest_route=%2Fwp%2Fv2%2Ftags&post=32664"}],"curies":[{"name":"wp","href":"https:\/\/api.w.org\/{rel}","templated":true}]}}