{"id":32641,"date":"2024-12-18T20:20:01","date_gmt":"2024-12-18T19:20:01","guid":{"rendered":"https:\/\/ostrowskatv.pl\/?p=32641"},"modified":"2024-12-18T20:20:01","modified_gmt":"2024-12-18T19:20:01","slug":"mezczyzna-zaczal-wypominac-sprawczyni-szereg-problemow","status":"publish","type":"post","link":"https:\/\/ostrowskatv.pl\/?p=32641","title":{"rendered":"M\u0119\u017cczyzna zacz\u0105\u0142 wypomina\u0107 sprawczyni szereg problem\u00f3w"},"content":{"rendered":"<p><strong>Do kolizji dw\u00f3ch pojazd\u00f3w dosz\u0142o chwil\u0119 przed godzin\u0105 19:00 na skrzy\u017cowaniu alei S\u0142owackiego oraz ulicy Wa\u0144kowicza. Zderzy\u0142y si\u0119 tam Renault (bus) oraz Audi, kt\u00f3re jecha\u0142o w stron\u0119 przepompowni.  <\/strong><\/p>\n<p>Kieruj\u0105ca busem marki Renault pr\u00f3bowa\u0142a skr\u0119ci\u0107 w lewo w ulic\u0119 Wa\u0144kowicza, jednak nie ust\u0105pi\u0142a pierwsze\u0144stwa nadje\u017cd\u017caj\u0105cemu z przeciwka Audi. W wyniku tego manewru dosz\u0142o do zderzenia obu pojazd\u00f3w.  <\/p>\n<p>Niebezpieczny manewr mia\u0142 swoje konsekwencje. Samoch\u00f3d Audi, kt\u00f3ry zosta\u0142 zakupiony zaledwie miesi\u0105c temu, obecnie nadaje si\u0119 do naprawy w autoryzowanym serwisie. Na szcz\u0119\u015bcie podczas kolizji nie wystrzeli\u0142y poduszki powietrzne, co zminimalizowa\u0142o wielko\u015b\u0107 element\u00f3w do naprawy.<\/p>\n<p>Na miejsce natychmiast wezwano policj\u0119. Przed jej przyjazdem pojawi\u0142 si\u0119 na miejscu partner kobiety kieruj\u0105cej Renault, kt\u00f3ry wyrazi\u0142 swoje niezadowolenie i obawy w bardzo ostrych s\u0142owach.  <\/p>\n<p>M\u0119\u017cczyzna szczeg\u00f3lnie podkre\u015bla\u0142, \u017ce konsekwencje wypadku b\u0119d\u0105 dla niego powa\u017cne. Wyrazi\u0142 swoje zaniepokojenie tym, \u017ce ubezpieczenie OC na pi\u0119\u0107 samochod\u00f3w, do kt\u00f3rych jest przypisany, wzro\u015bnie w wyniku tego incydentu. Doda\u0142 tak\u017ce, \u017ce bus jest mocno uszkodzony, a jest mu niezb\u0119dny do pracy oraz codziennych obowi\u0105zk\u00f3w.  <\/p>\n<p>M\u0119\u017cczyzna wypomina\u0142 kobiecie, \u017ce dostanie mandat za brak posiadania przy sobie dokument\u00f3w. Jednak\u017ce warto zaznaczy\u0107, \u017ce obowi\u0105zek posiadania dokument\u00f3w podczas prowadzenia pojazdu zosta\u0142 zniesiony ju\u017c jaki\u015b czas temu. Mimo tego m\u0119\u017cczyzna nie kry\u0142 swojego niezadowolenia i \u017calu z powodu zaistnia\u0142ej sytuacji.  <\/p>\n<p>Na szcz\u0119\u015bcie nikomu nic powa\u017cnego si\u0119 nie sta\u0142o. <\/p>\n<p><img loading=\"lazy\" decoding=\"async\" src=\"https:\/\/ostrowskatv.pl\/wp-content\/uploads\/2024\/12\/1000116190.jpg\" alt=\"\" width=\"1920\" height=\"1081\" class=\"alignnone size-full wp-image-32642\" srcset=\"https:\/\/ostrowskatv.pl\/wp-content\/uploads\/2024\/12\/1000116190.jpg 1920w, https:\/\/ostrowskatv.pl\/wp-content\/uploads\/2024\/12\/1000116190-300x169.jpg 300w, https:\/\/ostrowskatv.pl\/wp-content\/uploads\/2024\/12\/1000116190-1333x751.jpg 1333w, https:\/\/ostrowskatv.pl\/wp-content\/uploads\/2024\/12\/1000116190-1536x865.jpg 1536w\" sizes=\"auto, (max-width: 1920px) 100vw, 1920px\" \/><\/p>\n","protected":false},"excerpt":{"rendered":"Do kolizji dw\u00f3ch pojazd\u00f3w dosz\u0142o chwil\u0119 przed godzin\u0105 19:00 na skrzy\u017cowaniu alei S\u0142owackiego oraz ulicy Wa\u0144kowicza. Zderzy\u0142y si\u0119 tam Renault (bus) oraz Audi, \n<a class=\"moretag\" href=\"https:\/\/ostrowskatv.pl\/?p=32641\"> [...]<\/a>","protected":false},"author":1,"featured_media":32643,"comment_status":"open","ping_status":"closed","sticky":false,"template":"","format":"standard","meta":{"footnotes":""},"categories":[1],"tags":[2],"class_list":["post-32641","post","type-post","status-publish","format-standard","has-post-thumbnail","hentry","category-news","tag-ostrow-wielkopolski"],"_links":{"self":[{"href":"https:\/\/ostrowskatv.pl\/index.php?rest_route=\/wp\/v2\/posts\/32641","targetHints":{"allow":["GET"]}}],"collection":[{"href":"https:\/\/ostrowskatv.pl\/index.php?rest_route=\/wp\/v2\/posts"}],"about":[{"href":"https:\/\/ostrowskatv.pl\/index.php?rest_route=\/wp\/v2\/types\/post"}],"author":[{"embeddable":true,"href":"https:\/\/ostrowskatv.pl\/index.php?rest_route=\/wp\/v2\/users\/1"}],"replies":[{"embeddable":true,"href":"https:\/\/ostrowskatv.pl\/index.php?rest_route=%2Fwp%2Fv2%2Fcomments&post=32641"}],"version-history":[{"count":1,"href":"https:\/\/ostrowskatv.pl\/index.php?rest_route=\/wp\/v2\/posts\/32641\/revisions"}],"predecessor-version":[{"id":32644,"href":"https:\/\/ostrowskatv.pl\/index.php?rest_route=\/wp\/v2\/posts\/32641\/revisions\/32644"}],"wp:featuredmedia":[{"embeddable":true,"href":"https:\/\/ostrowskatv.pl\/index.php?rest_route=\/wp\/v2\/media\/32643"}],"wp:attachment":[{"href":"https:\/\/ostrowskatv.pl\/index.php?rest_route=%2Fwp%2Fv2%2Fmedia&parent=32641"}],"wp:term":[{"taxonomy":"category","embeddable":true,"href":"https:\/\/ostrowskatv.pl\/index.php?rest_route=%2Fwp%2Fv2%2Fcategories&post=32641"},{"taxonomy":"post_tag","embeddable":true,"href":"https:\/\/ostrowskatv.pl\/index.php?rest_route=%2Fwp%2Fv2%2Ftags&post=32641"}],"curies":[{"name":"wp","href":"https:\/\/api.w.org\/{rel}","templated":true}]}}