{"id":326,"date":"2016-02-08T20:59:27","date_gmt":"2016-02-08T19:59:27","guid":{"rendered":"http:\/\/ostrowska.tv\/?p=326"},"modified":"2016-02-08T20:59:27","modified_gmt":"2016-02-08T19:59:27","slug":"senator-pomogl-bylemu-uczniowi-wojtus-ma-coraz-mniej-czasu","status":"publish","type":"post","link":"https:\/\/ostrowskatv.pl\/?p=326","title":{"rendered":"Senator pom\u00f3g\u0142 by\u0142emu uczniowi. Wojtu\u015b ma coraz mniej czasu"},"content":{"rendered":"<p><strong>1000 z\u0142 przekaza\u0142o stowarzyszenie &#8222;Ludzie dla ludzi&#8221; na rzecz akcji Serduszko Wojtusia. Jego rodzice ca\u0142y czas walcz\u0105 z czasem. Do 16 lutego musz\u0105 uzbiera\u0107 \u0142\u0105cznie 350 tysi\u0119cy z\u0142otych.<\/strong><\/p>\n<p>Przypomnijmy, \u017ce Wojtu\u015b jeszcze nie przyszed\u0142 na \u015bwiat, a ju\u017c walczy o \u017cycie. Maluszkowi nie wykszta\u0142ci\u0142a si\u0119 lewa komora serduszka. Jedynym ratunkiem jest dla niego kosztowna operacja w niemieckiej klinice.<\/p>\n<p>Na t\u0105 chwil\u0119 pozosta\u0142o nam 7 dni na zebranie ca\u0142kowitej kwoty. Z dw\u00f3ch fundacji mamy \u0142\u0105cznie oko\u0142o 310 tys. z\u0142 i brakuje jeszcze 40 tys. z\u0142. \u2013 powiedzia\u0142a <strong>Sandra Portasiak<\/strong><\/p>\n<p>Rodzice Wojtusia nie tylko zbieraj\u0105 pieni\u0105dze na kosztown\u0105 operacj\u0119. Warto przypomnie\u0107, \u017ce coraz wi\u0119kszymi krokami zbli\u017ca si\u0119 termin ich wyjazdu do Niemiec.<\/p>\n<p>&#8211; Najbli\u017csze dni to przygotowania, poniewa\u017c planujemy wyjecha\u0107 w poniedzia\u0142ek z samego rana. We wtorek o godzinie 8:00 rano musimy stawi\u0107 si\u0119 w klinice w Munster. \u2013 doda\u0142a<strong> Sandra Portasiak<\/strong><\/p>\n<p>Cz\u0142onkiem zarz\u0105du stowarzyszenia &#8222;Ludzie dla ludzi&#8221; jest senator \u0141ukasz Miko\u0142ajczyk. W przesz\u0142o\u015bci nauczyciel ojca Wojtusia. Teraz postanowi\u0142 pom\u00f3c swojemu by\u0142emu uczniowi w trudnej sytuacji \u017cyciowej.<\/p>\n<p>&#8211; Stowarzyszenie \u201eLudzie dla ludzi\u201d jak sama nazwa wskazuje jest stowarzyszeniem, kt\u00f3re deklaruje szeroko poj\u0119t\u0105 pomoc. Oczywi\u015bcie priorytetowym naszym dzia\u0142aniem s\u0105 projekty na rzecz dzieci i m\u0142odzie\u017cy realizowane w powiecie ostrowskim. Gdy us\u0142yszeli\u015bmy o szeroko zakrojonej akcji \u201eSerduszko dla Wojtusia\u201d, wsp\u00f3lnie z cz\u0142onkami zarz\u0105du i z cz\u0142onkami stowarzyszenia postanowili\u015bmy, \u017ce wspomo\u017cemy t\u0119 akcj\u0119. Powod\u00f3w by\u0142o wiele. Po pierwsze determinacja rodzic\u00f3w jest bardzo widoczna jest bardzo widoczna zar\u00f3wno w internecie jak i mediach. Po drugie osobi\u015bcie mia\u0142em przyjemno\u015b\u0107 uczy\u0107 tat\u0119 Wojtusia w gimnazjum. Bardzo mi\u0142o wspominam \u0141ukasza jako swojego by\u0142ego ucznia, wi\u0119c tym bardziej postanowi\u0142em \u017ce trzeba pom\u00f3c. Dodatkowo chcieli\u015bmy zobaczy\u0107 Wojtusia zdrowego w Ostrowie. &#8211; <strong>\u0141ukasz Miko\u0142ajczyk, senator<\/strong><\/p>\n<div style=\"width: 640px;\" class=\"wp-video\"><video class=\"wp-video-shortcode\" id=\"video-326-1\" width=\"640\" height=\"360\" preload=\"metadata\" controls=\"controls\"><source type=\"video\/mp4\" src=\"http:\/\/ostrowska.tv\/wp-content\/uploads\/2016\/02\/senator-wojtus.mp4?_=1\" \/><a href=\"http:\/\/ostrowska.tv\/wp-content\/uploads\/2016\/02\/senator-wojtus.mp4\">http:\/\/ostrowska.tv\/wp-content\/uploads\/2016\/02\/senator-wojtus.mp4<\/a><\/video><\/div>\n","protected":false},"excerpt":{"rendered":"1000 z\u0142 przekaza\u0142o stowarzyszenie &#8222;Ludzie dla ludzi&#8221; na rzecz akcji Serduszko Wojtusia. Jego rodzice ca\u0142y czas walcz\u0105 z czasem. Do 16 lutego musz\u0105 \n<a class=\"moretag\" href=\"https:\/\/ostrowskatv.pl\/?p=326\"> [...]<\/a>","protected":false},"author":1,"featured_media":327,"comment_status":"open","ping_status":"open","sticky":false,"template":"","format":"standard","meta":{"footnotes":""},"categories":[1],"tags":[39],"class_list":["post-326","post","type-post","status-publish","format-standard","has-post-thumbnail","hentry","category-news","tag-pomoc"],"_links":{"self":[{"href":"https:\/\/ostrowskatv.pl\/index.php?rest_route=\/wp\/v2\/posts\/326","targetHints":{"allow":["GET"]}}],"collection":[{"href":"https:\/\/ostrowskatv.pl\/index.php?rest_route=\/wp\/v2\/posts"}],"about":[{"href":"https:\/\/ostrowskatv.pl\/index.php?rest_route=\/wp\/v2\/types\/post"}],"author":[{"embeddable":true,"href":"https:\/\/ostrowskatv.pl\/index.php?rest_route=\/wp\/v2\/users\/1"}],"replies":[{"embeddable":true,"href":"https:\/\/ostrowskatv.pl\/index.php?rest_route=%2Fwp%2Fv2%2Fcomments&post=326"}],"version-history":[{"count":0,"href":"https:\/\/ostrowskatv.pl\/index.php?rest_route=\/wp\/v2\/posts\/326\/revisions"}],"wp:featuredmedia":[{"embeddable":true,"href":"https:\/\/ostrowskatv.pl\/index.php?rest_route=\/wp\/v2\/media\/327"}],"wp:attachment":[{"href":"https:\/\/ostrowskatv.pl\/index.php?rest_route=%2Fwp%2Fv2%2Fmedia&parent=326"}],"wp:term":[{"taxonomy":"category","embeddable":true,"href":"https:\/\/ostrowskatv.pl\/index.php?rest_route=%2Fwp%2Fv2%2Fcategories&post=326"},{"taxonomy":"post_tag","embeddable":true,"href":"https:\/\/ostrowskatv.pl\/index.php?rest_route=%2Fwp%2Fv2%2Ftags&post=326"}],"curies":[{"name":"wp","href":"https:\/\/api.w.org\/{rel}","templated":true}]}}