{"id":32594,"date":"2024-12-16T16:48:54","date_gmt":"2024-12-16T15:48:54","guid":{"rendered":"https:\/\/ostrowskatv.pl\/?p=32594"},"modified":"2024-12-16T16:48:54","modified_gmt":"2024-12-16T15:48:54","slug":"dzieci-na-hulajnodze-zderzyly-sie-z-bmw-przy-galerii","status":"publish","type":"post","link":"https:\/\/ostrowskatv.pl\/?p=32594","title":{"rendered":"Dzieci na hulajnodze zderzy\u0142y si\u0119 z BMW przy galerii"},"content":{"rendered":"<p><strong>W sobot\u0119 o godzinie 17:25 na parkingu przy galerii handlowej Ostrovia dosz\u0142o do zdarzenia drogowego z udzia\u0142em samochodu osobowego marki BMW i hulajnogi elektrycznej, kt\u00f3r\u0105 kierowa\u0142 13-latek. W wyniku incydentu nikt nie odni\u00f3s\u0142 obra\u017ce\u0144, jednak sytuacja zwr\u00f3ci\u0142a uwag\u0119 na zasady ruchu drogowego i ich przestrzeganie przez uczestnik\u00f3w.<\/strong><\/p>\n<h4>Okoliczno\u015bci zdarzenia<\/h4>\n<p>Do zderzenia dosz\u0142o na skrzy\u017cowaniu dr\u00f3g r\u00f3wnorz\u0119dnych na terenie parkingu. Wed\u0142ug ustale\u0144, 24-letni kierowca BMW nie ust\u0105pi\u0142 pierwsze\u0144stwa przejazdu m\u0142odemu u\u017cytkownikowi hulajnogi. 13-letni kieruj\u0105cy hulajnog\u0105 przewozi\u0142 swojego r\u00f3wie\u015bnika, co stanowi\u0142o wykroczenie, poniewa\u017c jazda we dwoje na hulajnodze jest niedozwolona.<\/p>\n<p>Pomimo tego, \u017ce sytuacja mog\u0142a sko\u0144czy\u0107 si\u0119 powa\u017cnymi konsekwencjami, zar\u00f3wno kierowca samochodu, jak i m\u0142odzi u\u017cytkownicy hulajnogi byli trze\u017awi, a \u017cadna z os\u00f3b uczestnicz\u0105cych w zdarzeniu nie odnios\u0142a obra\u017ce\u0144 cia\u0142a.<\/p>\n<h4>Prawne aspekty<\/h4>\n<p>13-letni kierowca hulajnogi posiada\u0142 kart\u0119 rowerow\u0105, co zgodnie z przepisami uprawnia\u0142o go do poruszania si\u0119 po jezdni w miejscu, gdzie pr\u0119dko\u015b\u0107 dopuszczalna wynosi poni\u017cej 30 km\/h. Jednocze\u015bnie jednak naruszy\u0142 przepisy, przewo\u017c\u0105c pasa\u017cera na hulajnodze.<\/p>\n<p>Z kolei kierowca BMW, nie ust\u0119puj\u0105c pierwsze\u0144stwa na skrzy\u017cowaniu dr\u00f3g r\u00f3wnorz\u0119dnych, r\u00f3wnie\u017c z\u0142ama\u0142 przepisy ruchu drogowego, co by\u0142o bezpo\u015bredni\u0105 przyczyn\u0105 zderzenia.<\/p>\n<p>Cho\u0107 zdarzenie zako\u0144czy\u0142o si\u0119 bez ofiar i strat materialnych. Warto wykazywa\u0107 si\u0119 szczeg\u00f3ln\u0105 ostro\u017cno\u015bci\u0105, szczeg\u00f3lnie w miejscach o du\u017cym nat\u0119\u017ceniu ruchu, takich jak parkingi galerii handlowych.<\/p>\n","protected":false},"excerpt":{"rendered":"W sobot\u0119 o godzinie 17:25 na parkingu przy galerii handlowej Ostrovia dosz\u0142o do zdarzenia drogowego z udzia\u0142em samochodu osobowego marki BMW i hulajnogi \n<a class=\"moretag\" href=\"https:\/\/ostrowskatv.pl\/?p=32594\"> [...]<\/a>","protected":false},"author":1,"featured_media":11868,"comment_status":"open","ping_status":"closed","sticky":false,"template":"","format":"standard","meta":{"footnotes":""},"categories":[1],"tags":[48],"class_list":["post-32594","post","type-post","status-publish","format-standard","has-post-thumbnail","hentry","category-news","tag-kolizja"],"_links":{"self":[{"href":"https:\/\/ostrowskatv.pl\/index.php?rest_route=\/wp\/v2\/posts\/32594","targetHints":{"allow":["GET"]}}],"collection":[{"href":"https:\/\/ostrowskatv.pl\/index.php?rest_route=\/wp\/v2\/posts"}],"about":[{"href":"https:\/\/ostrowskatv.pl\/index.php?rest_route=\/wp\/v2\/types\/post"}],"author":[{"embeddable":true,"href":"https:\/\/ostrowskatv.pl\/index.php?rest_route=\/wp\/v2\/users\/1"}],"replies":[{"embeddable":true,"href":"https:\/\/ostrowskatv.pl\/index.php?rest_route=%2Fwp%2Fv2%2Fcomments&post=32594"}],"version-history":[{"count":1,"href":"https:\/\/ostrowskatv.pl\/index.php?rest_route=\/wp\/v2\/posts\/32594\/revisions"}],"predecessor-version":[{"id":32595,"href":"https:\/\/ostrowskatv.pl\/index.php?rest_route=\/wp\/v2\/posts\/32594\/revisions\/32595"}],"wp:featuredmedia":[{"embeddable":true,"href":"https:\/\/ostrowskatv.pl\/index.php?rest_route=\/wp\/v2\/media\/11868"}],"wp:attachment":[{"href":"https:\/\/ostrowskatv.pl\/index.php?rest_route=%2Fwp%2Fv2%2Fmedia&parent=32594"}],"wp:term":[{"taxonomy":"category","embeddable":true,"href":"https:\/\/ostrowskatv.pl\/index.php?rest_route=%2Fwp%2Fv2%2Fcategories&post=32594"},{"taxonomy":"post_tag","embeddable":true,"href":"https:\/\/ostrowskatv.pl\/index.php?rest_route=%2Fwp%2Fv2%2Ftags&post=32594"}],"curies":[{"name":"wp","href":"https:\/\/api.w.org\/{rel}","templated":true}]}}