{"id":32514,"date":"2024-12-09T17:31:17","date_gmt":"2024-12-09T16:31:17","guid":{"rendered":"https:\/\/ostrowskatv.pl\/?p=32514"},"modified":"2024-12-09T17:31:17","modified_gmt":"2024-12-09T16:31:17","slug":"zderzyli-sie-przy-kosciele-p-w-sw-antoniego","status":"publish","type":"post","link":"https:\/\/ostrowskatv.pl\/?p=32514","title":{"rendered":"Zderzyli si\u0119 przy ko\u015bciele p. w. \u015bw. Antoniego"},"content":{"rendered":"<p><strong>W nocy z soboty na niedziel\u0119, oko\u0142o godziny 1:50, dosz\u0142o do zderzenia dw\u00f3ch samochod\u00f3w osobowych na skrzy\u017cowaniu ulic Wojska Polskiego i Raszkowskiej, w pobli\u017cu ko\u015bcio\u0142a p.w. \u015bw. Antoniego w Ostrowie Wielkopolskim. W zdarzeniu bra\u0142y udzia\u0142 pojazdy marki Peugeot 3008 oraz Kia Stonic.<\/strong><\/p>\n<p><img loading=\"lazy\" decoding=\"async\" src=\"https:\/\/ostrowskatv.pl\/wp-content\/uploads\/2024\/12\/1000113264.jpg\" alt=\"\" width=\"1500\" height=\"1715\" class=\"alignnone size-full wp-image-32513\" srcset=\"https:\/\/ostrowskatv.pl\/wp-content\/uploads\/2024\/12\/1000113264.jpg 1500w, https:\/\/ostrowskatv.pl\/wp-content\/uploads\/2024\/12\/1000113264-262x300.jpg 262w, https:\/\/ostrowskatv.pl\/wp-content\/uploads\/2024\/12\/1000113264-1166x1333.jpg 1166w, https:\/\/ostrowskatv.pl\/wp-content\/uploads\/2024\/12\/1000113264-1343x1536.jpg 1343w\" sizes=\"auto, (max-width: 1500px) 100vw, 1500px\" \/><\/p>\n<p>Wed\u0142ug ustale\u0144 policji, kierowca \u017c\u00f3\u0142tej Kii, wykorzystywanej jako taks\u00f3wka, nie ust\u0105pi\u0142 pierwsze\u0144stwa przejazdu i uderzy\u0142 w samoch\u00f3d kierowany przez 22-letni\u0105 kobiet\u0119. Na szcz\u0119\u015bcie, obaj uczestnicy zdarzenia byli trze\u017awi. <\/p>\n<p>23-letni kierowca Kii zosta\u0142 ukarany mandatem karnym za spowodowanie kolizji. Pomimo uszkodze\u0144 pojazd\u00f3w, nie odnotowano informacji o powa\u017cniejszych obra\u017ceniach uczestnik\u00f3w. <\/p>\n<p>Skrzy\u017cowanie, na kt\u00f3rym dosz\u0142o do zdarzenia, nale\u017cy do ruchliwych miejsc w Ostrowie Wielkopolskim, co ponownie przypomina o konieczno\u015bci zachowania ostro\u017cno\u015bci i przestrzegania przepis\u00f3w ruchu drogowego, zw\u0142aszcza w godzinach nocnych.<\/p>\n","protected":false},"excerpt":{"rendered":"W nocy z soboty na niedziel\u0119, oko\u0142o godziny 1:50, dosz\u0142o do zderzenia dw\u00f3ch samochod\u00f3w osobowych na skrzy\u017cowaniu ulic Wojska Polskiego i Raszkowskiej, w \n<a class=\"moretag\" href=\"https:\/\/ostrowskatv.pl\/?p=32514\"> [...]<\/a>","protected":false},"author":1,"featured_media":32512,"comment_status":"open","ping_status":"closed","sticky":false,"template":"","format":"standard","meta":{"footnotes":""},"categories":[1],"tags":[2],"class_list":["post-32514","post","type-post","status-publish","format-standard","has-post-thumbnail","hentry","category-news","tag-ostrow-wielkopolski"],"_links":{"self":[{"href":"https:\/\/ostrowskatv.pl\/index.php?rest_route=\/wp\/v2\/posts\/32514","targetHints":{"allow":["GET"]}}],"collection":[{"href":"https:\/\/ostrowskatv.pl\/index.php?rest_route=\/wp\/v2\/posts"}],"about":[{"href":"https:\/\/ostrowskatv.pl\/index.php?rest_route=\/wp\/v2\/types\/post"}],"author":[{"embeddable":true,"href":"https:\/\/ostrowskatv.pl\/index.php?rest_route=\/wp\/v2\/users\/1"}],"replies":[{"embeddable":true,"href":"https:\/\/ostrowskatv.pl\/index.php?rest_route=%2Fwp%2Fv2%2Fcomments&post=32514"}],"version-history":[{"count":2,"href":"https:\/\/ostrowskatv.pl\/index.php?rest_route=\/wp\/v2\/posts\/32514\/revisions"}],"predecessor-version":[{"id":32516,"href":"https:\/\/ostrowskatv.pl\/index.php?rest_route=\/wp\/v2\/posts\/32514\/revisions\/32516"}],"wp:featuredmedia":[{"embeddable":true,"href":"https:\/\/ostrowskatv.pl\/index.php?rest_route=\/wp\/v2\/media\/32512"}],"wp:attachment":[{"href":"https:\/\/ostrowskatv.pl\/index.php?rest_route=%2Fwp%2Fv2%2Fmedia&parent=32514"}],"wp:term":[{"taxonomy":"category","embeddable":true,"href":"https:\/\/ostrowskatv.pl\/index.php?rest_route=%2Fwp%2Fv2%2Fcategories&post=32514"},{"taxonomy":"post_tag","embeddable":true,"href":"https:\/\/ostrowskatv.pl\/index.php?rest_route=%2Fwp%2Fv2%2Ftags&post=32514"}],"curies":[{"name":"wp","href":"https:\/\/api.w.org\/{rel}","templated":true}]}}