{"id":32508,"date":"2024-12-09T16:54:01","date_gmt":"2024-12-09T15:54:01","guid":{"rendered":"https:\/\/ostrowskatv.pl\/?p=32508"},"modified":"2024-12-09T16:54:01","modified_gmt":"2024-12-09T15:54:01","slug":"rowerzysta-potracony-przez-samochod-ten-mial-uciec","status":"publish","type":"post","link":"https:\/\/ostrowskatv.pl\/?p=32508","title":{"rendered":"Rowerzysta potr\u0105cony przez samoch\u00f3d? Ten mia\u0142 uciec"},"content":{"rendered":"<p><strong>W Topoli Osiedle w pi\u0105tkowy wiecz\u00f3r dosz\u0142o do potr\u0105cenia rowerzysty. Policjanci wyja\u015bniaj\u0105 co dok\u0142adnie si\u0119 wydarzy\u0142o. Wiadomo, \u017ce w zdarzeniu bra\u0142 jeszcze udzia\u0142 samoch\u00f3d osobowy. Samoch\u00f3d osobowy koloru br\u0105zowego uciek\u0142 z miejsca zdarzenia.<\/strong><\/p>\n<p>Do zdarzenia dosz\u0142o o godzinie 19:10 w lesie pomi\u0119dzy Ostrowem Wielkopolskim a Odolanowem. Rowerzysta 44-letni mia\u0142 w organizmie ponad p\u00f3\u0142 promila alkoholu. Co ciekawe mia\u0142 za\u0142o\u017con\u0105 kamizelk\u0119 odblaskow\u0105, a rower posiada\u0142 sprawne o\u015bwietlenie.<\/p>\n<p>Policja sprawdza czy faktycznie dosz\u0142o do kontaktu obu pojazd\u00f3w.<\/p>\n<p>zdj\u0119cie pogl\u0105dowe<\/p>\n","protected":false},"excerpt":{"rendered":"W Topoli Osiedle w pi\u0105tkowy wiecz\u00f3r dosz\u0142o do potr\u0105cenia rowerzysty. Policjanci wyja\u015bniaj\u0105 co dok\u0142adnie si\u0119 wydarzy\u0142o. Wiadomo, \u017ce w zdarzeniu bra\u0142 jeszcze udzia\u0142 \n<a class=\"moretag\" href=\"https:\/\/ostrowskatv.pl\/?p=32508\"> [...]<\/a>","protected":false},"author":1,"featured_media":24374,"comment_status":"open","ping_status":"closed","sticky":false,"template":"","format":"standard","meta":{"footnotes":""},"categories":[1],"tags":[11],"class_list":["post-32508","post","type-post","status-publish","format-standard","has-post-thumbnail","hentry","category-news","tag-wypadek"],"_links":{"self":[{"href":"https:\/\/ostrowskatv.pl\/index.php?rest_route=\/wp\/v2\/posts\/32508","targetHints":{"allow":["GET"]}}],"collection":[{"href":"https:\/\/ostrowskatv.pl\/index.php?rest_route=\/wp\/v2\/posts"}],"about":[{"href":"https:\/\/ostrowskatv.pl\/index.php?rest_route=\/wp\/v2\/types\/post"}],"author":[{"embeddable":true,"href":"https:\/\/ostrowskatv.pl\/index.php?rest_route=\/wp\/v2\/users\/1"}],"replies":[{"embeddable":true,"href":"https:\/\/ostrowskatv.pl\/index.php?rest_route=%2Fwp%2Fv2%2Fcomments&post=32508"}],"version-history":[{"count":2,"href":"https:\/\/ostrowskatv.pl\/index.php?rest_route=\/wp\/v2\/posts\/32508\/revisions"}],"predecessor-version":[{"id":32510,"href":"https:\/\/ostrowskatv.pl\/index.php?rest_route=\/wp\/v2\/posts\/32508\/revisions\/32510"}],"wp:featuredmedia":[{"embeddable":true,"href":"https:\/\/ostrowskatv.pl\/index.php?rest_route=\/wp\/v2\/media\/24374"}],"wp:attachment":[{"href":"https:\/\/ostrowskatv.pl\/index.php?rest_route=%2Fwp%2Fv2%2Fmedia&parent=32508"}],"wp:term":[{"taxonomy":"category","embeddable":true,"href":"https:\/\/ostrowskatv.pl\/index.php?rest_route=%2Fwp%2Fv2%2Fcategories&post=32508"},{"taxonomy":"post_tag","embeddable":true,"href":"https:\/\/ostrowskatv.pl\/index.php?rest_route=%2Fwp%2Fv2%2Ftags&post=32508"}],"curies":[{"name":"wp","href":"https:\/\/api.w.org\/{rel}","templated":true}]}}