{"id":32491,"date":"2024-12-09T11:37:33","date_gmt":"2024-12-09T10:37:33","guid":{"rendered":"https:\/\/ostrowskatv.pl\/?p=32491"},"modified":"2024-12-09T11:37:46","modified_gmt":"2024-12-09T10:37:46","slug":"26-latek-doprowadzony-do-prokuratury-ma-na-sumieniu-dwie-kobiety","status":"publish","type":"post","link":"https:\/\/ostrowskatv.pl\/?p=32491","title":{"rendered":"26-latek doprowadzony do prokuratury. Ma na sumieniu dwie kobiety"},"content":{"rendered":"<p><strong>Dzi\u015b do pleszewskiej prokuratury zosta\u0142 doprowadzony 26-latek, kt\u00f3ry w sobotnie popo\u0142udnie prowadzi\u0142 w stanie skrajnego upojenia i potr\u0105ci\u0142 dwie kobiety.<\/strong><\/p>\n<p><img loading=\"lazy\" decoding=\"async\" src=\"https:\/\/ostrowskatv.pl\/wp-content\/uploads\/2024\/12\/1000113911.jpg\" alt=\"\" width=\"1920\" height=\"1080\" class=\"alignnone size-full wp-image-32492\" srcset=\"https:\/\/ostrowskatv.pl\/wp-content\/uploads\/2024\/12\/1000113911.jpg 1920w, https:\/\/ostrowskatv.pl\/wp-content\/uploads\/2024\/12\/1000113911-300x169.jpg 300w, https:\/\/ostrowskatv.pl\/wp-content\/uploads\/2024\/12\/1000113911-1333x750.jpg 1333w, https:\/\/ostrowskatv.pl\/wp-content\/uploads\/2024\/12\/1000113911-1536x864.jpg 1536w\" sizes=\"auto, (max-width: 1920px) 100vw, 1920px\" \/><\/p>\n<p><img loading=\"lazy\" decoding=\"async\" src=\"https:\/\/ostrowskatv.pl\/wp-content\/uploads\/2024\/12\/1000113909.jpg\" alt=\"\" width=\"1920\" height=\"1080\" class=\"alignnone size-full wp-image-32493\" srcset=\"https:\/\/ostrowskatv.pl\/wp-content\/uploads\/2024\/12\/1000113909.jpg 1920w, https:\/\/ostrowskatv.pl\/wp-content\/uploads\/2024\/12\/1000113909-300x169.jpg 300w, https:\/\/ostrowskatv.pl\/wp-content\/uploads\/2024\/12\/1000113909-1333x750.jpg 1333w, https:\/\/ostrowskatv.pl\/wp-content\/uploads\/2024\/12\/1000113909-1536x864.jpg 1536w\" sizes=\"auto, (max-width: 1920px) 100vw, 1920px\" \/><\/p>\n<p><img loading=\"lazy\" decoding=\"async\" src=\"https:\/\/ostrowskatv.pl\/wp-content\/uploads\/2024\/12\/1000113898.jpg\" alt=\"\" width=\"1920\" height=\"1080\" class=\"alignnone size-full wp-image-32494\" srcset=\"https:\/\/ostrowskatv.pl\/wp-content\/uploads\/2024\/12\/1000113898.jpg 1920w, https:\/\/ostrowskatv.pl\/wp-content\/uploads\/2024\/12\/1000113898-300x169.jpg 300w, https:\/\/ostrowskatv.pl\/wp-content\/uploads\/2024\/12\/1000113898-1333x750.jpg 1333w, https:\/\/ostrowskatv.pl\/wp-content\/uploads\/2024\/12\/1000113898-1536x864.jpg 1536w\" sizes=\"auto, (max-width: 1920px) 100vw, 1920px\" \/><\/p>\n<p><img loading=\"lazy\" decoding=\"async\" src=\"https:\/\/ostrowskatv.pl\/wp-content\/uploads\/2024\/12\/1000113899.jpg\" alt=\"\" width=\"1920\" height=\"1080\" class=\"alignnone size-full wp-image-32495\" srcset=\"https:\/\/ostrowskatv.pl\/wp-content\/uploads\/2024\/12\/1000113899.jpg 1920w, https:\/\/ostrowskatv.pl\/wp-content\/uploads\/2024\/12\/1000113899-300x169.jpg 300w, https:\/\/ostrowskatv.pl\/wp-content\/uploads\/2024\/12\/1000113899-1333x750.jpg 1333w, https:\/\/ostrowskatv.pl\/wp-content\/uploads\/2024\/12\/1000113899-1536x864.jpg 1536w\" sizes=\"auto, (max-width: 1920px) 100vw, 1920px\" \/><\/p>\n<p><img loading=\"lazy\" decoding=\"async\" src=\"https:\/\/ostrowskatv.pl\/wp-content\/uploads\/2024\/12\/1000113900.jpg\" alt=\"\" width=\"1920\" height=\"1080\" class=\"alignnone size-full wp-image-32496\" srcset=\"https:\/\/ostrowskatv.pl\/wp-content\/uploads\/2024\/12\/1000113900.jpg 1920w, https:\/\/ostrowskatv.pl\/wp-content\/uploads\/2024\/12\/1000113900-300x169.jpg 300w, https:\/\/ostrowskatv.pl\/wp-content\/uploads\/2024\/12\/1000113900-1333x750.jpg 1333w, https:\/\/ostrowskatv.pl\/wp-content\/uploads\/2024\/12\/1000113900-1536x864.jpg 1536w\" sizes=\"auto, (max-width: 1920px) 100vw, 1920px\" \/><\/p>\n<p><img loading=\"lazy\" decoding=\"async\" src=\"https:\/\/ostrowskatv.pl\/wp-content\/uploads\/2024\/12\/1000113901.jpg\" alt=\"\" width=\"1920\" height=\"1080\" class=\"alignnone size-full wp-image-32497\" srcset=\"https:\/\/ostrowskatv.pl\/wp-content\/uploads\/2024\/12\/1000113901.jpg 1920w, https:\/\/ostrowskatv.pl\/wp-content\/uploads\/2024\/12\/1000113901-300x169.jpg 300w, https:\/\/ostrowskatv.pl\/wp-content\/uploads\/2024\/12\/1000113901-1333x750.jpg 1333w, https:\/\/ostrowskatv.pl\/wp-content\/uploads\/2024\/12\/1000113901-1536x864.jpg 1536w\" sizes=\"auto, (max-width: 1920px) 100vw, 1920px\" \/><\/p>\n<p><img loading=\"lazy\" decoding=\"async\" src=\"https:\/\/ostrowskatv.pl\/wp-content\/uploads\/2024\/12\/1000113895.jpg\" alt=\"\" width=\"1920\" height=\"886\" class=\"alignnone size-full wp-image-32498\" srcset=\"https:\/\/ostrowskatv.pl\/wp-content\/uploads\/2024\/12\/1000113895.jpg 1920w, https:\/\/ostrowskatv.pl\/wp-content\/uploads\/2024\/12\/1000113895-300x138.jpg 300w, https:\/\/ostrowskatv.pl\/wp-content\/uploads\/2024\/12\/1000113895-1333x615.jpg 1333w, https:\/\/ostrowskatv.pl\/wp-content\/uploads\/2024\/12\/1000113895-1536x709.jpg 1536w\" sizes=\"auto, (max-width: 1920px) 100vw, 1920px\" \/><\/p>\n<p><img loading=\"lazy\" decoding=\"async\" src=\"https:\/\/ostrowskatv.pl\/wp-content\/uploads\/2024\/12\/1000113902.jpg\" alt=\"\" width=\"1220\" height=\"805\" class=\"alignnone size-full wp-image-32499\" srcset=\"https:\/\/ostrowskatv.pl\/wp-content\/uploads\/2024\/12\/1000113902.jpg 1220w, https:\/\/ostrowskatv.pl\/wp-content\/uploads\/2024\/12\/1000113902-300x198.jpg 300w\" sizes=\"auto, (max-width: 1220px) 100vw, 1220px\" \/><\/p>\n<p>Do zdarzenia dosz\u0142o tu\u017c za granic\u0105 powiatu ostrowskiego w Karminie. Ofiar\u0105 jest mama proboszcza.<\/p>\n<p>Sprawa wysz\u0142a na jaw kiedy podczas wieczornych mszy zamiast proboszcza pojawi\u0142 si\u0119 ksi\u0105dz wikariusz i poinformowa\u0142, \u017ce odprawi msz\u0119 w zast\u0119pstwie, poniewa\u017c mama ksi\u0119dza proboszcza zosta\u0142a potr\u0105cona. Z naszych ustale\u0144 wynika, \u017ce chodzi o 71-letni\u0105 kobiet\u0119, kt\u00f3ra zmar\u0142a po przewiezieniu do pleszewskiego szpitala.<\/p>\n<p>Feralnego dnia odbywa\u0142o si\u0119 spotkanie senior\u00f3w \u201eDANIE WSP\u00d3LNYCH CHWIL\u201d w sali wiejskiej w Karminie. Rozpocz\u0119\u0142o si\u0119 o godzinie 14:00. Organizator zapewnia\u0142, \u017ce w razie potrzeby zapewnia transport do sali, a tak\u017ce odw\u00f3zk\u0119 do domu.<\/p>\n<p>Z tej propozycji najwyra\u017aniej nie skorzysta\u0142y 71- oraz 61-letnie kobiety. Postanowi\u0142y wr\u00f3ci\u0107 z sali skrajem jezdni, zamiast przej\u015b\u0107 na wysoko\u015bci sali wiejskiej na chodnik. Zanim dotar\u0142y do bardzo dobrze oznakowanego przej\u015bcia dla pieszych nadjecha\u0142 bia\u0142y bus marki Opel, kierowany przez pijanego 26-latka. M\u0119\u017cczyzna nie dostrzeg\u0142 pieszych i potr\u0105ci\u0142 obie. 71-letnia kobieta po przewiezieniu do szpitala zmar\u0142a. Stan drugiej kobiety jest stabilny.<\/p>\n<p>Z naszych ustale\u0144 wynika, \u017ce m\u0142ody m\u0119\u017cczyzna nie tylko nie mia\u0142 prawa jazdy, ale tak\u017ce ju\u017c oko\u0142o dw\u00f3ch lat wcze\u015bniej spowodowa\u0142 zdarzenie drogowe w Karminku. R\u00f3wnie\u017c wtedy by\u0142 pijany. Wyje\u017cd\u017caj\u0105c z drogi podporz\u0105dkowanej uderzy\u0142 w samoch\u00f3d prowadzony przez adwokatk\u0119. Nie dosz\u0142o tam do obra\u017ce\u0144 u kobiety, ale sprawca otrzyma\u0142 s\u0105downy zakaz prowadzenia pojazd\u00f3w. Bezpo\u015brednio po zdarzeniu mia\u0142 si\u0119 oddali\u0107.<\/p>\n<p>Tak\u017ce w przypadku tego wypadku m\u0119\u017cczyzna odjecha\u0142 pod pobliski sklep, gdzie zamierza\u0142 dokupi\u0107 sobie butelk\u0119 kolejnego alkoholu. Zreflektowa\u0142 si\u0119 jednak i wr\u00f3ci\u0142 na miejsce potr\u0105cenia pr\u00f3buj\u0105c udzieli\u0107 pierwszej pomocy.<\/p>\n<p>M\u0119\u017cczyzna zosta\u0142 zatrzymany i po wytrze\u017awieniu us\u0142yszy zarzuty.<\/p>\n<p>To dobra okazja, \u017ceby przypomnie\u0107 jak wa\u017cne jest noszenie odblask\u00f3w<\/p>\n","protected":false},"excerpt":{"rendered":"Dzi\u015b do pleszewskiej prokuratury zosta\u0142 doprowadzony 26-latek, kt\u00f3ry w sobotnie popo\u0142udnie prowadzi\u0142 w stanie skrajnego upojenia i potr\u0105ci\u0142 dwie kobiety. Do zdarzenia dosz\u0142o \n<a class=\"moretag\" href=\"https:\/\/ostrowskatv.pl\/?p=32491\"> [...]<\/a>","protected":false},"author":1,"featured_media":32493,"comment_status":"open","ping_status":"closed","sticky":false,"template":"","format":"standard","meta":{"footnotes":""},"categories":[1],"tags":[11],"class_list":["post-32491","post","type-post","status-publish","format-standard","has-post-thumbnail","hentry","category-news","tag-wypadek"],"_links":{"self":[{"href":"https:\/\/ostrowskatv.pl\/index.php?rest_route=\/wp\/v2\/posts\/32491","targetHints":{"allow":["GET"]}}],"collection":[{"href":"https:\/\/ostrowskatv.pl\/index.php?rest_route=\/wp\/v2\/posts"}],"about":[{"href":"https:\/\/ostrowskatv.pl\/index.php?rest_route=\/wp\/v2\/types\/post"}],"author":[{"embeddable":true,"href":"https:\/\/ostrowskatv.pl\/index.php?rest_route=\/wp\/v2\/users\/1"}],"replies":[{"embeddable":true,"href":"https:\/\/ostrowskatv.pl\/index.php?rest_route=%2Fwp%2Fv2%2Fcomments&post=32491"}],"version-history":[{"count":2,"href":"https:\/\/ostrowskatv.pl\/index.php?rest_route=\/wp\/v2\/posts\/32491\/revisions"}],"predecessor-version":[{"id":32501,"href":"https:\/\/ostrowskatv.pl\/index.php?rest_route=\/wp\/v2\/posts\/32491\/revisions\/32501"}],"wp:featuredmedia":[{"embeddable":true,"href":"https:\/\/ostrowskatv.pl\/index.php?rest_route=\/wp\/v2\/media\/32493"}],"wp:attachment":[{"href":"https:\/\/ostrowskatv.pl\/index.php?rest_route=%2Fwp%2Fv2%2Fmedia&parent=32491"}],"wp:term":[{"taxonomy":"category","embeddable":true,"href":"https:\/\/ostrowskatv.pl\/index.php?rest_route=%2Fwp%2Fv2%2Fcategories&post=32491"},{"taxonomy":"post_tag","embeddable":true,"href":"https:\/\/ostrowskatv.pl\/index.php?rest_route=%2Fwp%2Fv2%2Ftags&post=32491"}],"curies":[{"name":"wp","href":"https:\/\/api.w.org\/{rel}","templated":true}]}}