{"id":324,"date":"2016-02-08T11:38:52","date_gmt":"2016-02-08T10:38:52","guid":{"rendered":"http:\/\/ostrowska.tv\/?p=324"},"modified":"2016-02-08T11:38:52","modified_gmt":"2016-02-08T10:38:52","slug":"wiemy-co-sie-wydarzylo-w-sosniach-brzmi-kuriozalnie","status":"publish","type":"post","link":"https:\/\/ostrowskatv.pl\/?p=324","title":{"rendered":"Wiemy co si\u0119 wydarzy\u0142o w So\u015bniach. Brzmi kuriozalnie"},"content":{"rendered":"<p><strong>W czwartek 4 lutego w So\u015bniach (powiat ostrowski) dosz\u0142o do znalezienia cia\u0142a 67-letniej kobiety w jej domu. Pocz\u0105tkowo zatrzymano m\u0119\u017ca kobiety. Jak wyja\u015bni\u0142 Janusz Walczak z Prokuratury Okr\u0119gowej w Ostrowie Wlkp. &#8211; Zarzuty przedstawiono 67-letniemu m\u0119\u017cczy\u017anie, m\u0119\u017cowi kobiety. Zarzucono mu nieumy\u015blne spowodowanie \u015bmierci kobiety. <\/strong><\/p>\n<p>W opisie czynu wskazano i\u017c m\u0119\u017cczyzna podszed\u0142 do kobiety gro\u017c\u0105c jej spaleniem mieszkania, trzymaj\u0105c w r\u0119ku kanister z benzyn\u0105. Nast\u0119pnie, co opisano w zarzucie, kobieta kopn\u0119\u0142a kanister co\u00a0 doprowadzi\u0142o do wylania si\u0119 benzyny na jej cia\u0142o. A po zapaleniu przez ni\u0105 zapalniczki, do wzniecenia ognia. Nast\u0119pnie m\u0119\u017cczyzna przycisn\u0105\u0142 g\u0142ow\u0119 kobiety ko\u0142dr\u0105 co doprowadzi\u0142o do zaniechania funkcji \u017cyciowych kobiety.<\/p>\n<p>Czyn m\u0119\u017cczyzny zakwalifikowano jako przest\u0119pstwo z artyku\u0142u 155 kodeksu karnego. Wskazane przest\u0119pstwo zagro\u017cone jest kar\u0105 od 3 miesi\u0119cy do 5 lat pozbawienia wolno\u015bci. Zw\u0142oki kobiety zosta\u0142y zabezpieczone. Zosta\u0142a przeprowadzona sekcja przez bieg\u0142ych z katedry medycyny s\u0105dowej Uniwersytetu Medycznego w Poznaniu. Biegli na ciele kobiety stwierdzili rany oparzeniowe, g\u0142\u00f3wnie<br \/>\nna twarzy, klatce piersiowej i r\u0119kach. Ostatecznej opinii odno\u015bnie przyczyny \u015bmierci, biegli nie wydali. B\u0119dzie to mo\u017cliwe po uzyskaniu przez nich dodatkowych bada\u0144. Powo\u0142ano jednak dodatkowo bieg\u0142ego z dziedziny medycyny s\u0105dowej, kt\u00f3ry w oparciu o protok\u00f3\u0142 sekcyjny, a tak\u017ce dokonane dotychczas ustalenia, stwierdzi\u0142 i\u017c do \u015bmierci kobiety prawdopodobnie dosz\u0142o w kontek\u015bcie przyciskania kobiety ko\u0142dr\u0105.<\/p>\n<p>Czynno\u015bci zmierzaj\u0105ce do ustalenia w mo\u017cliwie pe\u0142ny spos\u00f3b, a tak\u017ce weryfikacji wyja\u015bnie\u0144 z\u0142o\u017conych przez m\u0119\u017cczyzn\u0119 s\u0105 kontynuowane. Prokuratura Rejonowa w Ostrowie Wlkp. skierowa\u0142a wniosek o tymczasowe aresztowanie m\u0119\u017cczyzny. S\u0105d wniosek uwzgl\u0119dni\u0142 i m\u0119\u017cczyzna zosta\u0142 aresztowany. \u015aledztwo jest kontynuowane.<\/p>\n<p>Niezb\u0119dne jest dokonanie przeprowadzenie weryfikacji wyja\u015bnie\u0144 m\u0119\u017cczyzny. Ze z\u0142o\u017conych przez niego wyja\u015bnie\u0144 wynika, \u017ce <strong>przyci\u015bniecie przez niego g\u0142owy kobiety ko\u0142dr\u0105 zmierza\u0142o do ugaszenia<\/strong><br \/>\n<strong> ognia, kt\u00f3ry wcze\u015bniej pojawi\u0142 si\u0119 w zwi\u0105zku z rozlaniem benzyny.<\/strong><\/p>\n","protected":false},"excerpt":{"rendered":"W czwartek 4 lutego w So\u015bniach (powiat ostrowski) dosz\u0142o do znalezienia cia\u0142a 67-letniej kobiety w jej domu. Pocz\u0105tkowo zatrzymano m\u0119\u017ca kobiety. Jak wyja\u015bni\u0142 \n<a class=\"moretag\" href=\"https:\/\/ostrowskatv.pl\/?p=324\"> [...]<\/a>","protected":false},"author":1,"featured_media":303,"comment_status":"open","ping_status":"open","sticky":false,"template":"","format":"standard","meta":{"footnotes":""},"categories":[1],"tags":[42],"class_list":["post-324","post","type-post","status-publish","format-standard","has-post-thumbnail","hentry","category-news","tag-sosnie"],"_links":{"self":[{"href":"https:\/\/ostrowskatv.pl\/index.php?rest_route=\/wp\/v2\/posts\/324","targetHints":{"allow":["GET"]}}],"collection":[{"href":"https:\/\/ostrowskatv.pl\/index.php?rest_route=\/wp\/v2\/posts"}],"about":[{"href":"https:\/\/ostrowskatv.pl\/index.php?rest_route=\/wp\/v2\/types\/post"}],"author":[{"embeddable":true,"href":"https:\/\/ostrowskatv.pl\/index.php?rest_route=\/wp\/v2\/users\/1"}],"replies":[{"embeddable":true,"href":"https:\/\/ostrowskatv.pl\/index.php?rest_route=%2Fwp%2Fv2%2Fcomments&post=324"}],"version-history":[{"count":0,"href":"https:\/\/ostrowskatv.pl\/index.php?rest_route=\/wp\/v2\/posts\/324\/revisions"}],"wp:featuredmedia":[{"embeddable":true,"href":"https:\/\/ostrowskatv.pl\/index.php?rest_route=\/wp\/v2\/media\/303"}],"wp:attachment":[{"href":"https:\/\/ostrowskatv.pl\/index.php?rest_route=%2Fwp%2Fv2%2Fmedia&parent=324"}],"wp:term":[{"taxonomy":"category","embeddable":true,"href":"https:\/\/ostrowskatv.pl\/index.php?rest_route=%2Fwp%2Fv2%2Fcategories&post=324"},{"taxonomy":"post_tag","embeddable":true,"href":"https:\/\/ostrowskatv.pl\/index.php?rest_route=%2Fwp%2Fv2%2Ftags&post=324"}],"curies":[{"name":"wp","href":"https:\/\/api.w.org\/{rel}","templated":true}]}}