{"id":32290,"date":"2024-12-07T10:54:36","date_gmt":"2024-12-07T09:54:36","guid":{"rendered":"https:\/\/ostrowskatv.pl\/?p=32290"},"modified":"2024-12-07T10:54:36","modified_gmt":"2024-12-07T09:54:36","slug":"pozar-domu-k-ostrowa-zdjecia","status":"publish","type":"post","link":"https:\/\/ostrowskatv.pl\/?p=32290","title":{"rendered":"Po\u017car domu k. Ostrowa (ZDJ\u0118CIA)"},"content":{"rendered":"<h3 style=\"text-align: left;\"><span style=\"font-family: 'Source Sans Pro', sans-serif; font-size: 1rem;\">Dzi\u015b rano, oko\u0142o godziny 10:00, w miejscowo\u015bci Szczury niedaleko Ostrowa Wielkopolskiego dosz\u0142o do gro\u017anego zdarzenia. Zg\u0142oszono po\u017car domu, co spowodowa\u0142o natychmiastowe wys\u0142anie s\u0142u\u017cb ratunkowych.\u00a0<\/span><\/h3>\n<p><img loading=\"lazy\" decoding=\"async\" src=\"https:\/\/ostrowskatv.pl\/wp-content\/uploads\/2024\/12\/Straz-jesien.jpg\" alt=\"\" width=\"1920\" height=\"1081\" class=\"alignnone size-full wp-image-32291\" srcset=\"https:\/\/ostrowskatv.pl\/wp-content\/uploads\/2024\/12\/Straz-jesien.jpg 1920w, https:\/\/ostrowskatv.pl\/wp-content\/uploads\/2024\/12\/Straz-jesien-300x169.jpg 300w, https:\/\/ostrowskatv.pl\/wp-content\/uploads\/2024\/12\/Straz-jesien-1333x751.jpg 1333w, https:\/\/ostrowskatv.pl\/wp-content\/uploads\/2024\/12\/Straz-jesien-1536x865.jpg 1536w\" sizes=\"auto, (max-width: 1920px) 100vw, 1920px\" \/><\/p>\n<p><img loading=\"lazy\" decoding=\"async\" src=\"https:\/\/ostrowskatv.pl\/wp-content\/uploads\/2024\/12\/Czujka.jpg\" alt=\"\" width=\"1920\" height=\"1081\" class=\"alignnone size-full wp-image-32292\" srcset=\"https:\/\/ostrowskatv.pl\/wp-content\/uploads\/2024\/12\/Czujka.jpg 1920w, https:\/\/ostrowskatv.pl\/wp-content\/uploads\/2024\/12\/Czujka-300x169.jpg 300w, https:\/\/ostrowskatv.pl\/wp-content\/uploads\/2024\/12\/Czujka-1333x751.jpg 1333w, https:\/\/ostrowskatv.pl\/wp-content\/uploads\/2024\/12\/Czujka-1536x865.jpg 1536w\" sizes=\"auto, (max-width: 1920px) 100vw, 1920px\" \/><\/p>\n<p><img loading=\"lazy\" decoding=\"async\" src=\"https:\/\/ostrowskatv.pl\/wp-content\/uploads\/2024\/12\/Straz-jesien2.jpg\" alt=\"\" width=\"1920\" height=\"1081\" class=\"alignnone size-full wp-image-32293\" srcset=\"https:\/\/ostrowskatv.pl\/wp-content\/uploads\/2024\/12\/Straz-jesien2.jpg 1920w, https:\/\/ostrowskatv.pl\/wp-content\/uploads\/2024\/12\/Straz-jesien2-300x169.jpg 300w, https:\/\/ostrowskatv.pl\/wp-content\/uploads\/2024\/12\/Straz-jesien2-1333x751.jpg 1333w, https:\/\/ostrowskatv.pl\/wp-content\/uploads\/2024\/12\/Straz-jesien2-1536x865.jpg 1536w\" sizes=\"auto, (max-width: 1920px) 100vw, 1920px\" \/><\/p>\n<p><img loading=\"lazy\" decoding=\"async\" src=\"https:\/\/ostrowskatv.pl\/wp-content\/uploads\/2024\/12\/1000112897.jpg\" alt=\"\" width=\"1920\" height=\"1081\" class=\"alignnone size-full wp-image-32294\" srcset=\"https:\/\/ostrowskatv.pl\/wp-content\/uploads\/2024\/12\/1000112897.jpg 1920w, https:\/\/ostrowskatv.pl\/wp-content\/uploads\/2024\/12\/1000112897-300x169.jpg 300w, https:\/\/ostrowskatv.pl\/wp-content\/uploads\/2024\/12\/1000112897-1333x751.jpg 1333w, https:\/\/ostrowskatv.pl\/wp-content\/uploads\/2024\/12\/1000112897-1536x865.jpg 1536w\" sizes=\"auto, (max-width: 1920px) 100vw, 1920px\" \/><\/p>\n<p><img loading=\"lazy\" decoding=\"async\" src=\"https:\/\/ostrowskatv.pl\/wp-content\/uploads\/2024\/12\/1000112896.jpg\" alt=\"\" width=\"1919\" height=\"833\" class=\"alignnone size-full wp-image-32295\" srcset=\"https:\/\/ostrowskatv.pl\/wp-content\/uploads\/2024\/12\/1000112896.jpg 1919w, https:\/\/ostrowskatv.pl\/wp-content\/uploads\/2024\/12\/1000112896-300x130.jpg 300w, https:\/\/ostrowskatv.pl\/wp-content\/uploads\/2024\/12\/1000112896-1333x579.jpg 1333w, https:\/\/ostrowskatv.pl\/wp-content\/uploads\/2024\/12\/1000112896-1536x667.jpg 1536w\" sizes=\"auto, (max-width: 1919px) 100vw, 1919px\" \/><\/p>\n<p><img loading=\"lazy\" decoding=\"async\" src=\"https:\/\/ostrowskatv.pl\/wp-content\/uploads\/2024\/12\/1000112894.jpg\" alt=\"\" width=\"1920\" height=\"1081\" class=\"alignnone size-full wp-image-32296\" srcset=\"https:\/\/ostrowskatv.pl\/wp-content\/uploads\/2024\/12\/1000112894.jpg 1920w, https:\/\/ostrowskatv.pl\/wp-content\/uploads\/2024\/12\/1000112894-300x169.jpg 300w, https:\/\/ostrowskatv.pl\/wp-content\/uploads\/2024\/12\/1000112894-1333x751.jpg 1333w, https:\/\/ostrowskatv.pl\/wp-content\/uploads\/2024\/12\/1000112894-1536x865.jpg 1536w\" sizes=\"auto, (max-width: 1920px) 100vw, 1920px\" \/><\/p>\n<p><img loading=\"lazy\" decoding=\"async\" src=\"https:\/\/ostrowskatv.pl\/wp-content\/uploads\/2024\/12\/1000112893.jpg\" alt=\"\" width=\"1920\" height=\"1387\" class=\"alignnone size-full wp-image-32297\" srcset=\"https:\/\/ostrowskatv.pl\/wp-content\/uploads\/2024\/12\/1000112893.jpg 1920w, https:\/\/ostrowskatv.pl\/wp-content\/uploads\/2024\/12\/1000112893-300x217.jpg 300w, https:\/\/ostrowskatv.pl\/wp-content\/uploads\/2024\/12\/1000112893-1333x963.jpg 1333w, https:\/\/ostrowskatv.pl\/wp-content\/uploads\/2024\/12\/1000112893-1536x1110.jpg 1536w\" sizes=\"auto, (max-width: 1920px) 100vw, 1920px\" \/><\/p>\n<p><img loading=\"lazy\" decoding=\"async\" src=\"https:\/\/ostrowskatv.pl\/wp-content\/uploads\/2024\/12\/1000112892.jpg\" alt=\"\" width=\"1920\" height=\"836\" class=\"alignnone size-full wp-image-32298\" srcset=\"https:\/\/ostrowskatv.pl\/wp-content\/uploads\/2024\/12\/1000112892.jpg 1920w, https:\/\/ostrowskatv.pl\/wp-content\/uploads\/2024\/12\/1000112892-300x131.jpg 300w, https:\/\/ostrowskatv.pl\/wp-content\/uploads\/2024\/12\/1000112892-1333x580.jpg 1333w, https:\/\/ostrowskatv.pl\/wp-content\/uploads\/2024\/12\/1000112892-1536x669.jpg 1536w\" sizes=\"auto, (max-width: 1920px) 100vw, 1920px\" \/><\/p>\n<p>Na miejscu stra\u017cacy odkryli, \u017ce ogie\u0144 pojawi\u0142 si\u0119 na przy\u0142\u0105czu energetycznym do budynku. Na szcz\u0119\u015bcie sytuacja zosta\u0142a szybko opanowana \u2013 po\u017car nie rozprzestrzeni\u0142 si\u0119 na reszt\u0119 domu. Dzi\u0119ki skutecznej interwencji stra\u017cak\u00f3w, ograniczono straty do minimum, a rozwini\u0119te dzia\u0142ania ga\u015bnicze nie by\u0142y konieczne. Stra\u017cacy musieli jedynie usun\u0105\u0107 cz\u0119\u015b\u0107 ocieplenia budynku, aby uniemo\u017cliwi\u0107 wej\u015bcie ognia w ocieplenie \u015bciany.<\/p>\n<p>Obecnie s\u0142u\u017cby czekaj\u0105 na przyjazd pogotowia energetycznego. Specjali\u015bci zajm\u0105 si\u0119 od\u0142\u0105czeniem zasilania, co umo\u017cliwi dalsze ustalenie przyczyny problemu. Mieszka\u0144com budynku nie zagra\u017ca ju\u017c \u017cadne niebezpiecze\u0144stwo.<\/p>\n<p>&nbsp;<\/p>\n","protected":false},"excerpt":{"rendered":"Dzi\u015b rano, oko\u0142o godziny 10:00, w miejscowo\u015bci Szczury niedaleko Ostrowa Wielkopolskiego dosz\u0142o do gro\u017anego zdarzenia. Zg\u0142oszono po\u017car domu, co spowodowa\u0142o natychmiastowe wys\u0142anie s\u0142u\u017cb \n<a class=\"moretag\" href=\"https:\/\/ostrowskatv.pl\/?p=32290\"> [...]<\/a>","protected":false},"author":1,"featured_media":32293,"comment_status":"open","ping_status":"closed","sticky":false,"template":"","format":"standard","meta":{"footnotes":""},"categories":[1],"tags":[267,7,314,95],"class_list":["post-32290","post","type-post","status-publish","format-standard","has-post-thumbnail","hentry","category-news","tag-dom","tag-pozar","tag-prad","tag-szczury"],"_links":{"self":[{"href":"https:\/\/ostrowskatv.pl\/index.php?rest_route=\/wp\/v2\/posts\/32290","targetHints":{"allow":["GET"]}}],"collection":[{"href":"https:\/\/ostrowskatv.pl\/index.php?rest_route=\/wp\/v2\/posts"}],"about":[{"href":"https:\/\/ostrowskatv.pl\/index.php?rest_route=\/wp\/v2\/types\/post"}],"author":[{"embeddable":true,"href":"https:\/\/ostrowskatv.pl\/index.php?rest_route=\/wp\/v2\/users\/1"}],"replies":[{"embeddable":true,"href":"https:\/\/ostrowskatv.pl\/index.php?rest_route=%2Fwp%2Fv2%2Fcomments&post=32290"}],"version-history":[{"count":2,"href":"https:\/\/ostrowskatv.pl\/index.php?rest_route=\/wp\/v2\/posts\/32290\/revisions"}],"predecessor-version":[{"id":32300,"href":"https:\/\/ostrowskatv.pl\/index.php?rest_route=\/wp\/v2\/posts\/32290\/revisions\/32300"}],"wp:featuredmedia":[{"embeddable":true,"href":"https:\/\/ostrowskatv.pl\/index.php?rest_route=\/wp\/v2\/media\/32293"}],"wp:attachment":[{"href":"https:\/\/ostrowskatv.pl\/index.php?rest_route=%2Fwp%2Fv2%2Fmedia&parent=32290"}],"wp:term":[{"taxonomy":"category","embeddable":true,"href":"https:\/\/ostrowskatv.pl\/index.php?rest_route=%2Fwp%2Fv2%2Fcategories&post=32290"},{"taxonomy":"post_tag","embeddable":true,"href":"https:\/\/ostrowskatv.pl\/index.php?rest_route=%2Fwp%2Fv2%2Ftags&post=32290"}],"curies":[{"name":"wp","href":"https:\/\/api.w.org\/{rel}","templated":true}]}}