{"id":32257,"date":"2024-12-05T20:07:45","date_gmt":"2024-12-05T19:07:45","guid":{"rendered":"https:\/\/ostrowskatv.pl\/?p=32257"},"modified":"2024-12-05T20:07:45","modified_gmt":"2024-12-05T19:07:45","slug":"wjechala-w-tyl-bmw-kierujaca-w-szpitalu","status":"publish","type":"post","link":"https:\/\/ostrowskatv.pl\/?p=32257","title":{"rendered":"Wjecha\u0142a w ty\u0142 BMW. Kieruj\u0105ca w szpitalu"},"content":{"rendered":"<p><strong><span style=\"font-size: 1rem;\">Dzi\u015b o godzinie 16:00 dosz\u0142o do zderzenia dw\u00f3ch samochod\u00f3w osobowych na skrzy\u017cowaniu ulic Wroc\u0142awskiej i Po\u0142udniowej w Ostrowie Wielkopolskim. W kolizji uczestniczy\u0142y BMW oraz citroen, kt\u00f3rymi podr\u00f3\u017cowa\u0142y kobiety.<\/span><\/strong><\/p>\n<p><img loading=\"lazy\" decoding=\"async\" src=\"https:\/\/ostrowskatv.pl\/wp-content\/uploads\/2024\/12\/1000112536.jpg\" alt=\"\" width=\"1920\" height=\"1081\" class=\"alignnone size-full wp-image-32258\" srcset=\"https:\/\/ostrowskatv.pl\/wp-content\/uploads\/2024\/12\/1000112536.jpg 1920w, https:\/\/ostrowskatv.pl\/wp-content\/uploads\/2024\/12\/1000112536-300x169.jpg 300w, https:\/\/ostrowskatv.pl\/wp-content\/uploads\/2024\/12\/1000112536-1333x751.jpg 1333w, https:\/\/ostrowskatv.pl\/wp-content\/uploads\/2024\/12\/1000112536-1536x865.jpg 1536w\" sizes=\"auto, (max-width: 1920px) 100vw, 1920px\" \/><\/p>\n<p><img loading=\"lazy\" decoding=\"async\" src=\"https:\/\/ostrowskatv.pl\/wp-content\/uploads\/2024\/12\/1000112537.jpg\" alt=\"\" width=\"1920\" height=\"1081\" class=\"alignnone size-full wp-image-32259\" srcset=\"https:\/\/ostrowskatv.pl\/wp-content\/uploads\/2024\/12\/1000112537.jpg 1920w, https:\/\/ostrowskatv.pl\/wp-content\/uploads\/2024\/12\/1000112537-300x169.jpg 300w, https:\/\/ostrowskatv.pl\/wp-content\/uploads\/2024\/12\/1000112537-1333x751.jpg 1333w, https:\/\/ostrowskatv.pl\/wp-content\/uploads\/2024\/12\/1000112537-1536x865.jpg 1536w\" sizes=\"auto, (max-width: 1920px) 100vw, 1920px\" \/><\/p>\n<p><img loading=\"lazy\" decoding=\"async\" src=\"https:\/\/ostrowskatv.pl\/wp-content\/uploads\/2024\/12\/1000112538.jpg\" alt=\"\" width=\"1920\" height=\"974\" class=\"alignnone size-full wp-image-32260\" srcset=\"https:\/\/ostrowskatv.pl\/wp-content\/uploads\/2024\/12\/1000112538.jpg 1920w, https:\/\/ostrowskatv.pl\/wp-content\/uploads\/2024\/12\/1000112538-300x152.jpg 300w, https:\/\/ostrowskatv.pl\/wp-content\/uploads\/2024\/12\/1000112538-1333x676.jpg 1333w, https:\/\/ostrowskatv.pl\/wp-content\/uploads\/2024\/12\/1000112538-1536x779.jpg 1536w\" sizes=\"auto, (max-width: 1920px) 100vw, 1920px\" \/><\/p>\n<p><img loading=\"lazy\" decoding=\"async\" src=\"https:\/\/ostrowskatv.pl\/wp-content\/uploads\/2024\/12\/1000112540.jpg\" alt=\"\" width=\"1920\" height=\"960\" class=\"alignnone size-full wp-image-32261\" srcset=\"https:\/\/ostrowskatv.pl\/wp-content\/uploads\/2024\/12\/1000112540.jpg 1920w, https:\/\/ostrowskatv.pl\/wp-content\/uploads\/2024\/12\/1000112540-300x150.jpg 300w, https:\/\/ostrowskatv.pl\/wp-content\/uploads\/2024\/12\/1000112540-1333x667.jpg 1333w, https:\/\/ostrowskatv.pl\/wp-content\/uploads\/2024\/12\/1000112540-1536x768.jpg 1536w\" sizes=\"auto, (max-width: 1920px) 100vw, 1920px\" \/><\/p>\n<p><img loading=\"lazy\" decoding=\"async\" src=\"https:\/\/ostrowskatv.pl\/wp-content\/uploads\/2024\/12\/1000112541.jpg\" alt=\"\" width=\"1920\" height=\"937\" class=\"alignnone size-full wp-image-32262\" srcset=\"https:\/\/ostrowskatv.pl\/wp-content\/uploads\/2024\/12\/1000112541.jpg 1920w, https:\/\/ostrowskatv.pl\/wp-content\/uploads\/2024\/12\/1000112541-300x146.jpg 300w, https:\/\/ostrowskatv.pl\/wp-content\/uploads\/2024\/12\/1000112541-1333x651.jpg 1333w, https:\/\/ostrowskatv.pl\/wp-content\/uploads\/2024\/12\/1000112541-1536x750.jpg 1536w\" sizes=\"auto, (max-width: 1920px) 100vw, 1920px\" \/><\/p>\n<p><img loading=\"lazy\" decoding=\"async\" src=\"https:\/\/ostrowskatv.pl\/wp-content\/uploads\/2024\/12\/1000112542.jpg\" alt=\"\" width=\"1920\" height=\"1081\" class=\"alignnone size-full wp-image-32263\" srcset=\"https:\/\/ostrowskatv.pl\/wp-content\/uploads\/2024\/12\/1000112542.jpg 1920w, https:\/\/ostrowskatv.pl\/wp-content\/uploads\/2024\/12\/1000112542-300x169.jpg 300w, https:\/\/ostrowskatv.pl\/wp-content\/uploads\/2024\/12\/1000112542-1333x751.jpg 1333w, https:\/\/ostrowskatv.pl\/wp-content\/uploads\/2024\/12\/1000112542-1536x865.jpg 1536w\" sizes=\"auto, (max-width: 1920px) 100vw, 1920px\" \/><\/p>\n<p><img loading=\"lazy\" decoding=\"async\" src=\"https:\/\/ostrowskatv.pl\/wp-content\/uploads\/2024\/12\/1000112543.jpg\" alt=\"\" width=\"1920\" height=\"1081\" class=\"alignnone size-full wp-image-32264\" srcset=\"https:\/\/ostrowskatv.pl\/wp-content\/uploads\/2024\/12\/1000112543.jpg 1920w, https:\/\/ostrowskatv.pl\/wp-content\/uploads\/2024\/12\/1000112543-300x169.jpg 300w, https:\/\/ostrowskatv.pl\/wp-content\/uploads\/2024\/12\/1000112543-1333x751.jpg 1333w, https:\/\/ostrowskatv.pl\/wp-content\/uploads\/2024\/12\/1000112543-1536x865.jpg 1536w\" sizes=\"auto, (max-width: 1920px) 100vw, 1920px\" \/><\/p>\n<h3>Jak dosz\u0142o do zdarzenia?<\/h3>\n<p>Wed\u0142ug wst\u0119pnych ustale\u0144, kieruj\u0105ca citroenem jecha\u0142a od strony centrum miasta. Na skrzy\u017cowaniu uderzy\u0142a w ty\u0142 BMW, kt\u00f3re zwalnia\u0142o, przygotowuj\u0105c si\u0119 do skr\u0119tu w lewo w ulic\u0119 Po\u0142udniow\u0105.<\/p>\n<p>Na miejscu szybko pojawi\u0142y si\u0119 s\u0142u\u017cby ratunkowe, a jedna z kieruj\u0105cych zosta\u0142a przewieziona do szpitala z podejrzeniem wstrz\u0105\u015bnienia m\u00f3zgu.<\/p>\n<h3>Utrudnienia na drodze<\/h3>\n<p>Kolizja spowodowa\u0142a chwilowe utrudnienia w ruchu, poniewa\u017c obie ulice nale\u017c\u0105 do cz\u0119sto ucz\u0119szczanych tras w Ostrowie Wielkopolskim. Policja prowadzi\u0142a na miejscu czynno\u015bci wyja\u015bniaj\u0105ce, maj\u0105ce na celu ustalenie dok\u0142adnych okoliczno\u015bci zdarzenia.<\/p>\n<h3>Apel o ostro\u017cno\u015b\u0107<\/h3>\n<p>Zdarzenie przypomina o konieczno\u015bci zachowania szczeg\u00f3lnej uwagi na skrzy\u017cowaniach oraz dostosowania pr\u0119dko\u015bci do warunk\u00f3w na drodze. Policja apeluje do kierowc\u00f3w o ostro\u017cno\u015b\u0107, zw\u0142aszcza w godzinach szczytu, kiedy nat\u0119\u017cenie ruchu jest wi\u0119ksze.<\/p>\n","protected":false},"excerpt":{"rendered":"Dzi\u015b o godzinie 16:00 dosz\u0142o do zderzenia dw\u00f3ch samochod\u00f3w osobowych na skrzy\u017cowaniu ulic Wroc\u0142awskiej i Po\u0142udniowej w Ostrowie Wielkopolskim. W kolizji uczestniczy\u0142y BMW \n<a class=\"moretag\" href=\"https:\/\/ostrowskatv.pl\/?p=32257\"> [...]<\/a>","protected":false},"author":1,"featured_media":32261,"comment_status":"open","ping_status":"closed","sticky":false,"template":"","format":"standard","meta":{"footnotes":""},"categories":[1],"tags":[2],"class_list":["post-32257","post","type-post","status-publish","format-standard","has-post-thumbnail","hentry","category-news","tag-ostrow-wielkopolski"],"_links":{"self":[{"href":"https:\/\/ostrowskatv.pl\/index.php?rest_route=\/wp\/v2\/posts\/32257","targetHints":{"allow":["GET"]}}],"collection":[{"href":"https:\/\/ostrowskatv.pl\/index.php?rest_route=\/wp\/v2\/posts"}],"about":[{"href":"https:\/\/ostrowskatv.pl\/index.php?rest_route=\/wp\/v2\/types\/post"}],"author":[{"embeddable":true,"href":"https:\/\/ostrowskatv.pl\/index.php?rest_route=\/wp\/v2\/users\/1"}],"replies":[{"embeddable":true,"href":"https:\/\/ostrowskatv.pl\/index.php?rest_route=%2Fwp%2Fv2%2Fcomments&post=32257"}],"version-history":[{"count":1,"href":"https:\/\/ostrowskatv.pl\/index.php?rest_route=\/wp\/v2\/posts\/32257\/revisions"}],"predecessor-version":[{"id":32265,"href":"https:\/\/ostrowskatv.pl\/index.php?rest_route=\/wp\/v2\/posts\/32257\/revisions\/32265"}],"wp:featuredmedia":[{"embeddable":true,"href":"https:\/\/ostrowskatv.pl\/index.php?rest_route=\/wp\/v2\/media\/32261"}],"wp:attachment":[{"href":"https:\/\/ostrowskatv.pl\/index.php?rest_route=%2Fwp%2Fv2%2Fmedia&parent=32257"}],"wp:term":[{"taxonomy":"category","embeddable":true,"href":"https:\/\/ostrowskatv.pl\/index.php?rest_route=%2Fwp%2Fv2%2Fcategories&post=32257"},{"taxonomy":"post_tag","embeddable":true,"href":"https:\/\/ostrowskatv.pl\/index.php?rest_route=%2Fwp%2Fv2%2Ftags&post=32257"}],"curies":[{"name":"wp","href":"https:\/\/api.w.org\/{rel}","templated":true}]}}