{"id":32215,"date":"2024-12-04T14:23:15","date_gmt":"2024-12-04T13:23:15","guid":{"rendered":"https:\/\/ostrowskatv.pl\/?p=32215"},"modified":"2024-12-04T14:23:15","modified_gmt":"2024-12-04T13:23:15","slug":"wyrok-w-sprawie-gwaltu-na-siedmiomiesiecznej-dziewczynce","status":"publish","type":"post","link":"https:\/\/ostrowskatv.pl\/?p=32215","title":{"rendered":"Wyrok w sprawie gwa\u0142tu na siedmiomiesi\u0119cznej dziewczynce"},"content":{"rendered":"<p><strong><span style=\"font-size: 1rem;\">W S\u0105dzie Okr\u0119gowym w Kaliszu zapad\u0142 wyrok w sprawie ojca oskar\u017conego o brutalny czyn wobec swojej siedmiomiesi\u0119cznej c\u00f3rki. M\u0119\u017cczyzna zosta\u0142 uznany winnym doprowadzenia ma\u0142oletniej do obcowania p\u0142ciowego za pomoc\u0105 przemocy, co skutkowa\u0142o powa\u017cnymi obra\u017ceniami dziecka. S\u0105d wymierzy\u0142 oskar\u017conemu kar\u0119 9 lat pozbawienia wolno\u015bci oraz szereg zakaz\u00f3w i \u015brodk\u00f3w zabezpieczaj\u0105cych.\u00a0\u00a0<\/span><\/strong><\/p>\n<p><img loading=\"lazy\" decoding=\"async\" src=\"https:\/\/ostrowskatv.pl\/wp-content\/uploads\/2024\/12\/1000112195.jpg\" alt=\"\" width=\"1920\" height=\"1081\" class=\"alignnone size-full wp-image-32217\" srcset=\"https:\/\/ostrowskatv.pl\/wp-content\/uploads\/2024\/12\/1000112195.jpg 1920w, https:\/\/ostrowskatv.pl\/wp-content\/uploads\/2024\/12\/1000112195-300x169.jpg 300w, https:\/\/ostrowskatv.pl\/wp-content\/uploads\/2024\/12\/1000112195-1333x751.jpg 1333w, https:\/\/ostrowskatv.pl\/wp-content\/uploads\/2024\/12\/1000112195-1536x865.jpg 1536w\" sizes=\"auto, (max-width: 1920px) 100vw, 1920px\" \/><\/p>\n<p><img loading=\"lazy\" decoding=\"async\" src=\"https:\/\/ostrowskatv.pl\/wp-content\/uploads\/2024\/12\/1000112193.jpg\" alt=\"\" width=\"1920\" height=\"1081\" class=\"alignnone size-full wp-image-32218\" srcset=\"https:\/\/ostrowskatv.pl\/wp-content\/uploads\/2024\/12\/1000112193.jpg 1920w, https:\/\/ostrowskatv.pl\/wp-content\/uploads\/2024\/12\/1000112193-300x169.jpg 300w, https:\/\/ostrowskatv.pl\/wp-content\/uploads\/2024\/12\/1000112193-1333x751.jpg 1333w, https:\/\/ostrowskatv.pl\/wp-content\/uploads\/2024\/12\/1000112193-1536x865.jpg 1536w\" sizes=\"auto, (max-width: 1920px) 100vw, 1920px\" \/><\/p>\n<p><img loading=\"lazy\" decoding=\"async\" src=\"https:\/\/ostrowskatv.pl\/wp-content\/uploads\/2024\/12\/1000112192.jpg\" alt=\"\" width=\"1920\" height=\"1081\" class=\"alignnone size-full wp-image-32219\" srcset=\"https:\/\/ostrowskatv.pl\/wp-content\/uploads\/2024\/12\/1000112192.jpg 1920w, https:\/\/ostrowskatv.pl\/wp-content\/uploads\/2024\/12\/1000112192-300x169.jpg 300w, https:\/\/ostrowskatv.pl\/wp-content\/uploads\/2024\/12\/1000112192-1333x751.jpg 1333w, https:\/\/ostrowskatv.pl\/wp-content\/uploads\/2024\/12\/1000112192-1536x865.jpg 1536w\" sizes=\"auto, (max-width: 1920px) 100vw, 1920px\" \/><\/p>\n<p><img loading=\"lazy\" decoding=\"async\" src=\"https:\/\/ostrowskatv.pl\/wp-content\/uploads\/2024\/12\/1000112191.jpg\" alt=\"\" width=\"1920\" height=\"1081\" class=\"alignnone size-full wp-image-32220\" srcset=\"https:\/\/ostrowskatv.pl\/wp-content\/uploads\/2024\/12\/1000112191.jpg 1920w, https:\/\/ostrowskatv.pl\/wp-content\/uploads\/2024\/12\/1000112191-300x169.jpg 300w, https:\/\/ostrowskatv.pl\/wp-content\/uploads\/2024\/12\/1000112191-1333x751.jpg 1333w, https:\/\/ostrowskatv.pl\/wp-content\/uploads\/2024\/12\/1000112191-1536x865.jpg 1536w\" sizes=\"auto, (max-width: 1920px) 100vw, 1920px\" \/><\/p>\n<p><img loading=\"lazy\" decoding=\"async\" src=\"https:\/\/ostrowskatv.pl\/wp-content\/uploads\/2024\/12\/1000112190.jpg\" alt=\"\" width=\"1920\" height=\"1081\" class=\"alignnone size-full wp-image-32221\" srcset=\"https:\/\/ostrowskatv.pl\/wp-content\/uploads\/2024\/12\/1000112190.jpg 1920w, https:\/\/ostrowskatv.pl\/wp-content\/uploads\/2024\/12\/1000112190-300x169.jpg 300w, https:\/\/ostrowskatv.pl\/wp-content\/uploads\/2024\/12\/1000112190-1333x751.jpg 1333w, https:\/\/ostrowskatv.pl\/wp-content\/uploads\/2024\/12\/1000112190-1536x865.jpg 1536w\" sizes=\"auto, (max-width: 1920px) 100vw, 1920px\" \/><\/p>\n<p><img loading=\"lazy\" decoding=\"async\" src=\"https:\/\/ostrowskatv.pl\/wp-content\/uploads\/2024\/12\/1000112189.jpg\" alt=\"\" width=\"1920\" height=\"942\" class=\"alignnone size-full wp-image-32222\" srcset=\"https:\/\/ostrowskatv.pl\/wp-content\/uploads\/2024\/12\/1000112189.jpg 1920w, https:\/\/ostrowskatv.pl\/wp-content\/uploads\/2024\/12\/1000112189-300x147.jpg 300w, https:\/\/ostrowskatv.pl\/wp-content\/uploads\/2024\/12\/1000112189-1333x654.jpg 1333w, https:\/\/ostrowskatv.pl\/wp-content\/uploads\/2024\/12\/1000112189-1536x754.jpg 1536w\" sizes=\"auto, (max-width: 1920px) 100vw, 1920px\" \/><\/p>\n<p><strong>Zarzuty i ustalenia s\u0105du\u00a0\u00a0<\/strong><\/p>\n<p>Zgodnie z aktem oskar\u017cenia, m\u0119\u017cczyzna mia\u0142 dopu\u015bci\u0107 si\u0119 czyn\u00f3w polegaj\u0105cych na uciskaniu cia\u0142a dziecka oraz dotykaniu intymnych obszar\u00f3w za pomoc\u0105 palc\u00f3w, co zosta\u0142o zakwalifikowane jako obcowanie p\u0142ciowe. Czynno\u015bci te doprowadzi\u0142y do obra\u017ce\u0144 cia\u0142a u ma\u0142oletniej, w tym siniak\u00f3w, otar\u0107 nask\u00f3rka i obrz\u0119k\u00f3w w okolicy intymnej. Wyrok oparto na przepisach Kodeksu Karnego obowi\u0105zuj\u0105cych w momencie pope\u0142nienia przest\u0119pstwa, kwalifikuj\u0105c czyn jako zbrodni\u0119 z art. 197 \u00a7 3 pkt 3.<\/p>\n<p>S\u0119dzia Ma\u0142gorzata Zimorska podkre\u015bli\u0142a w uzasadnieniu, \u017ce obra\u017cenia by\u0142y efektem przemocy, a dzia\u0142ania oskar\u017conego naruszy\u0142y czynno\u015bci cia\u0142a dziecka na okres poni\u017cej 7 dni.<\/p>\n<p><strong>Wyrok i \u015brodki zabezpieczaj\u0105ce\u00a0\u00a0<\/strong><\/p>\n<p>S\u0105d skaza\u0142 m\u0119\u017cczyzn\u0119 na:<\/p>\n<p><strong>&#8211; 9 lat pozbawienia wolno\u015bci,\u00a0<\/strong><\/p>\n<p>&#8211; 15-letni zakaz wykonywania zawod\u00f3w zwi\u0105zanych z wychowaniem, edukacj\u0105, leczeniem i opiek\u0105 nad ma\u0142oletnimi,<\/p>\n<p>&#8211; zakaz kontaktowania si\u0119 z pokrzywdzon\u0105 w jakiejkolwiek formie przez 15 lat,<\/p>\n<p>&#8211; zakaz zbli\u017cania si\u0119 na odleg\u0142o\u015b\u0107 mniejsz\u0105 ni\u017c 100 metr\u00f3w przez 15 lat,<\/p>\n<p>&#8211; \u015bwiadczenie na rzecz pokrzywdzonej w wysoko\u015bci 15 000 z\u0142otych.<\/p>\n<p>Ponadto s\u0105d zaliczy\u0142 oskar\u017conemu na poczet kary czas jego tymczasowego aresztowania od 3 marca 2023 roku.<\/p>\n<p><strong>Stanowiska stron\u00a0\u00a0<\/strong><\/p>\n<p>Marcin Urbaniak, z<span style=\"font-size: 1rem;\">ast\u0119pca prokuratora rejonowego w Pleszewie wyrazi\u0142 cz\u0119\u015bciowe zadowolenie z wyroku. Prokuratura wnioskowa\u0142a o 14 lat wi\u0119zienia, ale s\u0105d orzek\u0142 kar\u0119 9 lat. Urbaniak podkre\u015bli\u0142, \u017ce wyrok w pozosta\u0142ym zakresie \u2013 w tym zakazy i \u015bwiadczenie \u2013 jest zgodny z oczekiwaniami prokuratury. Niemniej, zesp\u00f3\u0142 prawny prokuratury rozwa\u017cy z\u0142o\u017cenie apelacji w celu zwi\u0119kszenia wymiaru kary.\u00a0\u00a0<\/span><\/p>\n<p>\u2013 Jednoznaczne orzecznictwo wskazuje, \u017ce nawet je\u015bli przemoc by\u0142a stosowana przy u\u017cyciu d\u0142oni, to mamy do czynienia z gwa\u0142tem na osobie ma\u0142oletniej \u2013 skomentowa\u0142 prokurator.*<\/p>\n<p><span style=\"font-size: 1rem;\">Obro\u0144ca \u0141ukasz Krzy\u017canowski<\/span><span style=\"font-size: 1rem;\"> oskar\u017conego zapowiedzia\u0142 apelacj\u0119, argumentuj\u0105c, \u017ce wyrok oparto na dowodach poszlakowych. Twierdzi, \u017ce oskar\u017cony konsekwentnie nie przyznaje si\u0119 do winy, a dowody genetyczne mog\u0105 by\u0107 wynikiem codziennej opieki nad dzieckiem. Obro\u0144ca wskaza\u0142 r\u00f3wnie\u017c na mo\u017cliwo\u015b\u0107 udzia\u0142u innych os\u00f3b przebywaj\u0105cych w tym samym o\u015brodku.\u00a0\u00a0<\/span><\/p>\n<p>\u2013 Materia\u0142 dowodowy pozostawia wiele w\u0105tpliwo\u015bci. Oskar\u017cony nie mia\u0142 konflikt\u00f3w z matk\u0105 dziecka, a prokuratura pomin\u0119\u0142a innych potencjalnych sprawc\u00f3w \u2013 podkre\u015bli\u0142 Krzy\u017canowski.<\/p>\n<p><strong>Perspektywa apelacji\u00a0<\/strong><\/p>\n<p>Sprawa budzi kontrowersje, zar\u00f3wno ze wzgl\u0119du na charakter czynu, jak i wysoko\u015b\u0107 orzeczonej kary. Prokuratura rozwa\u017ca odwo\u0142anie si\u0119 do s\u0105du apelacyjnego, podnosz\u0105c zarzut niewsp\u00f3\u0142mierno\u015bci kary. Z kolei obrona podkre\u015bla konieczno\u015b\u0107 dok\u0142adniejszego zbadania dowod\u00f3w i wskazuje na brak jednoznacznych przes\u0142anek obci\u0105\u017caj\u0105cych oskar\u017conego.<\/p>\n<p>Wyrok nie jest prawomocny. Obie strony maj\u0105 prawo do wniesienia apelacji.<\/p>\n","protected":false},"excerpt":{"rendered":"W S\u0105dzie Okr\u0119gowym w Kaliszu zapad\u0142 wyrok w sprawie ojca oskar\u017conego o brutalny czyn wobec swojej siedmiomiesi\u0119cznej c\u00f3rki. M\u0119\u017cczyzna zosta\u0142 uznany winnym doprowadzenia \n<a class=\"moretag\" href=\"https:\/\/ostrowskatv.pl\/?p=32215\"> [...]<\/a>","protected":false},"author":1,"featured_media":32222,"comment_status":"open","ping_status":"closed","sticky":false,"template":"","format":"standard","meta":{"footnotes":""},"categories":[1],"tags":[],"class_list":["post-32215","post","type-post","status-publish","format-standard","has-post-thumbnail","hentry","category-news"],"_links":{"self":[{"href":"https:\/\/ostrowskatv.pl\/index.php?rest_route=\/wp\/v2\/posts\/32215","targetHints":{"allow":["GET"]}}],"collection":[{"href":"https:\/\/ostrowskatv.pl\/index.php?rest_route=\/wp\/v2\/posts"}],"about":[{"href":"https:\/\/ostrowskatv.pl\/index.php?rest_route=\/wp\/v2\/types\/post"}],"author":[{"embeddable":true,"href":"https:\/\/ostrowskatv.pl\/index.php?rest_route=\/wp\/v2\/users\/1"}],"replies":[{"embeddable":true,"href":"https:\/\/ostrowskatv.pl\/index.php?rest_route=%2Fwp%2Fv2%2Fcomments&post=32215"}],"version-history":[{"count":2,"href":"https:\/\/ostrowskatv.pl\/index.php?rest_route=\/wp\/v2\/posts\/32215\/revisions"}],"predecessor-version":[{"id":32223,"href":"https:\/\/ostrowskatv.pl\/index.php?rest_route=\/wp\/v2\/posts\/32215\/revisions\/32223"}],"wp:featuredmedia":[{"embeddable":true,"href":"https:\/\/ostrowskatv.pl\/index.php?rest_route=\/wp\/v2\/media\/32222"}],"wp:attachment":[{"href":"https:\/\/ostrowskatv.pl\/index.php?rest_route=%2Fwp%2Fv2%2Fmedia&parent=32215"}],"wp:term":[{"taxonomy":"category","embeddable":true,"href":"https:\/\/ostrowskatv.pl\/index.php?rest_route=%2Fwp%2Fv2%2Fcategories&post=32215"},{"taxonomy":"post_tag","embeddable":true,"href":"https:\/\/ostrowskatv.pl\/index.php?rest_route=%2Fwp%2Fv2%2Ftags&post=32215"}],"curies":[{"name":"wp","href":"https:\/\/api.w.org\/{rel}","templated":true}]}}