{"id":32190,"date":"2024-12-02T18:28:47","date_gmt":"2024-12-02T17:28:47","guid":{"rendered":"https:\/\/ostrowskatv.pl\/?p=32190"},"modified":"2024-12-02T18:31:57","modified_gmt":"2024-12-02T17:31:57","slug":"nastolatek-w-szpitalu-spektakularny-final-potracenia-wideo","status":"publish","type":"post","link":"https:\/\/ostrowskatv.pl\/?p=32190","title":{"rendered":"Nastolatek w szpitalu. Spektakularny fina\u0142 potr\u0105cenia (WIDEO)"},"content":{"rendered":"<p><strong>Dzi\u015b po godzinie 14:00 w Ostrowie Wielkopolskim dosz\u0142o do gro\u017anego wypadku z udzia\u0142em 14-letniego rowerzysty na ulicy Limanowskiego. Nastolatek, korzystaj\u0105c z przejazdu dla rower\u00f3w, zosta\u0142 potr\u0105cony przez Skod\u0119 kierowan\u0105 przez m\u0119\u017cczyzn\u0119 w \u015brednim wieku. Na szcz\u0119\u015bcie obra\u017cenia ch\u0142opca okaza\u0142y si\u0119 niegro\u017ane, cho\u0107 sytuacja mog\u0142a sko\u0144czy\u0107 si\u0119 znacznie gorzej.<\/strong><\/p>\n<p><img loading=\"lazy\" decoding=\"async\" src=\"https:\/\/ostrowskatv.pl\/wp-content\/uploads\/2024\/12\/1000111787.jpg\" alt=\"\" width=\"1920\" height=\"1071\" class=\"alignnone size-full wp-image-32203\" srcset=\"https:\/\/ostrowskatv.pl\/wp-content\/uploads\/2024\/12\/1000111787.jpg 1920w, https:\/\/ostrowskatv.pl\/wp-content\/uploads\/2024\/12\/1000111787-300x167.jpg 300w, https:\/\/ostrowskatv.pl\/wp-content\/uploads\/2024\/12\/1000111787-1333x744.jpg 1333w, https:\/\/ostrowskatv.pl\/wp-content\/uploads\/2024\/12\/1000111787-1536x857.jpg 1536w\" sizes=\"auto, (max-width: 1920px) 100vw, 1920px\" \/><\/p>\n<p><img loading=\"lazy\" decoding=\"async\" src=\"https:\/\/ostrowskatv.pl\/wp-content\/uploads\/2024\/12\/1000111786.jpg\" alt=\"\" width=\"1920\" height=\"1081\" class=\"alignnone size-full wp-image-32202\" srcset=\"https:\/\/ostrowskatv.pl\/wp-content\/uploads\/2024\/12\/1000111786.jpg 1920w, https:\/\/ostrowskatv.pl\/wp-content\/uploads\/2024\/12\/1000111786-300x169.jpg 300w, https:\/\/ostrowskatv.pl\/wp-content\/uploads\/2024\/12\/1000111786-1333x751.jpg 1333w, https:\/\/ostrowskatv.pl\/wp-content\/uploads\/2024\/12\/1000111786-1536x865.jpg 1536w\" sizes=\"auto, (max-width: 1920px) 100vw, 1920px\" \/><\/p>\n<p><img loading=\"lazy\" decoding=\"async\" src=\"https:\/\/ostrowskatv.pl\/wp-content\/uploads\/2024\/12\/1000111785.jpg\" alt=\"\" width=\"1920\" height=\"1081\" class=\"alignnone size-full wp-image-32201\" srcset=\"https:\/\/ostrowskatv.pl\/wp-content\/uploads\/2024\/12\/1000111785.jpg 1920w, https:\/\/ostrowskatv.pl\/wp-content\/uploads\/2024\/12\/1000111785-300x169.jpg 300w, https:\/\/ostrowskatv.pl\/wp-content\/uploads\/2024\/12\/1000111785-1333x751.jpg 1333w, https:\/\/ostrowskatv.pl\/wp-content\/uploads\/2024\/12\/1000111785-1536x865.jpg 1536w\" sizes=\"auto, (max-width: 1920px) 100vw, 1920px\" \/><\/p>\n<p><img loading=\"lazy\" decoding=\"async\" src=\"https:\/\/ostrowskatv.pl\/wp-content\/uploads\/2024\/12\/1000111784.jpg\" alt=\"\" width=\"1920\" height=\"1066\" class=\"alignnone size-full wp-image-32200\" srcset=\"https:\/\/ostrowskatv.pl\/wp-content\/uploads\/2024\/12\/1000111784.jpg 1920w, https:\/\/ostrowskatv.pl\/wp-content\/uploads\/2024\/12\/1000111784-300x167.jpg 300w, https:\/\/ostrowskatv.pl\/wp-content\/uploads\/2024\/12\/1000111784-1333x740.jpg 1333w, https:\/\/ostrowskatv.pl\/wp-content\/uploads\/2024\/12\/1000111784-1536x853.jpg 1536w\" sizes=\"auto, (max-width: 1920px) 100vw, 1920px\" \/><\/p>\n<p><img loading=\"lazy\" decoding=\"async\" src=\"https:\/\/ostrowskatv.pl\/wp-content\/uploads\/2024\/12\/1000111783.jpg\" alt=\"\" width=\"1920\" height=\"1081\" class=\"alignnone size-full wp-image-32199\" srcset=\"https:\/\/ostrowskatv.pl\/wp-content\/uploads\/2024\/12\/1000111783.jpg 1920w, https:\/\/ostrowskatv.pl\/wp-content\/uploads\/2024\/12\/1000111783-300x169.jpg 300w, https:\/\/ostrowskatv.pl\/wp-content\/uploads\/2024\/12\/1000111783-1333x751.jpg 1333w, https:\/\/ostrowskatv.pl\/wp-content\/uploads\/2024\/12\/1000111783-1536x865.jpg 1536w\" sizes=\"auto, (max-width: 1920px) 100vw, 1920px\" \/><\/p>\n<p><img loading=\"lazy\" decoding=\"async\" src=\"https:\/\/ostrowskatv.pl\/wp-content\/uploads\/2024\/12\/1000111782.jpg\" alt=\"\" width=\"1920\" height=\"1081\" class=\"alignnone size-full wp-image-32198\" srcset=\"https:\/\/ostrowskatv.pl\/wp-content\/uploads\/2024\/12\/1000111782.jpg 1920w, https:\/\/ostrowskatv.pl\/wp-content\/uploads\/2024\/12\/1000111782-300x169.jpg 300w, https:\/\/ostrowskatv.pl\/wp-content\/uploads\/2024\/12\/1000111782-1333x751.jpg 1333w, https:\/\/ostrowskatv.pl\/wp-content\/uploads\/2024\/12\/1000111782-1536x865.jpg 1536w\" sizes=\"auto, (max-width: 1920px) 100vw, 1920px\" \/><\/p>\n<p><img loading=\"lazy\" decoding=\"async\" src=\"https:\/\/ostrowskatv.pl\/wp-content\/uploads\/2024\/12\/1000111780.jpg\" alt=\"\" width=\"1920\" height=\"1081\" class=\"alignnone size-full wp-image-32197\" srcset=\"https:\/\/ostrowskatv.pl\/wp-content\/uploads\/2024\/12\/1000111780.jpg 1920w, https:\/\/ostrowskatv.pl\/wp-content\/uploads\/2024\/12\/1000111780-300x169.jpg 300w, https:\/\/ostrowskatv.pl\/wp-content\/uploads\/2024\/12\/1000111780-1333x751.jpg 1333w, https:\/\/ostrowskatv.pl\/wp-content\/uploads\/2024\/12\/1000111780-1536x865.jpg 1536w\" sizes=\"auto, (max-width: 1920px) 100vw, 1920px\" \/><\/p>\n<p><strong>Dramat na oznakowanym przeje\u017adzie<\/strong><br \/>\nPrzejazd rowerowy na ulicy Limanowskiego jest dobrze oznakowany \u2013 czerwony pas, ostrzegawcza sygnalizacja \u015bwietlna i dodatkowe elementy na jezdni maj\u0105ce zwr\u00f3ci\u0107 uwag\u0119 kierowc\u00f3w. Mimo to kierowca Skody nie zachowa\u0142 nale\u017cytej ostro\u017cno\u015bci.<\/p>\n<p>Jak wynika z nagrania, 14-latek, jad\u0105cy bez kasku, spojrza\u0142 w lewo, a nast\u0119pnie skupi\u0142 wzrok na nadje\u017cd\u017caj\u0105cym aucie z prawej strony. Cho\u0107 widzia\u0142, \u017ce samoch\u00f3d nie zwalnia, nie pr\u00f3bowa\u0142 zahamowa\u0107. Z kolei kierowca Skody zauwa\u017cy\u0142 ch\u0142opca zbyt p\u00f3\u017ano, rozpoczynaj\u0105c hamowanie w momencie kontaktu.<\/p>\n<p>W efekcie dosz\u0142o do potr\u0105cenia \u2013 nastolatek upad\u0142 na jezdni\u0119, doznaj\u0105c urazu nosa. Z miejsca wypadku przetransportowano go do szpitala na dalsze badania.<\/p>\n<p><strong>\u015awiadkowie zareagowali wzorowo<\/strong><br \/>\nIncydent mia\u0142 miejsce w ruchliwym punkcie miasta, a reakcja przechodni\u00f3w by\u0142a godna podziwu. Kierowca Skody natychmiast wysiad\u0142 z samochodu, by sprawdzi\u0107 stan ch\u0142opca. Do pomocy ruszy\u0142a kobieta wychodz\u0105ca z pobliskiej apteki oraz cz\u0142onek spo\u0142eczno\u015bci \u015awiadk\u00f3w Jehowy, cz\u0119sto obecnych w okolicy wjazdu na teren szpitala.<\/p>\n<p><strong>Interwencja s\u0142u\u017cb<\/strong><br \/>\nPo wypadku na miejscu szybko pojawi\u0142a si\u0119 policja, kt\u00f3ra przeprowadzi\u0142a czynno\u015bci wyja\u015bniaj\u0105ce. Ze wzgl\u0119du na powsta\u0142\u0105 plam\u0119 krwi, wezwano r\u00f3wnie\u017c stra\u017c po\u017carn\u0105 do usuni\u0119cia zanieczyszcze\u0144 z jezdni.<\/p>\n<p><strong>Apel o ostro\u017cno\u015b\u0107 na drodze<\/strong><br \/>\nCho\u0107 przejazd rowerowy na ulicy Limanowskiego jest odpowiednio oznakowany, zdarzenie to przypomina o konieczno\u015bci zachowania ostro\u017cno\u015bci zar\u00f3wno przez kierowc\u00f3w, jak i rowerzyst\u00f3w. Kierowcy musz\u0105 zwraca\u0107 wi\u0119ksz\u0105 uwag\u0119 na oznaczone miejsca przej\u015bcia i przejazdu, a rowerzy\u015bci powinni pami\u0119ta\u0107, \u017ce ich bezpiecze\u0144stwo zale\u017cy nie tylko od przepis\u00f3w, ale tak\u017ce od w\u0142asnej rozwagi.<\/p>\n<p><iframe loading=\"lazy\" src=\"https:\/\/www.facebook.com\/plugins\/video.php?height=314&#038;href=https%3A%2F%2Fwww.facebook.com%2Fostrow24%2Fvideos%2F1292300791910383%2F&#038;show_text=false&#038;width=560&#038;t=0\" width=\"560\" height=\"314\" style=\"border:none;overflow:hidden\" scrolling=\"no\" frameborder=\"0\" allowfullscreen=\"true\" allow=\"autoplay; clipboard-write; encrypted-media; picture-in-picture; web-share\" allowFullScreen=\"true\"><\/iframe><\/p>\n","protected":false},"excerpt":{"rendered":"Dzi\u015b po godzinie 14:00 w Ostrowie Wielkopolskim dosz\u0142o do gro\u017anego wypadku z udzia\u0142em 14-letniego rowerzysty na ulicy Limanowskiego. Nastolatek, korzystaj\u0105c z przejazdu dla \n<a class=\"moretag\" href=\"https:\/\/ostrowskatv.pl\/?p=32190\"> [...]<\/a>","protected":false},"author":1,"featured_media":32203,"comment_status":"open","ping_status":"closed","sticky":false,"template":"","format":"standard","meta":{"footnotes":""},"categories":[1],"tags":[11],"class_list":["post-32190","post","type-post","status-publish","format-standard","has-post-thumbnail","hentry","category-news","tag-wypadek"],"_links":{"self":[{"href":"https:\/\/ostrowskatv.pl\/index.php?rest_route=\/wp\/v2\/posts\/32190","targetHints":{"allow":["GET"]}}],"collection":[{"href":"https:\/\/ostrowskatv.pl\/index.php?rest_route=\/wp\/v2\/posts"}],"about":[{"href":"https:\/\/ostrowskatv.pl\/index.php?rest_route=\/wp\/v2\/types\/post"}],"author":[{"embeddable":true,"href":"https:\/\/ostrowskatv.pl\/index.php?rest_route=\/wp\/v2\/users\/1"}],"replies":[{"embeddable":true,"href":"https:\/\/ostrowskatv.pl\/index.php?rest_route=%2Fwp%2Fv2%2Fcomments&post=32190"}],"version-history":[{"count":3,"href":"https:\/\/ostrowskatv.pl\/index.php?rest_route=\/wp\/v2\/posts\/32190\/revisions"}],"predecessor-version":[{"id":32206,"href":"https:\/\/ostrowskatv.pl\/index.php?rest_route=\/wp\/v2\/posts\/32190\/revisions\/32206"}],"wp:featuredmedia":[{"embeddable":true,"href":"https:\/\/ostrowskatv.pl\/index.php?rest_route=\/wp\/v2\/media\/32203"}],"wp:attachment":[{"href":"https:\/\/ostrowskatv.pl\/index.php?rest_route=%2Fwp%2Fv2%2Fmedia&parent=32190"}],"wp:term":[{"taxonomy":"category","embeddable":true,"href":"https:\/\/ostrowskatv.pl\/index.php?rest_route=%2Fwp%2Fv2%2Fcategories&post=32190"},{"taxonomy":"post_tag","embeddable":true,"href":"https:\/\/ostrowskatv.pl\/index.php?rest_route=%2Fwp%2Fv2%2Ftags&post=32190"}],"curies":[{"name":"wp","href":"https:\/\/api.w.org\/{rel}","templated":true}]}}