{"id":3218,"date":"2017-02-21T15:37:29","date_gmt":"2017-02-21T14:37:29","guid":{"rendered":"http:\/\/ostrowska.tv\/?p=3218"},"modified":"2017-02-21T15:37:29","modified_gmt":"2017-02-21T14:37:29","slug":"kontrowersyjna-lokalizacja-przedszkola-przy-kujawskiej","status":"publish","type":"post","link":"https:\/\/ostrowskatv.pl\/?p=3218","title":{"rendered":"Kontrowersyjna lokalizacja przedszkola przy Kujawskiej"},"content":{"rendered":"<p><strong>Jak ju\u017c powszechnie wiadomo przy ul. Kujawskiej w Ostrowie Wlkp. ma powsta\u0107 nowoczesne przedszkole. W\u015br\u00f3d mieszka\u0144c\u00f3w pojawiaj\u0105 si\u0119 jednak negatywne opinie co do lokalizacji tej inwestycji.<\/strong><\/p>\n<p>Dzia\u0142ki inwestycyjne znajduj\u0105 si\u0119 pomi\u0119dzy Alej\u0105 S\u0142owackiego, szpitalem, cmentarzem, a bractwem kurkowym i od strony p\u00f3\u0142nocnej ul. Kujawsk\u0105 w\u0142a\u015bnie. 9 lat temu mia\u0142o tam powsta\u0107 osiedle hiszpa\u0144skie, na kt\u00f3rym lokum znalaz\u0142oby wielu mieszka\u0144c\u00f3w w budynkach 9 pi\u0119trowych. Mia\u0142o to by\u0107 nowe centrum Ostrowa Wlkp. Nic jednak z tego nie wysz\u0142o.<\/p>\n<p>Dzi\u015b ten teren, jest jedynym w pobli\u017cu centrum miasta, kt\u00f3ry zapewnia wybudowanie kompleksowo zaprojektowanego osiedla sk\u0142adaj\u0105cego si\u0119 z zabudowy \u015br\u00f3dmiejskiej. Na wz\u00f3r mo\u017cna by wzi\u0105\u0107 przyk\u0142ad z G\u0142ogowa.<\/p>\n<p><iframe loading=\"lazy\" title=\"G\u0142ogo\u0301w z lotu ptaka\" width=\"747\" height=\"420\" src=\"https:\/\/www.youtube.com\/embed\/-mcETlTaOh4?start=63&#038;feature=oembed\" frameborder=\"0\" allow=\"accelerometer; autoplay; clipboard-write; encrypted-media; gyroscope; picture-in-picture; web-share\" referrerpolicy=\"strict-origin-when-cross-origin\" allowfullscreen><\/iframe><\/p>\n<p>Problem cz\u0119\u015bciowo tkwi w tym, \u017ce teren jest podzielony pomi\u0119dzy r\u00f3\u017cnych w\u0142a\u015bcicieli, zar\u00f3wno miasto jak i tych prywatnych. Krytycy obecnej koncepcji lokalizacji przedszkola, maj\u0105cego si\u0119 znajdowa\u0107 niedaleko zjazdu z Alei S\u0142owackiego, twierdz\u0105, \u017ce zniszczy to ten teren i uniemo\u017cliwi racjonalne zagospodarowanie wed\u0142ug koncepcji g\u0142ogowskiej. Dodatkowym zarzutem jest zwi\u0119kszona ilo\u015b\u0107 spalin od wzrastaj\u0105cego w tej cz\u0119\u015bci miasta ruchu samochodowego.<\/p>\n<p>W\u0142adze miasto przekonuj\u0105, \u017ce &#8222;budowa przedszkola nie zablokuje budowy przy ulicy Kujawskiej \u201enowego centrum miasta\u201d, poniewa\u017c tworzenie nowego centrum nie jest w naszym mie\u015bcie planowane. Niezabudowana przedszkolem cz\u0119\u015b\u0107 terenu mo\u017ce by\u0107 nadal wykorzystywana do budowy zabudowy mieszkaniowej.&#8221;<\/p>\n<p>Biuro Prasowe Urz\u0119du Miejskiego twierdzi, \u017ce teren miejski w okolicy ulicy Kujawskiej jest odpowiednim miejscem do powstania tam plac\u00f3wki, jak\u0105 jest przedszkole. W tym rejonie, w zasobach OTBS (5 blok\u00f3w), zamieszkuje wiele m\u0142odych rodzin, kt\u00f3re z plac\u00f3wki b\u0119d\u0105 korzysta\u0107. Miejska sp\u00f3\u0142ka nadal planuje tam stawia\u0107 swoje budynki. Warto wspomnie\u0107, \u017ce przy ulicy Szczeci\u0144skiej powsta\u0142y kolejne mieszkania budowane przez MTM Consulting Developer. Zatem w bezpo\u015bredniej odleg\u0142o\u015bci od ulicy Kujawskiej zamieszkaj\u0105 kolejne rodziny. Przedszkole to r\u00f3wnie\u017c spore udogodnienie dla mieszka\u0144c\u00f3w ca\u0142ego rozwijaj\u0105cego si\u0119 osiedla Wenecja. Wyb\u00f3r rejonu ulicy Kujawskiej na t\u0119 inwestycj\u0119 staje si\u0119 wr\u0119cz wyborem oczywistym.<\/p>\n<p>&#8211; Je\u015bli chodzi o podane w pytaniu zagadnienie nara\u017cenia na spaliny, trzeba zaznaczy\u0107, \u017ce podczas tworzenia koncepcji architektoniczno \u2013 urbanistycznej, na podstawie kt\u00f3rej opracowywany jest w\u0142a\u015bnie projekt budowlany, posadowienie budynku przedszkola by\u0142o kwesti\u0105 szczeg\u00f3\u0142owo analizowan\u0105. Obiekt jest optymalnie oddalony od jezdni alei S\u0142owackiego, co nie b\u0119dzie skutkowa\u0107 nara\u017ceniem na nadmiern\u0105 ilo\u015b\u0107 spalin i ha\u0142asu, tym bardziej, \u017ce w zakres wspomnianych opracowa\u0144 wchodzi tak\u017ce zagospodarowanie terenu poprzez nasadzenie zieleni. Powstanie tu zielona strefa izoluj\u0105ca, kt\u00f3ra w naturalny spos\u00f3b oddzieli obiekt od jezdni. &#8211; czytamy w odpowiedzi nades\u0142anej przez Biuro Prasowe Urz\u0119du Miejskiego w Ostrowie Wlkp.<\/p>\n<h2>A jakie jest Pa\u0144stwa zdanie w tym temacie? Jak powinno si\u0119 zagospodarowa\u0107 wspomniany teren?<\/h2>\n","protected":false},"excerpt":{"rendered":"Jak ju\u017c powszechnie wiadomo przy ul. Kujawskiej w Ostrowie Wlkp. ma powsta\u0107 nowoczesne przedszkole. W\u015br\u00f3d mieszka\u0144c\u00f3w pojawiaj\u0105 si\u0119 jednak negatywne opinie co do \n<a class=\"moretag\" href=\"https:\/\/ostrowskatv.pl\/?p=3218\"> [...]<\/a>","protected":false},"author":1,"featured_media":3219,"comment_status":"open","ping_status":"open","sticky":false,"template":"","format":"standard","meta":{"footnotes":""},"categories":[1],"tags":[2],"class_list":["post-3218","post","type-post","status-publish","format-standard","has-post-thumbnail","hentry","category-news","tag-ostrow-wielkopolski"],"_links":{"self":[{"href":"https:\/\/ostrowskatv.pl\/index.php?rest_route=\/wp\/v2\/posts\/3218","targetHints":{"allow":["GET"]}}],"collection":[{"href":"https:\/\/ostrowskatv.pl\/index.php?rest_route=\/wp\/v2\/posts"}],"about":[{"href":"https:\/\/ostrowskatv.pl\/index.php?rest_route=\/wp\/v2\/types\/post"}],"author":[{"embeddable":true,"href":"https:\/\/ostrowskatv.pl\/index.php?rest_route=\/wp\/v2\/users\/1"}],"replies":[{"embeddable":true,"href":"https:\/\/ostrowskatv.pl\/index.php?rest_route=%2Fwp%2Fv2%2Fcomments&post=3218"}],"version-history":[{"count":0,"href":"https:\/\/ostrowskatv.pl\/index.php?rest_route=\/wp\/v2\/posts\/3218\/revisions"}],"wp:featuredmedia":[{"embeddable":true,"href":"https:\/\/ostrowskatv.pl\/index.php?rest_route=\/wp\/v2\/media\/3219"}],"wp:attachment":[{"href":"https:\/\/ostrowskatv.pl\/index.php?rest_route=%2Fwp%2Fv2%2Fmedia&parent=3218"}],"wp:term":[{"taxonomy":"category","embeddable":true,"href":"https:\/\/ostrowskatv.pl\/index.php?rest_route=%2Fwp%2Fv2%2Fcategories&post=3218"},{"taxonomy":"post_tag","embeddable":true,"href":"https:\/\/ostrowskatv.pl\/index.php?rest_route=%2Fwp%2Fv2%2Ftags&post=3218"}],"curies":[{"name":"wp","href":"https:\/\/api.w.org\/{rel}","templated":true}]}}