{"id":32149,"date":"2024-11-28T15:05:39","date_gmt":"2024-11-28T14:05:39","guid":{"rendered":"https:\/\/ostrowskatv.pl\/?p=32149"},"modified":"2024-11-28T15:05:39","modified_gmt":"2024-11-28T14:05:39","slug":"na-drodze-bylo-ciemno-nie-zauwazyl-go","status":"publish","type":"post","link":"https:\/\/ostrowskatv.pl\/?p=32149","title":{"rendered":"Na drodze by\u0142o ciemno. Nie zauwa\u017cy\u0142 go"},"content":{"rendered":"<p><strong>Dzi\u015b rano, oko\u0142o godziny 5:40, w miejscowo\u015bci Parczew niedaleko Ostrowa Wielkopolskiego dosz\u0142o do wypadku drogowego z udzia\u0142em motorowerzysty i samochodu osobowego marki Opel. <\/strong><\/p>\n<p>54-letni motorowerzysta, jad\u0105c lokaln\u0105 drog\u0105, pr\u00f3bowa\u0142 wykona\u0107 manewr skr\u0119tu w lewo. Niestety, kierowca opla, 25-latek, nie zauwa\u017cy\u0142 w por\u0119 zmiany pr\u0119dko\u015bci jedno\u015bladu i uderzy\u0142 w jego ty\u0142. W wyniku zderzenia motorowerzysta zosta\u0142 przetransportowany do ostrowskiego szpitala, gdzie przeprowadzono badanie tomografem komputerowym. Na ten moment stan poszkodowanego oraz charakter odniesionych obra\u017ce\u0144 pozostaj\u0105 nieznane.<\/p>\n<p>Policja potwierdzi\u0142a, \u017ce zar\u00f3wno kierowca opla, jak i motorowerzysta byli trze\u017awi w chwili zdarzenia. Dok\u0142adne okoliczno\u015bci wypadku s\u0105 obecnie wyja\u015bniane. <\/p>\n<p>To zdarzenie przypomina o konieczno\u015bci zachowania szczeg\u00f3lnej ostro\u017cno\u015bci na drodze, zw\u0142aszcza w godzinach porannych, gdy widoczno\u015b\u0107 mo\u017ce by\u0107 ograniczona, a reakcje kierowc\u00f3w mniej przewidywalne.<\/p>\n<p>zdj\u0119cie pogl\u0105dowe<\/p>\n","protected":false},"excerpt":{"rendered":"Dzi\u015b rano, oko\u0142o godziny 5:40, w miejscowo\u015bci Parczew niedaleko Ostrowa Wielkopolskiego dosz\u0142o do wypadku drogowego z udzia\u0142em motorowerzysty i samochodu osobowego marki Opel. \n<a class=\"moretag\" href=\"https:\/\/ostrowskatv.pl\/?p=32149\"> [...]<\/a>","protected":false},"author":1,"featured_media":24374,"comment_status":"open","ping_status":"closed","sticky":false,"template":"","format":"standard","meta":{"footnotes":""},"categories":[1],"tags":[11],"class_list":["post-32149","post","type-post","status-publish","format-standard","has-post-thumbnail","hentry","category-news","tag-wypadek"],"_links":{"self":[{"href":"https:\/\/ostrowskatv.pl\/index.php?rest_route=\/wp\/v2\/posts\/32149","targetHints":{"allow":["GET"]}}],"collection":[{"href":"https:\/\/ostrowskatv.pl\/index.php?rest_route=\/wp\/v2\/posts"}],"about":[{"href":"https:\/\/ostrowskatv.pl\/index.php?rest_route=\/wp\/v2\/types\/post"}],"author":[{"embeddable":true,"href":"https:\/\/ostrowskatv.pl\/index.php?rest_route=\/wp\/v2\/users\/1"}],"replies":[{"embeddable":true,"href":"https:\/\/ostrowskatv.pl\/index.php?rest_route=%2Fwp%2Fv2%2Fcomments&post=32149"}],"version-history":[{"count":1,"href":"https:\/\/ostrowskatv.pl\/index.php?rest_route=\/wp\/v2\/posts\/32149\/revisions"}],"predecessor-version":[{"id":32150,"href":"https:\/\/ostrowskatv.pl\/index.php?rest_route=\/wp\/v2\/posts\/32149\/revisions\/32150"}],"wp:featuredmedia":[{"embeddable":true,"href":"https:\/\/ostrowskatv.pl\/index.php?rest_route=\/wp\/v2\/media\/24374"}],"wp:attachment":[{"href":"https:\/\/ostrowskatv.pl\/index.php?rest_route=%2Fwp%2Fv2%2Fmedia&parent=32149"}],"wp:term":[{"taxonomy":"category","embeddable":true,"href":"https:\/\/ostrowskatv.pl\/index.php?rest_route=%2Fwp%2Fv2%2Fcategories&post=32149"},{"taxonomy":"post_tag","embeddable":true,"href":"https:\/\/ostrowskatv.pl\/index.php?rest_route=%2Fwp%2Fv2%2Ftags&post=32149"}],"curies":[{"name":"wp","href":"https:\/\/api.w.org\/{rel}","templated":true}]}}