{"id":3198,"date":"2017-02-18T12:35:22","date_gmt":"2017-02-18T11:35:22","guid":{"rendered":"http:\/\/ostrowska.tv\/?p=3198"},"modified":"2017-02-18T18:00:01","modified_gmt":"2017-02-18T17:00:01","slug":"oboje-wjechali-na-zielonym-zderzenie-al-slowackiegokr-jadwigi","status":"publish","type":"post","link":"https:\/\/ostrowskatv.pl\/?p=3198","title":{"rendered":"Oboje wjechali na zielonym. Zderzenie Al. S\u0142owackiego\/Kr. Jadwigi"},"content":{"rendered":"<p><strong>Skrzy\u017cowanie Aleja S\u0142owackiego i Kr\u00f3lowej Jadwigi nie nale\u017cy do ca\u0142kiem bezpiecznych. Kilka lat temu, gdy zamontowano \u015bwiat\u0142a, znacz\u0105co spad\u0142a ilo\u015b\u0107 wypadk\u00f3w. Jednak nadal dochodzi do sytuacji niebezpiecznych, ko\u0144cz\u0105cych si\u0119 zderzeniami aut. Kierowca Mercedesa z og\u00f3lnymi pot\u0142uczeniami zosta\u0142 przewieziony do szpitala oraz niegro\u017anego urazu g\u0142owy dozna\u0142a pasa\u017cerka Citroena.<br \/>\n<\/strong><\/p>\n<p>W sobot\u0119 o godzinie 9:00 dosz\u0142o do kolizji Citroena Xsary Picasso oraz Mercedesa. M\u0119\u017cczyzna tym ostatnim jecha\u0142 Alej\u0105 S\u0142owackiego w stron\u0119 ul. Limanowskiego. Natomiast Kr. Jadwigi w stron\u0119 Harcerskiej jecha\u0142y dwie kobiety.\u00a0 Zar\u00f3wno kierowca Mercedesa by\u0142 przekonany, \u017ce przejecha\u0142 na zielonym jak i kieruj\u0105ca Citroenem kobieta.<\/p>\n<p>Przy czym kobieta wjecha\u0142a na skrzy\u017cowanie za taks\u00f3wk\u0105, kt\u00f3ra skr\u0119ci\u0142a w prawo. Wed\u0142ug jednej wersji mog\u0142o si\u0119 tak zdarzy\u0107, \u017ce zapali\u0142a si\u0119 zielona strza\u0142ka, ruszy\u0142a taks\u00f3wka, a kobieta przez pomy\u0142k\u0119 wjecha\u0142a na czerwonym \u015bwietle. Jednak na miejscu pojawi\u0142 si\u0119 \u015bwiadek, kt\u00f3ry po us\u0142yszeniu huku sta\u0142 po tej samej stronie co rusza\u0142 Citroen. Powiedzia\u0142, \u017ce spojrza\u0142 na rozbite samochody, a nast\u0119pnie na sygnalizator, na kt\u00f3rym zobaczy\u0142 \u017c\u00f3\u0142ty sygna\u0142, a nast\u0119pnie czerwony, co mog\u0142oby sugerowa\u0107, \u017ce wcze\u015bniej \u015bwieci\u0142o si\u0119 zielone.<\/p>\n<p>Sprawa trafi\u0142a do S\u0105du, kt\u00f3ry orzeknie o ostatecznej winie.<\/p>\n<div id='gallery-1' class='gallery galleryid-3198 gallery-columns-3 gallery-size-thumbnail'><figure class='gallery-item'>\n\t\t\t<div class='gallery-icon landscape'>\n\t\t\t\t<a href='https:\/\/ostrowskatv.pl\/?attachment_id=3199'><img loading=\"lazy\" decoding=\"async\" width=\"150\" height=\"150\" src=\"https:\/\/ostrowskatv.pl\/wp-content\/uploads\/2017\/02\/IMG_20170218_100908-150x150.jpg\" class=\"attachment-thumbnail size-thumbnail\" alt=\"\" \/><\/a>\n\t\t\t<\/div><\/figure><figure class='gallery-item'>\n\t\t\t<div class='gallery-icon landscape'>\n\t\t\t\t<a href='https:\/\/ostrowskatv.pl\/?attachment_id=3200'><img loading=\"lazy\" decoding=\"async\" width=\"150\" height=\"150\" src=\"https:\/\/ostrowskatv.pl\/wp-content\/uploads\/2017\/02\/IMG_20170218_100051-150x150.jpg\" class=\"attachment-thumbnail size-thumbnail\" alt=\"\" \/><\/a>\n\t\t\t<\/div><\/figure><figure class='gallery-item'>\n\t\t\t<div class='gallery-icon landscape'>\n\t\t\t\t<a href='https:\/\/ostrowskatv.pl\/?attachment_id=3201'><img loading=\"lazy\" decoding=\"async\" width=\"150\" height=\"150\" src=\"https:\/\/ostrowskatv.pl\/wp-content\/uploads\/2017\/02\/IMG_20170218_100040-150x150.jpg\" class=\"attachment-thumbnail size-thumbnail\" alt=\"\" \/><\/a>\n\t\t\t<\/div><\/figure>\n\t\t<\/div>\n\n","protected":false},"excerpt":{"rendered":"Skrzy\u017cowanie Aleja S\u0142owackiego i Kr\u00f3lowej Jadwigi nie nale\u017cy do ca\u0142kiem bezpiecznych. Kilka lat temu, gdy zamontowano \u015bwiat\u0142a, znacz\u0105co spad\u0142a ilo\u015b\u0107 wypadk\u00f3w. Jednak nadal \n<a class=\"moretag\" href=\"https:\/\/ostrowskatv.pl\/?p=3198\"> [...]<\/a>","protected":false},"author":1,"featured_media":3199,"comment_status":"open","ping_status":"open","sticky":false,"template":"","format":"standard","meta":{"footnotes":""},"categories":[1],"tags":[2],"class_list":["post-3198","post","type-post","status-publish","format-standard","has-post-thumbnail","hentry","category-news","tag-ostrow-wielkopolski"],"_links":{"self":[{"href":"https:\/\/ostrowskatv.pl\/index.php?rest_route=\/wp\/v2\/posts\/3198","targetHints":{"allow":["GET"]}}],"collection":[{"href":"https:\/\/ostrowskatv.pl\/index.php?rest_route=\/wp\/v2\/posts"}],"about":[{"href":"https:\/\/ostrowskatv.pl\/index.php?rest_route=\/wp\/v2\/types\/post"}],"author":[{"embeddable":true,"href":"https:\/\/ostrowskatv.pl\/index.php?rest_route=\/wp\/v2\/users\/1"}],"replies":[{"embeddable":true,"href":"https:\/\/ostrowskatv.pl\/index.php?rest_route=%2Fwp%2Fv2%2Fcomments&post=3198"}],"version-history":[{"count":0,"href":"https:\/\/ostrowskatv.pl\/index.php?rest_route=\/wp\/v2\/posts\/3198\/revisions"}],"wp:featuredmedia":[{"embeddable":true,"href":"https:\/\/ostrowskatv.pl\/index.php?rest_route=\/wp\/v2\/media\/3199"}],"wp:attachment":[{"href":"https:\/\/ostrowskatv.pl\/index.php?rest_route=%2Fwp%2Fv2%2Fmedia&parent=3198"}],"wp:term":[{"taxonomy":"category","embeddable":true,"href":"https:\/\/ostrowskatv.pl\/index.php?rest_route=%2Fwp%2Fv2%2Fcategories&post=3198"},{"taxonomy":"post_tag","embeddable":true,"href":"https:\/\/ostrowskatv.pl\/index.php?rest_route=%2Fwp%2Fv2%2Ftags&post=3198"}],"curies":[{"name":"wp","href":"https:\/\/api.w.org\/{rel}","templated":true}]}}