{"id":31951,"date":"2024-11-07T07:19:50","date_gmt":"2024-11-07T06:19:50","guid":{"rendered":"https:\/\/ostrowskatv.pl\/?p=31951"},"modified":"2024-11-07T07:19:50","modified_gmt":"2024-11-07T06:19:50","slug":"zderzenie-w-zacharzewie-zdjecia","status":"publish","type":"post","link":"https:\/\/ostrowskatv.pl\/?p=31951","title":{"rendered":"Zderzenie w Zacharzewie (ZDJ\u0118CIA)"},"content":{"rendered":"<p><strong>Przed godzin\u0105 6.30 dosz\u0142o do zderzenia dw\u00f3ch aut osobowych w miejscowo\u015bci Zacharzew. Przy jednej z firm zderzy\u0142y si\u0119 volkswagen polo oraz renault modus.<\/strong><\/p>\n<p>Cho\u0107 w pojazdach wybuch\u0142y poduszki powietrzne i dosz\u0142o do wycieku p\u0142ynu, to postanowiono nie wzywa\u0107 \u017cadnych s\u0142u\u017cb.<\/p>\n<p><img loading=\"lazy\" decoding=\"async\" src=\"https:\/\/ostrowskatv.pl\/wp-content\/uploads\/2024\/11\/1000102958.jpg\" alt=\"\" width=\"1920\" height=\"1081\" class=\"alignnone size-full wp-image-31952\" srcset=\"https:\/\/ostrowskatv.pl\/wp-content\/uploads\/2024\/11\/1000102958.jpg 1920w, https:\/\/ostrowskatv.pl\/wp-content\/uploads\/2024\/11\/1000102958-300x169.jpg 300w, https:\/\/ostrowskatv.pl\/wp-content\/uploads\/2024\/11\/1000102958-1333x751.jpg 1333w, https:\/\/ostrowskatv.pl\/wp-content\/uploads\/2024\/11\/1000102958-1536x865.jpg 1536w\" sizes=\"auto, (max-width: 1920px) 100vw, 1920px\" \/><\/p>\n<p><img loading=\"lazy\" decoding=\"async\" src=\"https:\/\/ostrowskatv.pl\/wp-content\/uploads\/2024\/11\/1000102949.jpg\" alt=\"\" width=\"1920\" height=\"1518\" class=\"alignnone size-full wp-image-31953\" srcset=\"https:\/\/ostrowskatv.pl\/wp-content\/uploads\/2024\/11\/1000102949.jpg 1920w, https:\/\/ostrowskatv.pl\/wp-content\/uploads\/2024\/11\/1000102949-300x237.jpg 300w, https:\/\/ostrowskatv.pl\/wp-content\/uploads\/2024\/11\/1000102949-1333x1054.jpg 1333w, https:\/\/ostrowskatv.pl\/wp-content\/uploads\/2024\/11\/1000102949-1536x1214.jpg 1536w\" sizes=\"auto, (max-width: 1920px) 100vw, 1920px\" \/><\/p>\n<p><img loading=\"lazy\" decoding=\"async\" src=\"https:\/\/ostrowskatv.pl\/wp-content\/uploads\/2024\/11\/1000102957.jpg\" alt=\"\" width=\"1920\" height=\"1518\" class=\"alignnone size-full wp-image-31954\" srcset=\"https:\/\/ostrowskatv.pl\/wp-content\/uploads\/2024\/11\/1000102957.jpg 1920w, https:\/\/ostrowskatv.pl\/wp-content\/uploads\/2024\/11\/1000102957-300x237.jpg 300w, https:\/\/ostrowskatv.pl\/wp-content\/uploads\/2024\/11\/1000102957-1333x1054.jpg 1333w, https:\/\/ostrowskatv.pl\/wp-content\/uploads\/2024\/11\/1000102957-1536x1214.jpg 1536w\" sizes=\"auto, (max-width: 1920px) 100vw, 1920px\" \/><\/p>\n<p><img loading=\"lazy\" decoding=\"async\" src=\"https:\/\/ostrowskatv.pl\/wp-content\/uploads\/2024\/11\/1000102947.jpg\" alt=\"\" width=\"1919\" height=\"1030\" class=\"alignnone size-full wp-image-31955\" srcset=\"https:\/\/ostrowskatv.pl\/wp-content\/uploads\/2024\/11\/1000102947.jpg 1919w, https:\/\/ostrowskatv.pl\/wp-content\/uploads\/2024\/11\/1000102947-300x161.jpg 300w, https:\/\/ostrowskatv.pl\/wp-content\/uploads\/2024\/11\/1000102947-1333x715.jpg 1333w, https:\/\/ostrowskatv.pl\/wp-content\/uploads\/2024\/11\/1000102947-1536x824.jpg 1536w\" sizes=\"auto, (max-width: 1919px) 100vw, 1919px\" \/><\/p>\n","protected":false},"excerpt":{"rendered":"Przed godzin\u0105 6.30 dosz\u0142o do zderzenia dw\u00f3ch aut osobowych w miejscowo\u015bci Zacharzew. Przy jednej z firm zderzy\u0142y si\u0119 volkswagen polo oraz renault modus. \n<a class=\"moretag\" href=\"https:\/\/ostrowskatv.pl\/?p=31951\"> [...]<\/a>","protected":false},"author":1,"featured_media":31955,"comment_status":"open","ping_status":"closed","sticky":false,"template":"","format":"standard","meta":{"footnotes":""},"categories":[1],"tags":[48],"class_list":["post-31951","post","type-post","status-publish","format-standard","has-post-thumbnail","hentry","category-news","tag-kolizja"],"_links":{"self":[{"href":"https:\/\/ostrowskatv.pl\/index.php?rest_route=\/wp\/v2\/posts\/31951","targetHints":{"allow":["GET"]}}],"collection":[{"href":"https:\/\/ostrowskatv.pl\/index.php?rest_route=\/wp\/v2\/posts"}],"about":[{"href":"https:\/\/ostrowskatv.pl\/index.php?rest_route=\/wp\/v2\/types\/post"}],"author":[{"embeddable":true,"href":"https:\/\/ostrowskatv.pl\/index.php?rest_route=\/wp\/v2\/users\/1"}],"replies":[{"embeddable":true,"href":"https:\/\/ostrowskatv.pl\/index.php?rest_route=%2Fwp%2Fv2%2Fcomments&post=31951"}],"version-history":[{"count":0,"href":"https:\/\/ostrowskatv.pl\/index.php?rest_route=\/wp\/v2\/posts\/31951\/revisions"}],"wp:featuredmedia":[{"embeddable":true,"href":"https:\/\/ostrowskatv.pl\/index.php?rest_route=\/wp\/v2\/media\/31955"}],"wp:attachment":[{"href":"https:\/\/ostrowskatv.pl\/index.php?rest_route=%2Fwp%2Fv2%2Fmedia&parent=31951"}],"wp:term":[{"taxonomy":"category","embeddable":true,"href":"https:\/\/ostrowskatv.pl\/index.php?rest_route=%2Fwp%2Fv2%2Fcategories&post=31951"},{"taxonomy":"post_tag","embeddable":true,"href":"https:\/\/ostrowskatv.pl\/index.php?rest_route=%2Fwp%2Fv2%2Ftags&post=31951"}],"curies":[{"name":"wp","href":"https:\/\/api.w.org\/{rel}","templated":true}]}}