{"id":31909,"date":"2024-11-03T08:18:47","date_gmt":"2024-11-03T07:18:47","guid":{"rendered":"https:\/\/ostrowskatv.pl\/?p=31909"},"modified":"2024-11-03T08:19:06","modified_gmt":"2024-11-03T07:19:06","slug":"reakcja-pracownikow-chronila-zaklad-przed-spaleniem","status":"publish","type":"post","link":"https:\/\/ostrowskatv.pl\/?p=31909","title":{"rendered":"Reakcja pracownik\u00f3w ochroni\u0142a zak\u0142ad przed spaleniem"},"content":{"rendered":"<p><strong>Dzisiejszy poranek w Raczycach rozpocz\u0105\u0142 si\u0119 od niepokoj\u0105cego zdarzenia. Przed  godzin\u0105 8:00 w jednej z lokalnych firm uruchomi\u0142 si\u0119 alarm przeciwpo\u017carowy. Na miejsce zdarzenia natychmiast skierowano kilka zast\u0119p\u00f3w stra\u017cy po\u017carnej.<\/strong><\/p>\n<p><img loading=\"lazy\" decoding=\"async\" src=\"https:\/\/ostrowskatv.pl\/wp-content\/uploads\/2024\/11\/1000102244.jpg\" alt=\"\" width=\"1885\" height=\"1237\" class=\"alignnone size-full wp-image-31910\" srcset=\"https:\/\/ostrowskatv.pl\/wp-content\/uploads\/2024\/11\/1000102244.jpg 1885w, https:\/\/ostrowskatv.pl\/wp-content\/uploads\/2024\/11\/1000102244-300x197.jpg 300w, https:\/\/ostrowskatv.pl\/wp-content\/uploads\/2024\/11\/1000102244-1333x875.jpg 1333w, https:\/\/ostrowskatv.pl\/wp-content\/uploads\/2024\/11\/1000102244-1536x1008.jpg 1536w\" sizes=\"auto, (max-width: 1885px) 100vw, 1885px\" \/><\/p>\n<p>Jak si\u0119 okaza\u0142o, alarm by\u0142 niestety prawdziwy. Wewn\u0105trz hali produkcyjnej zapali\u0142a si\u0119 jedna z maszyn s\u0142u\u017c\u0105ca do zgrzewania. <\/p>\n<p>Na szcz\u0119\u015bcie, dzi\u0119ki szybkiej reakcji pracownik\u00f3w, kt\u00f3rzy jeszcze przed przyjazdem stra\u017cy po\u017carnej podj\u0119li pr\u00f3b\u0119 ugaszenia ognia, uda\u0142o si\u0119 opanowa\u0107 sytuacj\u0119. <\/p>\n<p>Stra\u017cacy po przybyciu na miejsce skupili si\u0119 na dok\u0142adnym oddymieniu hali produkcyjnej, aby zapewni\u0107 ca\u0142kowite bezpiecze\u0144stwo.<\/p>\n<p>W zwi\u0105zku z zaistnia\u0142\u0105 sytuacj\u0105, z budynku ewakuowano 16 pracownik\u00f3w. Na szcz\u0119\u015bcie, nikt nie ucierpia\u0142 w wyniku zdarzenia.<\/p>\n<p>Przyczyny powstania po\u017caru s\u0105 na chwil\u0119 obecn\u0105 nieznane. Szczeg\u00f3\u0142owe okoliczno\u015bci zdarzenia b\u0119d\u0105 wyja\u015bniane przez prowadzone \u015bledztwo.<\/p>\n<p>Szybka reakcja pracownik\u00f3w oraz profesjonalna akcja stra\u017cy po\u017carnej zapobieg\u0142y rozprzestrzenieniu si\u0119 ognia i potencjalnie powa\u017cniejszym skutkom.<\/p>\n","protected":false},"excerpt":{"rendered":"Dzisiejszy poranek w Raczycach rozpocz\u0105\u0142 si\u0119 od niepokoj\u0105cego zdarzenia. Przed godzin\u0105 8:00 w jednej z lokalnych firm uruchomi\u0142 si\u0119 alarm przeciwpo\u017carowy. Na miejsce \n<a class=\"moretag\" href=\"https:\/\/ostrowskatv.pl\/?p=31909\"> [...]<\/a>","protected":false},"author":1,"featured_media":31911,"comment_status":"open","ping_status":"closed","sticky":false,"template":"","format":"standard","meta":{"footnotes":""},"categories":[1],"tags":[7],"class_list":["post-31909","post","type-post","status-publish","format-standard","has-post-thumbnail","hentry","category-news","tag-pozar"],"_links":{"self":[{"href":"https:\/\/ostrowskatv.pl\/index.php?rest_route=\/wp\/v2\/posts\/31909","targetHints":{"allow":["GET"]}}],"collection":[{"href":"https:\/\/ostrowskatv.pl\/index.php?rest_route=\/wp\/v2\/posts"}],"about":[{"href":"https:\/\/ostrowskatv.pl\/index.php?rest_route=\/wp\/v2\/types\/post"}],"author":[{"embeddable":true,"href":"https:\/\/ostrowskatv.pl\/index.php?rest_route=\/wp\/v2\/users\/1"}],"replies":[{"embeddable":true,"href":"https:\/\/ostrowskatv.pl\/index.php?rest_route=%2Fwp%2Fv2%2Fcomments&post=31909"}],"version-history":[{"count":0,"href":"https:\/\/ostrowskatv.pl\/index.php?rest_route=\/wp\/v2\/posts\/31909\/revisions"}],"wp:featuredmedia":[{"embeddable":true,"href":"https:\/\/ostrowskatv.pl\/index.php?rest_route=\/wp\/v2\/media\/31911"}],"wp:attachment":[{"href":"https:\/\/ostrowskatv.pl\/index.php?rest_route=%2Fwp%2Fv2%2Fmedia&parent=31909"}],"wp:term":[{"taxonomy":"category","embeddable":true,"href":"https:\/\/ostrowskatv.pl\/index.php?rest_route=%2Fwp%2Fv2%2Fcategories&post=31909"},{"taxonomy":"post_tag","embeddable":true,"href":"https:\/\/ostrowskatv.pl\/index.php?rest_route=%2Fwp%2Fv2%2Ftags&post=31909"}],"curies":[{"name":"wp","href":"https:\/\/api.w.org\/{rel}","templated":true}]}}