{"id":3184,"date":"2017-02-16T17:17:57","date_gmt":"2017-02-16T16:17:57","guid":{"rendered":"http:\/\/ostrowska.tv\/?p=3184"},"modified":"2017-02-16T17:17:57","modified_gmt":"2017-02-16T16:17:57","slug":"rzeka-zmienila-kolor-na-czerwony-interweniowali-strazacy","status":"publish","type":"post","link":"https:\/\/ostrowskatv.pl\/?p=3184","title":{"rendered":"Rzeka zmieni\u0142a kolor na czerwony. Interweniowali stra\u017cacy"},"content":{"rendered":"<div><strong>Oko\u0142o godziny 9:30 na drodze krajowej nr 15 w miejscowo\u015bci Golina (powiat jaroci\u0144ski) zderzy\u0142y si\u0119 auto-cysterna Volvo z samochodem osobowym Ford Mondeo. Ze wst\u0119pnych ustale\u0144 wynika, \u017ce kierowca osob\u00f3wki nie ust\u0105pi\u0142 pierwsze\u0144stwa przez co uderzy\u0142 w bok cysterny. Ta wpad\u0142a do pobliskiego rowu, w kt\u00f3rym p\u0142ynie rzeczka Lubieszka. W wyniku uszkodzenia p\u0142aszcza cysterny, do rzeczki wyp\u0142yn\u0119\u0142o kilka tysi\u0119cy litr\u00f3w oleju opa\u0142owego zabarwionego na kolor czerwony. Na miejsce zadysponowano 8 jednostek stra\u017cy po\u017carnej, w tym dwa zast\u0119py ratownictwa chemicznego z Ostrowa Wlkp.<\/strong><\/div>\n<div><\/div>\n<div>Z samochodu osobowego wyci\u0105gni\u0119to kobiet\u0119 z po\u0142amanymi ko\u0144czynami, natomiast kierowca wyszed\u0142 o w\u0142asnych si\u0142ach. Udzielono tak\u017ce pomocy kierowcy autocysterny. Ostatecznie dwie osoby trafi\u0142y do szpitala.<\/div>\n<div><\/div>\n<div>Na rzeczce postawiono zapory ze s\u0142omy. Stra\u017cacy wypompowuj\u0105 pozosta\u0142y olej z cysterny. Nast\u0119pnie przyst\u0105pi\u0105 do oczyszczania rzeczki.<\/div>\n<div><\/div>\n<div>\n<div id='gallery-1' class='gallery galleryid-3184 gallery-columns-3 gallery-size-thumbnail'><figure class='gallery-item'>\n\t\t\t<div class='gallery-icon landscape'>\n\t\t\t\t<a href='https:\/\/ostrowskatv.pl\/?attachment_id=3185'><img loading=\"lazy\" decoding=\"async\" width=\"150\" height=\"150\" src=\"https:\/\/ostrowskatv.pl\/wp-content\/uploads\/2017\/02\/olej-opalowy-11-150x150.jpg\" class=\"attachment-thumbnail size-thumbnail\" alt=\"\" \/><\/a>\n\t\t\t<\/div><\/figure><figure class='gallery-item'>\n\t\t\t<div class='gallery-icon landscape'>\n\t\t\t\t<a href='https:\/\/ostrowskatv.pl\/?attachment_id=3186'><img loading=\"lazy\" decoding=\"async\" width=\"150\" height=\"150\" src=\"https:\/\/ostrowskatv.pl\/wp-content\/uploads\/2017\/02\/olej-opalowy-10-150x150.jpg\" class=\"attachment-thumbnail size-thumbnail\" alt=\"\" \/><\/a>\n\t\t\t<\/div><\/figure><figure class='gallery-item'>\n\t\t\t<div class='gallery-icon landscape'>\n\t\t\t\t<a href='https:\/\/ostrowskatv.pl\/?attachment_id=3187'><img loading=\"lazy\" decoding=\"async\" width=\"150\" height=\"150\" src=\"https:\/\/ostrowskatv.pl\/wp-content\/uploads\/2017\/02\/olej-opalowy-09-150x150.jpg\" class=\"attachment-thumbnail size-thumbnail\" alt=\"\" \/><\/a>\n\t\t\t<\/div><\/figure><figure class='gallery-item'>\n\t\t\t<div class='gallery-icon landscape'>\n\t\t\t\t<a href='https:\/\/ostrowskatv.pl\/?attachment_id=3188'><img loading=\"lazy\" decoding=\"async\" width=\"150\" height=\"150\" src=\"https:\/\/ostrowskatv.pl\/wp-content\/uploads\/2017\/02\/olej-opalowy-08-150x150.jpg\" class=\"attachment-thumbnail size-thumbnail\" alt=\"\" \/><\/a>\n\t\t\t<\/div><\/figure><figure class='gallery-item'>\n\t\t\t<div class='gallery-icon landscape'>\n\t\t\t\t<a href='https:\/\/ostrowskatv.pl\/?attachment_id=3189'><img loading=\"lazy\" decoding=\"async\" width=\"150\" height=\"150\" src=\"https:\/\/ostrowskatv.pl\/wp-content\/uploads\/2017\/02\/olej-opalowy-07-150x150.jpg\" class=\"attachment-thumbnail size-thumbnail\" alt=\"\" \/><\/a>\n\t\t\t<\/div><\/figure><figure class='gallery-item'>\n\t\t\t<div class='gallery-icon landscape'>\n\t\t\t\t<a href='https:\/\/ostrowskatv.pl\/?attachment_id=3190'><img loading=\"lazy\" decoding=\"async\" width=\"150\" height=\"150\" src=\"https:\/\/ostrowskatv.pl\/wp-content\/uploads\/2017\/02\/olej-opalowy-06-150x150.jpg\" class=\"attachment-thumbnail size-thumbnail\" alt=\"\" \/><\/a>\n\t\t\t<\/div><\/figure><figure class='gallery-item'>\n\t\t\t<div class='gallery-icon landscape'>\n\t\t\t\t<a href='https:\/\/ostrowskatv.pl\/?attachment_id=3191'><img loading=\"lazy\" decoding=\"async\" width=\"150\" height=\"150\" src=\"https:\/\/ostrowskatv.pl\/wp-content\/uploads\/2017\/02\/olej-opalowy-05-150x150.jpg\" class=\"attachment-thumbnail size-thumbnail\" alt=\"\" \/><\/a>\n\t\t\t<\/div><\/figure><figure class='gallery-item'>\n\t\t\t<div class='gallery-icon landscape'>\n\t\t\t\t<a href='https:\/\/ostrowskatv.pl\/?attachment_id=3192'><img loading=\"lazy\" decoding=\"async\" width=\"150\" height=\"150\" src=\"https:\/\/ostrowskatv.pl\/wp-content\/uploads\/2017\/02\/olej-opalowy-04-150x150.jpg\" class=\"attachment-thumbnail size-thumbnail\" alt=\"\" \/><\/a>\n\t\t\t<\/div><\/figure><figure class='gallery-item'>\n\t\t\t<div class='gallery-icon landscape'>\n\t\t\t\t<a href='https:\/\/ostrowskatv.pl\/?attachment_id=3193'><img loading=\"lazy\" decoding=\"async\" width=\"150\" height=\"150\" src=\"https:\/\/ostrowskatv.pl\/wp-content\/uploads\/2017\/02\/olej-opalowy-03-150x150.jpg\" class=\"attachment-thumbnail size-thumbnail\" alt=\"\" \/><\/a>\n\t\t\t<\/div><\/figure><figure class='gallery-item'>\n\t\t\t<div class='gallery-icon landscape'>\n\t\t\t\t<a href='https:\/\/ostrowskatv.pl\/?attachment_id=3194'><img loading=\"lazy\" decoding=\"async\" width=\"150\" height=\"150\" src=\"https:\/\/ostrowskatv.pl\/wp-content\/uploads\/2017\/02\/olej-opalowy-02-150x150.jpg\" class=\"attachment-thumbnail size-thumbnail\" alt=\"\" \/><\/a>\n\t\t\t<\/div><\/figure><figure class='gallery-item'>\n\t\t\t<div class='gallery-icon landscape'>\n\t\t\t\t<a href='https:\/\/ostrowskatv.pl\/?attachment_id=3195'><img loading=\"lazy\" decoding=\"async\" width=\"150\" height=\"150\" src=\"https:\/\/ostrowskatv.pl\/wp-content\/uploads\/2017\/02\/olej-opalowy-01-150x150.jpg\" class=\"attachment-thumbnail size-thumbnail\" alt=\"\" \/><\/a>\n\t\t\t<\/div><\/figure>\n\t\t<\/div>\n\n<\/div>\n<div><\/div>\n","protected":false},"excerpt":{"rendered":"Oko\u0142o godziny 9:30 na drodze krajowej nr 15 w miejscowo\u015bci Golina (powiat jaroci\u0144ski) zderzy\u0142y si\u0119 auto-cysterna Volvo z samochodem osobowym Ford Mondeo. Ze \n<a class=\"moretag\" href=\"https:\/\/ostrowskatv.pl\/?p=3184\"> [...]<\/a>","protected":false},"author":1,"featured_media":3195,"comment_status":"open","ping_status":"open","sticky":false,"template":"","format":"standard","meta":{"footnotes":""},"categories":[1],"tags":[121],"class_list":["post-3184","post","type-post","status-publish","format-standard","has-post-thumbnail","hentry","category-news","tag-powiat-jarocinski"],"_links":{"self":[{"href":"https:\/\/ostrowskatv.pl\/index.php?rest_route=\/wp\/v2\/posts\/3184","targetHints":{"allow":["GET"]}}],"collection":[{"href":"https:\/\/ostrowskatv.pl\/index.php?rest_route=\/wp\/v2\/posts"}],"about":[{"href":"https:\/\/ostrowskatv.pl\/index.php?rest_route=\/wp\/v2\/types\/post"}],"author":[{"embeddable":true,"href":"https:\/\/ostrowskatv.pl\/index.php?rest_route=\/wp\/v2\/users\/1"}],"replies":[{"embeddable":true,"href":"https:\/\/ostrowskatv.pl\/index.php?rest_route=%2Fwp%2Fv2%2Fcomments&post=3184"}],"version-history":[{"count":0,"href":"https:\/\/ostrowskatv.pl\/index.php?rest_route=\/wp\/v2\/posts\/3184\/revisions"}],"wp:featuredmedia":[{"embeddable":true,"href":"https:\/\/ostrowskatv.pl\/index.php?rest_route=\/wp\/v2\/media\/3195"}],"wp:attachment":[{"href":"https:\/\/ostrowskatv.pl\/index.php?rest_route=%2Fwp%2Fv2%2Fmedia&parent=3184"}],"wp:term":[{"taxonomy":"category","embeddable":true,"href":"https:\/\/ostrowskatv.pl\/index.php?rest_route=%2Fwp%2Fv2%2Fcategories&post=3184"},{"taxonomy":"post_tag","embeddable":true,"href":"https:\/\/ostrowskatv.pl\/index.php?rest_route=%2Fwp%2Fv2%2Ftags&post=3184"}],"curies":[{"name":"wp","href":"https:\/\/api.w.org\/{rel}","templated":true}]}}