{"id":3178,"date":"2017-02-16T08:08:22","date_gmt":"2017-02-16T07:08:22","guid":{"rendered":"http:\/\/ostrowska.tv\/?p=3178"},"modified":"2017-02-16T08:08:22","modified_gmt":"2017-02-16T07:08:22","slug":"zderzenie-na-grabowskiej-wyprzedzal-skrecajacego-na-posesje","status":"publish","type":"post","link":"https:\/\/ostrowskatv.pl\/?p=3178","title":{"rendered":"Zderzenie na Grabowskiej. Wyprzedza\u0142 skr\u0119caj\u0105cego na posesj\u0119"},"content":{"rendered":"<p><strong>W czwartek o godzinie 6:00 na ulicy Grabowskiej zderzy\u0142y si\u0119 dwa samochody osobowe. Fiat Stilo skr\u0119ca\u0142 w lewo na posesj\u0119 i w tym samym momencie by\u0142 ju\u017c wyprzedzany przez Forda Focusa. Skutkiem zderzenia by\u0142y obra\u017cenia u obydw\u00f3ch kierowc\u00f3w. U jednego z nich st\u0142uczenie g\u0142owy, a drugi uskar\u017ca\u0142 si\u0119 na b\u00f3le w odcinku szyjnym kr\u0119gos\u0142upa. Dodatkowo uszkodzone zosta\u0142y pojazdy. Fiat Stilo mia\u0142 uszkodzone okolice przedniego lewego ko\u0142a, a Ford Focus prawy naro\u017cnik z przodu.<\/strong><\/p>\n<div id='gallery-1' class='gallery galleryid-3178 gallery-columns-3 gallery-size-thumbnail'><figure class='gallery-item'>\n\t\t\t<div class='gallery-icon landscape'>\n\t\t\t\t<a href='https:\/\/ostrowskatv.pl\/?attachment_id=3182'><img loading=\"lazy\" decoding=\"async\" width=\"150\" height=\"150\" src=\"https:\/\/ostrowskatv.pl\/wp-content\/uploads\/2017\/02\/20170216_065007-150x150.jpg\" class=\"attachment-thumbnail size-thumbnail\" alt=\"\" \/><\/a>\n\t\t\t<\/div><\/figure><figure class='gallery-item'>\n\t\t\t<div class='gallery-icon landscape'>\n\t\t\t\t<a href='https:\/\/ostrowskatv.pl\/?attachment_id=3181'><img loading=\"lazy\" decoding=\"async\" width=\"150\" height=\"150\" src=\"https:\/\/ostrowskatv.pl\/wp-content\/uploads\/2017\/02\/20170216_065025-150x150.jpg\" class=\"attachment-thumbnail size-thumbnail\" alt=\"\" \/><\/a>\n\t\t\t<\/div><\/figure><figure class='gallery-item'>\n\t\t\t<div class='gallery-icon landscape'>\n\t\t\t\t<a href='https:\/\/ostrowskatv.pl\/?attachment_id=3180'><img loading=\"lazy\" decoding=\"async\" width=\"150\" height=\"150\" src=\"https:\/\/ostrowskatv.pl\/wp-content\/uploads\/2017\/02\/20170216_065242-150x150.jpg\" class=\"attachment-thumbnail size-thumbnail\" alt=\"\" \/><\/a>\n\t\t\t<\/div><\/figure><figure class='gallery-item'>\n\t\t\t<div class='gallery-icon landscape'>\n\t\t\t\t<a href='https:\/\/ostrowskatv.pl\/?attachment_id=3179'><img loading=\"lazy\" decoding=\"async\" width=\"150\" height=\"150\" src=\"https:\/\/ostrowskatv.pl\/wp-content\/uploads\/2017\/02\/20170216_065246-150x150.jpg\" class=\"attachment-thumbnail size-thumbnail\" alt=\"\" \/><\/a>\n\t\t\t<\/div><\/figure>\n\t\t<\/div>\n\n","protected":false},"excerpt":{"rendered":"W czwartek o godzinie 6:00 na ulicy Grabowskiej zderzy\u0142y si\u0119 dwa samochody osobowe. Fiat Stilo skr\u0119ca\u0142 w lewo na posesj\u0119 i w tym \n<a class=\"moretag\" href=\"https:\/\/ostrowskatv.pl\/?p=3178\"> [...]<\/a>","protected":false},"author":1,"featured_media":3179,"comment_status":"open","ping_status":"open","sticky":false,"template":"","format":"standard","meta":{"footnotes":""},"categories":[1],"tags":[2],"class_list":["post-3178","post","type-post","status-publish","format-standard","has-post-thumbnail","hentry","category-news","tag-ostrow-wielkopolski"],"_links":{"self":[{"href":"https:\/\/ostrowskatv.pl\/index.php?rest_route=\/wp\/v2\/posts\/3178","targetHints":{"allow":["GET"]}}],"collection":[{"href":"https:\/\/ostrowskatv.pl\/index.php?rest_route=\/wp\/v2\/posts"}],"about":[{"href":"https:\/\/ostrowskatv.pl\/index.php?rest_route=\/wp\/v2\/types\/post"}],"author":[{"embeddable":true,"href":"https:\/\/ostrowskatv.pl\/index.php?rest_route=\/wp\/v2\/users\/1"}],"replies":[{"embeddable":true,"href":"https:\/\/ostrowskatv.pl\/index.php?rest_route=%2Fwp%2Fv2%2Fcomments&post=3178"}],"version-history":[{"count":0,"href":"https:\/\/ostrowskatv.pl\/index.php?rest_route=\/wp\/v2\/posts\/3178\/revisions"}],"wp:featuredmedia":[{"embeddable":true,"href":"https:\/\/ostrowskatv.pl\/index.php?rest_route=\/wp\/v2\/media\/3179"}],"wp:attachment":[{"href":"https:\/\/ostrowskatv.pl\/index.php?rest_route=%2Fwp%2Fv2%2Fmedia&parent=3178"}],"wp:term":[{"taxonomy":"category","embeddable":true,"href":"https:\/\/ostrowskatv.pl\/index.php?rest_route=%2Fwp%2Fv2%2Fcategories&post=3178"},{"taxonomy":"post_tag","embeddable":true,"href":"https:\/\/ostrowskatv.pl\/index.php?rest_route=%2Fwp%2Fv2%2Ftags&post=3178"}],"curies":[{"name":"wp","href":"https:\/\/api.w.org\/{rel}","templated":true}]}}