{"id":31728,"date":"2024-10-12T08:01:11","date_gmt":"2024-10-12T07:01:11","guid":{"rendered":"https:\/\/ostrowskatv.pl\/?p=31728"},"modified":"2024-10-12T08:01:11","modified_gmt":"2024-10-12T07:01:11","slug":"akcja-strazakow-na-staszica-zdjecia","status":"publish","type":"post","link":"https:\/\/ostrowskatv.pl\/?p=31728","title":{"rendered":"Akcja stra\u017cak\u00f3w na Staszica (ZDJ\u0118CIA)"},"content":{"rendered":"<p><strong>Po godzinie 8.30 zg\u0142oszono po\u017car w bloku zlokalizowanym przy ulicy Staszica w Ostrowie Wielkopolskim. Zg\u0142aszaj\u0105cy, starszy mieszkaniec, twierdzi\u0142, \u017ce widzia\u0142 dym i czu\u0142 zapach palonego plastiku.<\/strong><\/p>\n<p>Chwil\u0119 przed dotarciem pierwszych zast\u0119p\u00f3w mieszkaniec oznajmi\u0142, \u017ce dymu ju\u017c nie ma. Stra\u017cacy dok\u0142adnie sprawdzili teren przyleg\u0142y do bloku i nie potwierdzili \u017cadnego zagro\u017cenia.<\/p>\n<p>Do akcji zadysponowano, z uwagi na budynek wielorodzinny, dwa zast\u0119py ga\u015bnicze z PSP, w\u00f3z z drabin\u0105 oraz zast\u0119p z OSP.<\/p>\n<p>By\u0107 mo\u017ce mieszkaniec dostrzeg\u0142 par\u0119 wodn\u0105, kt\u00f3ra o tej porze roku pojawia si\u0119 nad powierzchniami ogrzewanymi przez s\u0142o\u0144ce.<\/p>\n<p><img loading=\"lazy\" decoding=\"async\" src=\"https:\/\/ostrowskatv.pl\/wp-content\/uploads\/2024\/10\/1000095449.jpg\" alt=\"\" width=\"1920\" height=\"1081\" class=\"alignnone size-full wp-image-31729\" srcset=\"https:\/\/ostrowskatv.pl\/wp-content\/uploads\/2024\/10\/1000095449.jpg 1920w, https:\/\/ostrowskatv.pl\/wp-content\/uploads\/2024\/10\/1000095449-300x169.jpg 300w, https:\/\/ostrowskatv.pl\/wp-content\/uploads\/2024\/10\/1000095449-1333x751.jpg 1333w, https:\/\/ostrowskatv.pl\/wp-content\/uploads\/2024\/10\/1000095449-1536x865.jpg 1536w\" sizes=\"auto, (max-width: 1920px) 100vw, 1920px\" \/><\/p>\n<p><img loading=\"lazy\" decoding=\"async\" src=\"https:\/\/ostrowskatv.pl\/wp-content\/uploads\/2024\/10\/1000095448.jpg\" alt=\"\" width=\"1920\" height=\"1009\" class=\"alignnone size-full wp-image-31730\" srcset=\"https:\/\/ostrowskatv.pl\/wp-content\/uploads\/2024\/10\/1000095448.jpg 1920w, https:\/\/ostrowskatv.pl\/wp-content\/uploads\/2024\/10\/1000095448-300x158.jpg 300w, https:\/\/ostrowskatv.pl\/wp-content\/uploads\/2024\/10\/1000095448-1333x701.jpg 1333w, https:\/\/ostrowskatv.pl\/wp-content\/uploads\/2024\/10\/1000095448-1536x807.jpg 1536w\" sizes=\"auto, (max-width: 1920px) 100vw, 1920px\" \/><\/p>\n<p><img loading=\"lazy\" decoding=\"async\" src=\"https:\/\/ostrowskatv.pl\/wp-content\/uploads\/2024\/10\/1000095444.jpg\" alt=\"\" width=\"1920\" height=\"1081\" class=\"alignnone size-full wp-image-31731\" srcset=\"https:\/\/ostrowskatv.pl\/wp-content\/uploads\/2024\/10\/1000095444.jpg 1920w, https:\/\/ostrowskatv.pl\/wp-content\/uploads\/2024\/10\/1000095444-300x169.jpg 300w, https:\/\/ostrowskatv.pl\/wp-content\/uploads\/2024\/10\/1000095444-1333x751.jpg 1333w, https:\/\/ostrowskatv.pl\/wp-content\/uploads\/2024\/10\/1000095444-1536x865.jpg 1536w\" sizes=\"auto, (max-width: 1920px) 100vw, 1920px\" \/><\/p>\n<p><img loading=\"lazy\" decoding=\"async\" src=\"https:\/\/ostrowskatv.pl\/wp-content\/uploads\/2024\/10\/1000095443.jpg\" alt=\"\" width=\"1920\" height=\"1081\" class=\"alignnone size-full wp-image-31732\" srcset=\"https:\/\/ostrowskatv.pl\/wp-content\/uploads\/2024\/10\/1000095443.jpg 1920w, https:\/\/ostrowskatv.pl\/wp-content\/uploads\/2024\/10\/1000095443-300x169.jpg 300w, https:\/\/ostrowskatv.pl\/wp-content\/uploads\/2024\/10\/1000095443-1333x751.jpg 1333w, https:\/\/ostrowskatv.pl\/wp-content\/uploads\/2024\/10\/1000095443-1536x865.jpg 1536w\" sizes=\"auto, (max-width: 1920px) 100vw, 1920px\" \/><\/p>\n<p><img loading=\"lazy\" decoding=\"async\" src=\"https:\/\/ostrowskatv.pl\/wp-content\/uploads\/2024\/10\/1000095442.jpg\" alt=\"\" width=\"1920\" height=\"1081\" class=\"alignnone size-full wp-image-31733\" srcset=\"https:\/\/ostrowskatv.pl\/wp-content\/uploads\/2024\/10\/1000095442.jpg 1920w, https:\/\/ostrowskatv.pl\/wp-content\/uploads\/2024\/10\/1000095442-300x169.jpg 300w, https:\/\/ostrowskatv.pl\/wp-content\/uploads\/2024\/10\/1000095442-1333x751.jpg 1333w, https:\/\/ostrowskatv.pl\/wp-content\/uploads\/2024\/10\/1000095442-1536x865.jpg 1536w\" sizes=\"auto, (max-width: 1920px) 100vw, 1920px\" \/><\/p>\n","protected":false},"excerpt":{"rendered":"Po godzinie 8.30 zg\u0142oszono po\u017car w bloku zlokalizowanym przy ulicy Staszica w Ostrowie Wielkopolskim. Zg\u0142aszaj\u0105cy, starszy mieszkaniec, twierdzi\u0142, \u017ce widzia\u0142 dym i czu\u0142 \n<a class=\"moretag\" href=\"https:\/\/ostrowskatv.pl\/?p=31728\"> [...]<\/a>","protected":false},"author":1,"featured_media":31732,"comment_status":"open","ping_status":"closed","sticky":false,"template":"","format":"standard","meta":{"footnotes":""},"categories":[1],"tags":[2],"class_list":["post-31728","post","type-post","status-publish","format-standard","has-post-thumbnail","hentry","category-news","tag-ostrow-wielkopolski"],"_links":{"self":[{"href":"https:\/\/ostrowskatv.pl\/index.php?rest_route=\/wp\/v2\/posts\/31728","targetHints":{"allow":["GET"]}}],"collection":[{"href":"https:\/\/ostrowskatv.pl\/index.php?rest_route=\/wp\/v2\/posts"}],"about":[{"href":"https:\/\/ostrowskatv.pl\/index.php?rest_route=\/wp\/v2\/types\/post"}],"author":[{"embeddable":true,"href":"https:\/\/ostrowskatv.pl\/index.php?rest_route=\/wp\/v2\/users\/1"}],"replies":[{"embeddable":true,"href":"https:\/\/ostrowskatv.pl\/index.php?rest_route=%2Fwp%2Fv2%2Fcomments&post=31728"}],"version-history":[{"count":0,"href":"https:\/\/ostrowskatv.pl\/index.php?rest_route=\/wp\/v2\/posts\/31728\/revisions"}],"wp:featuredmedia":[{"embeddable":true,"href":"https:\/\/ostrowskatv.pl\/index.php?rest_route=\/wp\/v2\/media\/31732"}],"wp:attachment":[{"href":"https:\/\/ostrowskatv.pl\/index.php?rest_route=%2Fwp%2Fv2%2Fmedia&parent=31728"}],"wp:term":[{"taxonomy":"category","embeddable":true,"href":"https:\/\/ostrowskatv.pl\/index.php?rest_route=%2Fwp%2Fv2%2Fcategories&post=31728"},{"taxonomy":"post_tag","embeddable":true,"href":"https:\/\/ostrowskatv.pl\/index.php?rest_route=%2Fwp%2Fv2%2Ftags&post=31728"}],"curies":[{"name":"wp","href":"https:\/\/api.w.org\/{rel}","templated":true}]}}