{"id":3172,"date":"2017-02-15T11:52:52","date_gmt":"2017-02-15T10:52:52","guid":{"rendered":"http:\/\/ostrowska.tv\/?p=3172"},"modified":"2017-02-15T11:52:52","modified_gmt":"2017-02-15T10:52:52","slug":"renault-clio-uderzylo-w-plot-i-slup","status":"publish","type":"post","link":"https:\/\/ostrowskatv.pl\/?p=3172","title":{"rendered":"Renault Clio uderzy\u0142o w p\u0142ot i s\u0142up"},"content":{"rendered":"<p><strong>Tych Walentynek nie b\u0119dzie mi\u0142o wspomina\u0142 oko\u0142o 23-letni mieszkaniec powiatu krotoszy\u0144skiego. Wracaj\u0105c od swej luby spotka\u0142o go niemi\u0142e zdarzenie. Kieruj\u0105c Renault Clio, jecha\u0142 ul. Grabowsk\u0105 w stron\u0119 centrum miasta. Nagle mia\u0142o mu co\u015b wybiec na ulic\u0119. Wtedy gwa\u0142townie skr\u0119ci\u0142 w lewo, gdzie uderzy\u0142 w ogrodzenie posesji, a nast\u0119pnie Renault Clio po okr\u0119ceniu si\u0119, uderzy\u0142o ty\u0142em w latarni\u0119.<\/strong><\/p>\n<p>Wed\u0142ug \u015bwiadk\u00f3w, ok. 23-latek chwil\u0119 po wypadku mia\u0142 zakrwawion\u0105 twarz z powodu rozbicia si\u0119 bocznej szyby. By\u0142 oszo\u0142omiony. W stanie przytomnym zabrano go do szpitala.<\/p>\n<div id='gallery-1' class='gallery galleryid-3172 gallery-columns-3 gallery-size-thumbnail'><figure class='gallery-item'>\n\t\t\t<div class='gallery-icon landscape'>\n\t\t\t\t<a href='https:\/\/ostrowskatv.pl\/?attachment_id=3173'><img loading=\"lazy\" decoding=\"async\" width=\"150\" height=\"150\" src=\"https:\/\/ostrowskatv.pl\/wp-content\/uploads\/2017\/02\/20170214_211607-150x150.jpg\" class=\"attachment-thumbnail size-thumbnail\" alt=\"\" \/><\/a>\n\t\t\t<\/div><\/figure><figure class='gallery-item'>\n\t\t\t<div class='gallery-icon landscape'>\n\t\t\t\t<a href='https:\/\/ostrowskatv.pl\/?attachment_id=3174'><img loading=\"lazy\" decoding=\"async\" width=\"150\" height=\"150\" src=\"https:\/\/ostrowskatv.pl\/wp-content\/uploads\/2017\/02\/20170214_210424-150x150.jpg\" class=\"attachment-thumbnail size-thumbnail\" alt=\"\" \/><\/a>\n\t\t\t<\/div><\/figure><figure class='gallery-item'>\n\t\t\t<div class='gallery-icon landscape'>\n\t\t\t\t<a href='https:\/\/ostrowskatv.pl\/?attachment_id=3175'><img loading=\"lazy\" decoding=\"async\" width=\"150\" height=\"150\" src=\"https:\/\/ostrowskatv.pl\/wp-content\/uploads\/2017\/02\/20170214_210405-150x150.jpg\" class=\"attachment-thumbnail size-thumbnail\" alt=\"\" \/><\/a>\n\t\t\t<\/div><\/figure><figure class='gallery-item'>\n\t\t\t<div class='gallery-icon landscape'>\n\t\t\t\t<a href='https:\/\/ostrowskatv.pl\/?attachment_id=3176'><img loading=\"lazy\" decoding=\"async\" width=\"150\" height=\"150\" src=\"https:\/\/ostrowskatv.pl\/wp-content\/uploads\/2017\/02\/20170214_210325-150x150.jpg\" class=\"attachment-thumbnail size-thumbnail\" alt=\"\" \/><\/a>\n\t\t\t<\/div><\/figure>\n\t\t<\/div>\n\n","protected":false},"excerpt":{"rendered":"Tych Walentynek nie b\u0119dzie mi\u0142o wspomina\u0142 oko\u0142o 23-letni mieszkaniec powiatu krotoszy\u0144skiego. Wracaj\u0105c od swej luby spotka\u0142o go niemi\u0142e zdarzenie. Kieruj\u0105c Renault Clio, jecha\u0142 \n<a class=\"moretag\" href=\"https:\/\/ostrowskatv.pl\/?p=3172\"> [...]<\/a>","protected":false},"author":1,"featured_media":3173,"comment_status":"open","ping_status":"open","sticky":false,"template":"","format":"standard","meta":{"footnotes":""},"categories":[1],"tags":[2],"class_list":["post-3172","post","type-post","status-publish","format-standard","has-post-thumbnail","hentry","category-news","tag-ostrow-wielkopolski"],"_links":{"self":[{"href":"https:\/\/ostrowskatv.pl\/index.php?rest_route=\/wp\/v2\/posts\/3172","targetHints":{"allow":["GET"]}}],"collection":[{"href":"https:\/\/ostrowskatv.pl\/index.php?rest_route=\/wp\/v2\/posts"}],"about":[{"href":"https:\/\/ostrowskatv.pl\/index.php?rest_route=\/wp\/v2\/types\/post"}],"author":[{"embeddable":true,"href":"https:\/\/ostrowskatv.pl\/index.php?rest_route=\/wp\/v2\/users\/1"}],"replies":[{"embeddable":true,"href":"https:\/\/ostrowskatv.pl\/index.php?rest_route=%2Fwp%2Fv2%2Fcomments&post=3172"}],"version-history":[{"count":0,"href":"https:\/\/ostrowskatv.pl\/index.php?rest_route=\/wp\/v2\/posts\/3172\/revisions"}],"wp:featuredmedia":[{"embeddable":true,"href":"https:\/\/ostrowskatv.pl\/index.php?rest_route=\/wp\/v2\/media\/3173"}],"wp:attachment":[{"href":"https:\/\/ostrowskatv.pl\/index.php?rest_route=%2Fwp%2Fv2%2Fmedia&parent=3172"}],"wp:term":[{"taxonomy":"category","embeddable":true,"href":"https:\/\/ostrowskatv.pl\/index.php?rest_route=%2Fwp%2Fv2%2Fcategories&post=3172"},{"taxonomy":"post_tag","embeddable":true,"href":"https:\/\/ostrowskatv.pl\/index.php?rest_route=%2Fwp%2Fv2%2Ftags&post=3172"}],"curies":[{"name":"wp","href":"https:\/\/api.w.org\/{rel}","templated":true}]}}