{"id":31719,"date":"2024-10-10T20:30:20","date_gmt":"2024-10-10T19:30:20","guid":{"rendered":"https:\/\/ostrowskatv.pl\/?p=31719"},"modified":"2024-10-10T20:30:20","modified_gmt":"2024-10-10T19:30:20","slug":"pozar-w-kontenerze-zdjecia","status":"publish","type":"post","link":"https:\/\/ostrowskatv.pl\/?p=31719","title":{"rendered":"Po\u017car w kontenerze (ZDJ\u0118CIA)"},"content":{"rendered":"<p><strong>O godzinie 20 zg\u0142oszono po\u017car kontenera przy jednej z posesji w Ko\u0142\u0105tajewie. Na miejsce wys\u0142ano wozy stra\u017cackie z Ostrowa Wielkopolskiego, Czekanowa oraz Kwiatkowa. <\/strong><\/p>\n<p>W kontenerze mia\u0142y si\u0119 znajdowa\u0107 pojazdy. Okaza\u0142o si\u0119, \u017ce sytuacja zosta\u0142a opanowana przed przyjazdem stra\u017cak\u00f3w. Nie musieli nawet rozwija\u0107 w\u0119\u017cy ga\u015bniczych.<\/p>\n<p>Stwierdzono, \u017ce dosz\u0142o do zwarcia si\u0119 instalacji elektrycznej. Nie odnotowano wi\u0119kszych strat.<\/p>\n<p><img loading=\"lazy\" decoding=\"async\" src=\"https:\/\/ostrowskatv.pl\/wp-content\/uploads\/2024\/10\/1000095135.jpg\" alt=\"\" width=\"1919\" height=\"1190\" class=\"alignnone size-full wp-image-31722\" srcset=\"https:\/\/ostrowskatv.pl\/wp-content\/uploads\/2024\/10\/1000095135.jpg 1919w, https:\/\/ostrowskatv.pl\/wp-content\/uploads\/2024\/10\/1000095135-300x186.jpg 300w, https:\/\/ostrowskatv.pl\/wp-content\/uploads\/2024\/10\/1000095135-1333x827.jpg 1333w, https:\/\/ostrowskatv.pl\/wp-content\/uploads\/2024\/10\/1000095135-1536x952.jpg 1536w\" sizes=\"auto, (max-width: 1919px) 100vw, 1919px\" \/><\/p>\n<p><img loading=\"lazy\" decoding=\"async\" src=\"https:\/\/ostrowskatv.pl\/wp-content\/uploads\/2024\/10\/1000095137.jpg\" alt=\"\" width=\"1920\" height=\"1081\" class=\"alignnone size-full wp-image-31723\" srcset=\"https:\/\/ostrowskatv.pl\/wp-content\/uploads\/2024\/10\/1000095137.jpg 1920w, https:\/\/ostrowskatv.pl\/wp-content\/uploads\/2024\/10\/1000095137-300x169.jpg 300w, https:\/\/ostrowskatv.pl\/wp-content\/uploads\/2024\/10\/1000095137-1333x751.jpg 1333w, https:\/\/ostrowskatv.pl\/wp-content\/uploads\/2024\/10\/1000095137-1536x865.jpg 1536w\" sizes=\"auto, (max-width: 1920px) 100vw, 1920px\" \/><\/p>\n<p><img loading=\"lazy\" decoding=\"async\" src=\"https:\/\/ostrowskatv.pl\/wp-content\/uploads\/2024\/10\/1000095143.jpg\" alt=\"\" width=\"1920\" height=\"1081\" class=\"alignnone size-full wp-image-31724\" srcset=\"https:\/\/ostrowskatv.pl\/wp-content\/uploads\/2024\/10\/1000095143.jpg 1920w, https:\/\/ostrowskatv.pl\/wp-content\/uploads\/2024\/10\/1000095143-300x169.jpg 300w, https:\/\/ostrowskatv.pl\/wp-content\/uploads\/2024\/10\/1000095143-1333x751.jpg 1333w, https:\/\/ostrowskatv.pl\/wp-content\/uploads\/2024\/10\/1000095143-1536x865.jpg 1536w\" sizes=\"auto, (max-width: 1920px) 100vw, 1920px\" \/><\/p>\n<p><img loading=\"lazy\" decoding=\"async\" src=\"https:\/\/ostrowskatv.pl\/wp-content\/uploads\/2024\/10\/1000095142.jpg\" alt=\"\" width=\"1920\" height=\"1081\" class=\"alignnone size-full wp-image-31725\" srcset=\"https:\/\/ostrowskatv.pl\/wp-content\/uploads\/2024\/10\/1000095142.jpg 1920w, https:\/\/ostrowskatv.pl\/wp-content\/uploads\/2024\/10\/1000095142-300x169.jpg 300w, https:\/\/ostrowskatv.pl\/wp-content\/uploads\/2024\/10\/1000095142-1333x751.jpg 1333w, https:\/\/ostrowskatv.pl\/wp-content\/uploads\/2024\/10\/1000095142-1536x865.jpg 1536w\" sizes=\"auto, (max-width: 1920px) 100vw, 1920px\" \/><\/p>\n<p><img loading=\"lazy\" decoding=\"async\" src=\"https:\/\/ostrowskatv.pl\/wp-content\/uploads\/2024\/10\/1000095136.jpg\" alt=\"\" width=\"1920\" height=\"1081\" class=\"alignnone size-full wp-image-31726\" srcset=\"https:\/\/ostrowskatv.pl\/wp-content\/uploads\/2024\/10\/1000095136.jpg 1920w, https:\/\/ostrowskatv.pl\/wp-content\/uploads\/2024\/10\/1000095136-300x169.jpg 300w, https:\/\/ostrowskatv.pl\/wp-content\/uploads\/2024\/10\/1000095136-1333x751.jpg 1333w, https:\/\/ostrowskatv.pl\/wp-content\/uploads\/2024\/10\/1000095136-1536x865.jpg 1536w\" sizes=\"auto, (max-width: 1920px) 100vw, 1920px\" \/><\/p>\n","protected":false},"excerpt":{"rendered":"O godzinie 20 zg\u0142oszono po\u017car kontenera przy jednej z posesji w Ko\u0142\u0105tajewie. Na miejsce wys\u0142ano wozy stra\u017cackie z Ostrowa Wielkopolskiego, Czekanowa oraz Kwiatkowa. \n<a class=\"moretag\" href=\"https:\/\/ostrowskatv.pl\/?p=31719\"> [...]<\/a>","protected":false},"author":1,"featured_media":31722,"comment_status":"open","ping_status":"closed","sticky":false,"template":"","format":"standard","meta":{"footnotes":""},"categories":[1],"tags":[7],"class_list":["post-31719","post","type-post","status-publish","format-standard","has-post-thumbnail","hentry","category-news","tag-pozar"],"_links":{"self":[{"href":"https:\/\/ostrowskatv.pl\/index.php?rest_route=\/wp\/v2\/posts\/31719","targetHints":{"allow":["GET"]}}],"collection":[{"href":"https:\/\/ostrowskatv.pl\/index.php?rest_route=\/wp\/v2\/posts"}],"about":[{"href":"https:\/\/ostrowskatv.pl\/index.php?rest_route=\/wp\/v2\/types\/post"}],"author":[{"embeddable":true,"href":"https:\/\/ostrowskatv.pl\/index.php?rest_route=\/wp\/v2\/users\/1"}],"replies":[{"embeddable":true,"href":"https:\/\/ostrowskatv.pl\/index.php?rest_route=%2Fwp%2Fv2%2Fcomments&post=31719"}],"version-history":[{"count":0,"href":"https:\/\/ostrowskatv.pl\/index.php?rest_route=\/wp\/v2\/posts\/31719\/revisions"}],"wp:featuredmedia":[{"embeddable":true,"href":"https:\/\/ostrowskatv.pl\/index.php?rest_route=\/wp\/v2\/media\/31722"}],"wp:attachment":[{"href":"https:\/\/ostrowskatv.pl\/index.php?rest_route=%2Fwp%2Fv2%2Fmedia&parent=31719"}],"wp:term":[{"taxonomy":"category","embeddable":true,"href":"https:\/\/ostrowskatv.pl\/index.php?rest_route=%2Fwp%2Fv2%2Fcategories&post=31719"},{"taxonomy":"post_tag","embeddable":true,"href":"https:\/\/ostrowskatv.pl\/index.php?rest_route=%2Fwp%2Fv2%2Ftags&post=31719"}],"curies":[{"name":"wp","href":"https:\/\/api.w.org\/{rel}","templated":true}]}}