{"id":3170,"date":"2017-02-11T10:35:34","date_gmt":"2017-02-11T09:35:34","guid":{"rendered":"http:\/\/ostrowska.tv\/?p=3170"},"modified":"2017-02-11T10:35:34","modified_gmt":"2017-02-11T09:35:34","slug":"poscig-policyjny-potraconych-dwoch-policjantow-rozbite-radiowozy","status":"publish","type":"post","link":"https:\/\/ostrowskatv.pl\/?p=3170","title":{"rendered":"Po\u015bcig policyjny. Potr\u0105conych dw\u00f3ch policjant\u00f3w, rozbite radiowozy"},"content":{"rendered":"<p><strong>W pi\u0105tek o 23:20 rozpocz\u0105\u0142 si\u0119 spektakularny po\u015bcig policyjny drogami powiatu ostrowskiego. W miejscowo\u015bci Wt\u00f3rek patrol ruchu drogowego pr\u00f3bowa\u0142 zatrzyma\u0107 do kontroli Seata Cordob\u0119. Kierowca samochodu postanowi\u0142 uciec. Od tego momentu rozpocz\u0105\u0142 si\u0119 po\u015bcig, kt\u00f3ry na d\u0142ugo zapadnie w pami\u0119ci policjant\u00f3w.<\/strong><\/p>\n<p>Dy\u017curny ostrowskiej komendy skierowa\u0142 wszystkie wolne patrole do zatrzymania Seata. M\u0119\u017cczyzna oddala\u0142 si\u0119 w stron\u0119 wsi Strzy\u017cew, Namys\u0142aki, Masan\u00f3w. Ucieka\u0142 polami, duktami le\u015bnymi. Po drodze uszkodzi\u0142 dwa radiowozy &#8211; nieoznakowany Hyundai oraz oznakowan\u0105 Kia Ceed. Jeden z nich ma skasowany ca\u0142y prz\u00f3d, a drugi b\u0142otnik i lamp\u0119. Uciekaj\u0105cy potr\u0105ci\u0142 dw\u00f3ch policjant\u00f3w, kt\u00f3rzy zostali poturbowani.<\/p>\n<p>Ostatecznie zatrzymano uciekaj\u0105cego. Okaza\u0142 si\u0119 nim 29-letni mieszkaniec powiatu ostrowskiego. I cho\u0107 nie wydmucha\u0142 nic alkoholu, policjanci maj\u0105 mocne podejrzenia, \u017ce m\u0119\u017cczyzna by\u0142 pod wp\u0142ywem narkotyk\u00f3w. Dodatkowo nigdy nie posiada\u0142 uprawnie\u0144 do kierowania samochodami. Pobrano krew do bada\u0144.<\/p>\n","protected":false},"excerpt":{"rendered":"W pi\u0105tek o 23:20 rozpocz\u0105\u0142 si\u0119 spektakularny po\u015bcig policyjny drogami powiatu ostrowskiego. W miejscowo\u015bci Wt\u00f3rek patrol ruchu drogowego pr\u00f3bowa\u0142 zatrzyma\u0107 do kontroli Seata \n<a class=\"moretag\" href=\"https:\/\/ostrowskatv.pl\/?p=3170\"> [...]<\/a>","protected":false},"author":1,"featured_media":3154,"comment_status":"open","ping_status":"open","sticky":false,"template":"","format":"standard","meta":{"footnotes":""},"categories":[1],"tags":[120],"class_list":["post-3170","post","type-post","status-publish","format-standard","has-post-thumbnail","hentry","category-news","tag-powiat-ostrowski"],"_links":{"self":[{"href":"https:\/\/ostrowskatv.pl\/index.php?rest_route=\/wp\/v2\/posts\/3170","targetHints":{"allow":["GET"]}}],"collection":[{"href":"https:\/\/ostrowskatv.pl\/index.php?rest_route=\/wp\/v2\/posts"}],"about":[{"href":"https:\/\/ostrowskatv.pl\/index.php?rest_route=\/wp\/v2\/types\/post"}],"author":[{"embeddable":true,"href":"https:\/\/ostrowskatv.pl\/index.php?rest_route=\/wp\/v2\/users\/1"}],"replies":[{"embeddable":true,"href":"https:\/\/ostrowskatv.pl\/index.php?rest_route=%2Fwp%2Fv2%2Fcomments&post=3170"}],"version-history":[{"count":0,"href":"https:\/\/ostrowskatv.pl\/index.php?rest_route=\/wp\/v2\/posts\/3170\/revisions"}],"wp:featuredmedia":[{"embeddable":true,"href":"https:\/\/ostrowskatv.pl\/index.php?rest_route=\/wp\/v2\/media\/3154"}],"wp:attachment":[{"href":"https:\/\/ostrowskatv.pl\/index.php?rest_route=%2Fwp%2Fv2%2Fmedia&parent=3170"}],"wp:term":[{"taxonomy":"category","embeddable":true,"href":"https:\/\/ostrowskatv.pl\/index.php?rest_route=%2Fwp%2Fv2%2Fcategories&post=3170"},{"taxonomy":"post_tag","embeddable":true,"href":"https:\/\/ostrowskatv.pl\/index.php?rest_route=%2Fwp%2Fv2%2Ftags&post=3170"}],"curies":[{"name":"wp","href":"https:\/\/api.w.org\/{rel}","templated":true}]}}