{"id":31694,"date":"2024-10-08T11:58:49","date_gmt":"2024-10-08T10:58:49","guid":{"rendered":"https:\/\/ostrowskatv.pl\/?p=31694"},"modified":"2024-10-08T11:58:49","modified_gmt":"2024-10-08T10:58:49","slug":"bmw-w-drzewo-mloda-kobieta-poszkodowana-zdjecia","status":"publish","type":"post","link":"https:\/\/ostrowskatv.pl\/?p=31694","title":{"rendered":"BMW w drzewo. M\u0142oda kobieta poszkodowana (ZDJ\u0118CIA)"},"content":{"rendered":"<p><strong>Chwil\u0119 po godzinie 12.30 dosz\u0142o do wypadku na alei S\u0142owackiego w Ostrowie Wielkopolskim. Ze wst\u0119pnych ustale\u0144 wynika, \u017ce m\u0142ody kierowca BMW jecha\u0142 od strony Kalisza i na \u0142uku drogi doda\u0142 gazu.<\/strong><\/p>\n<p>Straci\u0142 panowanie nad autem i uderzy\u0142 w przydro\u017cne drzewo. Najmocniej ucierpia\u0142a pasa\u017cerka BMW, kt\u00f3r\u0105 na noszach przetransportowano do karetki pogotowia ratunkowego.<\/p>\n<p><img loading=\"lazy\" decoding=\"async\" src=\"https:\/\/ostrowskatv.pl\/wp-content\/uploads\/2024\/10\/1000094696.jpg\" alt=\"\" width=\"1920\" height=\"1081\" class=\"alignnone size-full wp-image-31695\" srcset=\"https:\/\/ostrowskatv.pl\/wp-content\/uploads\/2024\/10\/1000094696.jpg 1920w, https:\/\/ostrowskatv.pl\/wp-content\/uploads\/2024\/10\/1000094696-300x169.jpg 300w, https:\/\/ostrowskatv.pl\/wp-content\/uploads\/2024\/10\/1000094696-1333x751.jpg 1333w, https:\/\/ostrowskatv.pl\/wp-content\/uploads\/2024\/10\/1000094696-1536x865.jpg 1536w\" sizes=\"auto, (max-width: 1920px) 100vw, 1920px\" \/><\/p>\n<p><img loading=\"lazy\" decoding=\"async\" src=\"https:\/\/ostrowskatv.pl\/wp-content\/uploads\/2024\/10\/1000094684.jpg\" alt=\"\" width=\"1920\" height=\"1081\" class=\"alignnone size-full wp-image-31696\" srcset=\"https:\/\/ostrowskatv.pl\/wp-content\/uploads\/2024\/10\/1000094684.jpg 1920w, https:\/\/ostrowskatv.pl\/wp-content\/uploads\/2024\/10\/1000094684-300x169.jpg 300w, https:\/\/ostrowskatv.pl\/wp-content\/uploads\/2024\/10\/1000094684-1333x751.jpg 1333w, https:\/\/ostrowskatv.pl\/wp-content\/uploads\/2024\/10\/1000094684-1536x865.jpg 1536w\" sizes=\"auto, (max-width: 1920px) 100vw, 1920px\" \/><\/p>\n<p><img loading=\"lazy\" decoding=\"async\" src=\"https:\/\/ostrowskatv.pl\/wp-content\/uploads\/2024\/10\/1000094683.jpg\" alt=\"\" width=\"1081\" height=\"1920\" class=\"alignnone size-full wp-image-31697\" srcset=\"https:\/\/ostrowskatv.pl\/wp-content\/uploads\/2024\/10\/1000094683.jpg 1081w, https:\/\/ostrowskatv.pl\/wp-content\/uploads\/2024\/10\/1000094683-169x300.jpg 169w, https:\/\/ostrowskatv.pl\/wp-content\/uploads\/2024\/10\/1000094683-751x1333.jpg 751w, https:\/\/ostrowskatv.pl\/wp-content\/uploads\/2024\/10\/1000094683-865x1536.jpg 865w\" sizes=\"auto, (max-width: 1081px) 100vw, 1081px\" \/><\/p>\n<p><img loading=\"lazy\" decoding=\"async\" src=\"https:\/\/ostrowskatv.pl\/wp-content\/uploads\/2024\/10\/1000094681.jpg\" alt=\"\" width=\"1081\" height=\"1920\" class=\"alignnone size-full wp-image-31698\" srcset=\"https:\/\/ostrowskatv.pl\/wp-content\/uploads\/2024\/10\/1000094681.jpg 1081w, https:\/\/ostrowskatv.pl\/wp-content\/uploads\/2024\/10\/1000094681-169x300.jpg 169w, https:\/\/ostrowskatv.pl\/wp-content\/uploads\/2024\/10\/1000094681-751x1333.jpg 751w, https:\/\/ostrowskatv.pl\/wp-content\/uploads\/2024\/10\/1000094681-865x1536.jpg 865w\" sizes=\"auto, (max-width: 1081px) 100vw, 1081px\" \/><\/p>\n<p><img loading=\"lazy\" decoding=\"async\" src=\"https:\/\/ostrowskatv.pl\/wp-content\/uploads\/2024\/10\/1000094680.jpg\" alt=\"\" width=\"1920\" height=\"878\" class=\"alignnone size-full wp-image-31699\" srcset=\"https:\/\/ostrowskatv.pl\/wp-content\/uploads\/2024\/10\/1000094680.jpg 1920w, https:\/\/ostrowskatv.pl\/wp-content\/uploads\/2024\/10\/1000094680-300x137.jpg 300w, https:\/\/ostrowskatv.pl\/wp-content\/uploads\/2024\/10\/1000094680-1333x610.jpg 1333w, https:\/\/ostrowskatv.pl\/wp-content\/uploads\/2024\/10\/1000094680-1536x702.jpg 1536w\" sizes=\"auto, (max-width: 1920px) 100vw, 1920px\" \/><\/p>\n<p><img loading=\"lazy\" decoding=\"async\" src=\"https:\/\/ostrowskatv.pl\/wp-content\/uploads\/2024\/10\/1000094679.jpg\" alt=\"\" width=\"1920\" height=\"939\" class=\"alignnone size-full wp-image-31700\" srcset=\"https:\/\/ostrowskatv.pl\/wp-content\/uploads\/2024\/10\/1000094679.jpg 1920w, https:\/\/ostrowskatv.pl\/wp-content\/uploads\/2024\/10\/1000094679-300x147.jpg 300w, https:\/\/ostrowskatv.pl\/wp-content\/uploads\/2024\/10\/1000094679-1333x652.jpg 1333w, https:\/\/ostrowskatv.pl\/wp-content\/uploads\/2024\/10\/1000094679-1536x751.jpg 1536w\" sizes=\"auto, (max-width: 1920px) 100vw, 1920px\" \/><\/p>\n<p><img loading=\"lazy\" decoding=\"async\" src=\"https:\/\/ostrowskatv.pl\/wp-content\/uploads\/2024\/10\/1000094678.jpg\" alt=\"\" width=\"1920\" height=\"1081\" class=\"alignnone size-full wp-image-31701\" srcset=\"https:\/\/ostrowskatv.pl\/wp-content\/uploads\/2024\/10\/1000094678.jpg 1920w, https:\/\/ostrowskatv.pl\/wp-content\/uploads\/2024\/10\/1000094678-300x169.jpg 300w, https:\/\/ostrowskatv.pl\/wp-content\/uploads\/2024\/10\/1000094678-1333x751.jpg 1333w, https:\/\/ostrowskatv.pl\/wp-content\/uploads\/2024\/10\/1000094678-1536x865.jpg 1536w\" sizes=\"auto, (max-width: 1920px) 100vw, 1920px\" \/><\/p>\n","protected":false},"excerpt":{"rendered":"Chwil\u0119 po godzinie 12.30 dosz\u0142o do wypadku na alei S\u0142owackiego w Ostrowie Wielkopolskim. Ze wst\u0119pnych ustale\u0144 wynika, \u017ce m\u0142ody kierowca BMW jecha\u0142 od \n<a class=\"moretag\" href=\"https:\/\/ostrowskatv.pl\/?p=31694\"> [...]<\/a>","protected":false},"author":1,"featured_media":31700,"comment_status":"open","ping_status":"closed","sticky":false,"template":"","format":"standard","meta":{"footnotes":""},"categories":[1],"tags":[2],"class_list":["post-31694","post","type-post","status-publish","format-standard","has-post-thumbnail","hentry","category-news","tag-ostrow-wielkopolski"],"_links":{"self":[{"href":"https:\/\/ostrowskatv.pl\/index.php?rest_route=\/wp\/v2\/posts\/31694","targetHints":{"allow":["GET"]}}],"collection":[{"href":"https:\/\/ostrowskatv.pl\/index.php?rest_route=\/wp\/v2\/posts"}],"about":[{"href":"https:\/\/ostrowskatv.pl\/index.php?rest_route=\/wp\/v2\/types\/post"}],"author":[{"embeddable":true,"href":"https:\/\/ostrowskatv.pl\/index.php?rest_route=\/wp\/v2\/users\/1"}],"replies":[{"embeddable":true,"href":"https:\/\/ostrowskatv.pl\/index.php?rest_route=%2Fwp%2Fv2%2Fcomments&post=31694"}],"version-history":[{"count":0,"href":"https:\/\/ostrowskatv.pl\/index.php?rest_route=\/wp\/v2\/posts\/31694\/revisions"}],"wp:featuredmedia":[{"embeddable":true,"href":"https:\/\/ostrowskatv.pl\/index.php?rest_route=\/wp\/v2\/media\/31700"}],"wp:attachment":[{"href":"https:\/\/ostrowskatv.pl\/index.php?rest_route=%2Fwp%2Fv2%2Fmedia&parent=31694"}],"wp:term":[{"taxonomy":"category","embeddable":true,"href":"https:\/\/ostrowskatv.pl\/index.php?rest_route=%2Fwp%2Fv2%2Fcategories&post=31694"},{"taxonomy":"post_tag","embeddable":true,"href":"https:\/\/ostrowskatv.pl\/index.php?rest_route=%2Fwp%2Fv2%2Ftags&post=31694"}],"curies":[{"name":"wp","href":"https:\/\/api.w.org\/{rel}","templated":true}]}}