{"id":31692,"date":"2024-10-08T11:28:26","date_gmt":"2024-10-08T10:28:26","guid":{"rendered":"https:\/\/ostrowskatv.pl\/?p=31692"},"modified":"2024-10-08T11:28:26","modified_gmt":"2024-10-08T10:28:26","slug":"wyeliminowano-nietrzezwego-kierowce-autobusu","status":"publish","type":"post","link":"https:\/\/ostrowskatv.pl\/?p=31692","title":{"rendered":"Wyeliminowano nietrze\u017awego kierowc\u0119 autobusu"},"content":{"rendered":"<p><strong>Niekt\u00f3rzy chyba zapominaj\u0105, \u017ce wykonuj\u0105 specyficzny zaw\u00f3d, kt\u00f3ry wi\u0105\u017ce si\u0119 ze spor\u0105 odpowiedzialno\u015bci\u0105. Zw\u0142aszcza je\u015bli chodzi o zdrowie i \u017cycie innych os\u00f3b. Na szcz\u0119\u015bcie jeden z takich pracownik\u00f3w zosta\u0142 wyeliminowany.<\/strong><\/p>\n<p>W poniedzia\u0142ek przed godzin\u0105 6 rano poproszono ostrowsk\u0105 policj\u0119 o sprawdzenie stanu trze\u017awo\u015bci jednego z kierowc\u00f3w, wobec kt\u00f3rego zasz\u0142o podejrzenie, \u017ce mo\u017ce by\u0107 &#8222;wczorajszy&#8221;. Badanie legalizowanym urz\u0105dzeniem wykaza\u0142o, \u017ce 39-letni kierowca autobusu wydmucha\u0142 prawie 0,3 promila. Nie jest to mo\u017ce osza\u0142amiaj\u0105ce st\u0119\u017cenie, ale wystarczy\u0142o, \u017ceby wykluczy\u0107 kierowc\u0119 od wyjechania z zajezdni autobusem.<\/p>\n<p>Z ustale\u0144 policji wynika, \u017ce kierowca przyszed\u0142 pieszo do pracy, dlatego nie mogli go ukara\u0107 za kierowanie po spo\u017cyciu.<\/p>\n","protected":false},"excerpt":{"rendered":"Niekt\u00f3rzy chyba zapominaj\u0105, \u017ce wykonuj\u0105 specyficzny zaw\u00f3d, kt\u00f3ry wi\u0105\u017ce si\u0119 ze spor\u0105 odpowiedzialno\u015bci\u0105. Zw\u0142aszcza je\u015bli chodzi o zdrowie i \u017cycie innych os\u00f3b. Na \n<a class=\"moretag\" href=\"https:\/\/ostrowskatv.pl\/?p=31692\"> [...]<\/a>","protected":false},"author":1,"featured_media":30572,"comment_status":"open","ping_status":"closed","sticky":false,"template":"","format":"standard","meta":{"footnotes":""},"categories":[1],"tags":[2],"class_list":["post-31692","post","type-post","status-publish","format-standard","has-post-thumbnail","hentry","category-news","tag-ostrow-wielkopolski"],"_links":{"self":[{"href":"https:\/\/ostrowskatv.pl\/index.php?rest_route=\/wp\/v2\/posts\/31692","targetHints":{"allow":["GET"]}}],"collection":[{"href":"https:\/\/ostrowskatv.pl\/index.php?rest_route=\/wp\/v2\/posts"}],"about":[{"href":"https:\/\/ostrowskatv.pl\/index.php?rest_route=\/wp\/v2\/types\/post"}],"author":[{"embeddable":true,"href":"https:\/\/ostrowskatv.pl\/index.php?rest_route=\/wp\/v2\/users\/1"}],"replies":[{"embeddable":true,"href":"https:\/\/ostrowskatv.pl\/index.php?rest_route=%2Fwp%2Fv2%2Fcomments&post=31692"}],"version-history":[{"count":0,"href":"https:\/\/ostrowskatv.pl\/index.php?rest_route=\/wp\/v2\/posts\/31692\/revisions"}],"wp:featuredmedia":[{"embeddable":true,"href":"https:\/\/ostrowskatv.pl\/index.php?rest_route=\/wp\/v2\/media\/30572"}],"wp:attachment":[{"href":"https:\/\/ostrowskatv.pl\/index.php?rest_route=%2Fwp%2Fv2%2Fmedia&parent=31692"}],"wp:term":[{"taxonomy":"category","embeddable":true,"href":"https:\/\/ostrowskatv.pl\/index.php?rest_route=%2Fwp%2Fv2%2Fcategories&post=31692"},{"taxonomy":"post_tag","embeddable":true,"href":"https:\/\/ostrowskatv.pl\/index.php?rest_route=%2Fwp%2Fv2%2Ftags&post=31692"}],"curies":[{"name":"wp","href":"https:\/\/api.w.org\/{rel}","templated":true}]}}