{"id":31679,"date":"2024-10-07T16:11:18","date_gmt":"2024-10-07T15:11:18","guid":{"rendered":"https:\/\/ostrowskatv.pl\/?p=31679"},"modified":"2024-10-07T16:11:18","modified_gmt":"2024-10-07T15:11:18","slug":"religia-w-szkole-iv-liceum-ofiara-hejtu","status":"publish","type":"post","link":"https:\/\/ostrowskatv.pl\/?p=31679","title":{"rendered":"Religia w szkole &#8211; IV Liceum ofiar\u0105 hejtu?"},"content":{"rendered":"<p><strong>W Gazecie Wyborczej pojawi\u0142 si\u0119 artyku\u0142, kt\u00f3ry sugerowa\u0142, \u017ce w IV Liceum Og\u00f3lnokszta\u0142c\u0105cym mo\u017ce by\u0107 \u0142amana konstytucja, poniewa\u017c uczniowie, kt\u00f3rzy nie zadeklarowali chodzenia na religi\u0119 i tak musz\u0105 siedzie\u0107 na tych lekcjach. <\/strong><\/p>\n<p>Dyrektor szko\u0142y Ma\u0142gorzata J\u0119droch odpowiedzia\u0142a, \u017ce uczniowie pozostaj\u0105 pod opiek\u0105 szko\u0142y, a jak nie chc\u0105 s\u0142ysze\u0107 nauczania religii, to mog\u0105 si\u0119 odwr\u00f3ci\u0107 plecami i za\u0142o\u017cy\u0107 s\u0142uchawki. Taka propozycja spotka\u0142a si\u0119 z du\u017c\u0105 reakcj\u0105.<\/p>\n<p>W poniedzia\u0142ek w IV LO zorganizowano konferencj\u0119 prasow\u0105, w kt\u00f3rej udzia\u0142 wzi\u0119li nie tylko przedstawiciele dyrekcji szko\u0142y, ale r\u00f3wnie\u017c uczniowie i przedstawiciele Kuratorium O\u015bwiaty.<\/p>\n<p>Ci uczniowie, kt\u00f3rzy pojawili si\u0119 na spotkaniu z mediami, zapewniali \u017ce nikt ich nie zmusza do s\u0142uchania lekcji religii. W tym czasie mog\u0105 za\u0142o\u017cy\u0107 s\u0142uchawki by pos\u0142ucha\u0107 muzyki, obejrze\u0107 film lub poczyta\u0107 ksi\u0105\u017ck\u0119.<\/p>\n<p>Uczniowie przekonywali, \u017ce w ostatnich dniach ich szko\u0142a spotka\u0142a si\u0119 z olbrzymim hejtem. &#8211; Nikt nas nie pyta\u0142 o zdanie na ten temat. &#8211; Mi osobi\u015bcie nie przeszkadza, \u017ce przebywam na lekcji religii mimo i\u017c si\u0119 jej nie ucz\u0119. &#8211; zapewnia\u0142a Zuzanna \u0141ukasiewicz z drugiej klasy.<\/p>\n<p>Przewodnicz\u0105ca samorz\u0105du uczniowskiego Aneta Zielezi\u0144ska poinformowa\u0142a, \u017ce do tej pory nikt takiego problemu nie zg\u0142osi\u0142 do niej. Powiedzia\u0142a, \u017ce na lekcjach religii du\u017co si\u0119 rozmawia o funkcjonowaniu cz\u0142owieka, ale o Bogu te\u017c s\u0105 nauki. Osoby niezapisane na religi\u0119 mog\u0105 aktywnie uczestniczy\u0107 w dyskusji, je\u015bli wyra\u017c\u0105 tak\u0105 wol\u0119.<\/p>\n<p>Na konferencji pojawi\u0142a si\u0119 mama uczennicy, kt\u00f3ra nie jest zapisana na lekcje religii. \u00a0<em>&#8211; Moja c\u00f3rka jest uczennic\u0105 3. klasy i nie chodzi na religi\u0119. Nigdy dla niej nie by\u0142o problemem przebywanie w sali, w kt\u00f3rej nauczana by\u0142a religia. Mog\u0142a s\u0142ucha\u0107 muzyki przez s\u0142uchawki czy przygotowywa\u0107 si\u0119 do kolejnej lekcji. Nie da si\u0119 u\u0142o\u017cy\u0107 planu, \u017ceby religia by\u0142a na pocz\u0105tku lub na ko\u0144cu, bo wtedy lekcje ko\u0144czy\u0142yby si\u0119 o 18 ni\u017c o 15. Tutaj jest du\u017co doje\u017cd\u017caj\u0105cej m\u0142odzie\u017cy i by\u0142oby wi\u0119ksze larum ni\u017c to obecne. M\u0142odzi ludzie nie mieliby czasu na pasje czy zaj\u0119cia dodatkowe. Wiem od dziecka, \u017ce nikt nie jest indoktrynowany na lekcjach religii.<\/em> &#8211; przekonuje Joanna Sroka-Haniewicz, mama jednej z uczennic.<\/p>\n<div>Olga Jeziorek doda\u0142a:\u00a0 <em>Mog\u0119 powiedzie\u0107, bo sama nie chodz\u0119 na religi\u0119 i rozmawia\u0142am ze znajomymi, kt\u00f3rzy r\u00f3wnie\u017c nie s\u0105 na ni\u0105 zapisani, \u017ce religia to przyjemna przerwa w ci\u0105gu dnia nauki. Nie trzeba my\u015ble\u0107. Wykorzystuj\u0119 ten czas na czytanie ksi\u0105\u017cki czy przegl\u0105danie medi\u00f3w spo\u0142eczno\u015bciowych. Mo\u017cna si\u0119 nawet przespa\u0107 na siedz\u0105co, je\u015bli kto\u015b potrafi. Ale nikt nas nie zmusza do modlenia si\u0119 na pocz\u0105tku lekcji. Wa\u017cne, \u017ceby\u015bmy byli pod opiek\u0105 nauczyciela. Moim znajomym i mi to odpowiada.<\/em><\/div>\n<div><\/div>\n<div>Dyrektor szko\u0142y poinformowa\u0142a na koniec wizyty przedstawicieli kuratorium, \u017ce b\u0119dzie musia\u0142 zosta\u0107 zmieniony plan lekcji. Te nie b\u0119d\u0105 si\u0119 ko\u0144czy\u0107 maksymalnie o godzinie 15:05, co by\u0142o bardzo wygodne dla doje\u017cd\u017caj\u0105cej m\u0142odzie\u017cy. W niekt\u00f3rych przypadkach zaj\u0119cia b\u0119d\u0105 trwa\u0107 nawet do godziny 18. Chyba, \u017ce zostanie znalezione dodatkowe rozwi\u0105zanie w postaci zatrudnienia dodatkowego katechety.<\/div>\n<div><\/div>\n<div>Podczas spotkania poinformowano, \u017ce kiedy stanowisko dyrekcji przejmowa\u0142a Ma\u0142gorzata J\u0119droch by\u0142y tylko 3 r\u00f3wnoleg\u0142e klasy. Obecnie IV LO jest najpopularniejszym liceum w Ostrowie Wlkp. Chodzi do niego oko\u0142o 850 uczni\u00f3w. Oko\u0142o 30% nie zadeklarowa\u0142o uczestniczenia w lekcjach religii.<\/div>\n<p><img loading=\"lazy\" decoding=\"async\" class=\"alignnone size-full wp-image-31680\" src=\"https:\/\/ostrowskatv.pl\/wp-content\/uploads\/2024\/10\/1000094506.jpg\" alt=\"\" width=\"1920\" height=\"1120\" srcset=\"https:\/\/ostrowskatv.pl\/wp-content\/uploads\/2024\/10\/1000094506.jpg 1920w, https:\/\/ostrowskatv.pl\/wp-content\/uploads\/2024\/10\/1000094506-300x175.jpg 300w, https:\/\/ostrowskatv.pl\/wp-content\/uploads\/2024\/10\/1000094506-1333x778.jpg 1333w, https:\/\/ostrowskatv.pl\/wp-content\/uploads\/2024\/10\/1000094506-1536x896.jpg 1536w, https:\/\/ostrowskatv.pl\/wp-content\/uploads\/2024\/10\/1000094506-752x440.jpg 752w\" sizes=\"auto, (max-width: 1920px) 100vw, 1920px\" \/><\/p>\n<p><img loading=\"lazy\" decoding=\"async\" class=\"alignnone size-full wp-image-31681\" src=\"https:\/\/ostrowskatv.pl\/wp-content\/uploads\/2024\/10\/1000094505.jpg\" alt=\"\" width=\"1920\" height=\"1081\" srcset=\"https:\/\/ostrowskatv.pl\/wp-content\/uploads\/2024\/10\/1000094505.jpg 1920w, https:\/\/ostrowskatv.pl\/wp-content\/uploads\/2024\/10\/1000094505-300x169.jpg 300w, https:\/\/ostrowskatv.pl\/wp-content\/uploads\/2024\/10\/1000094505-1333x751.jpg 1333w, https:\/\/ostrowskatv.pl\/wp-content\/uploads\/2024\/10\/1000094505-1536x865.jpg 1536w\" sizes=\"auto, (max-width: 1920px) 100vw, 1920px\" \/><\/p>\n<p><img loading=\"lazy\" decoding=\"async\" class=\"alignnone size-full wp-image-31682\" src=\"https:\/\/ostrowskatv.pl\/wp-content\/uploads\/2024\/10\/1000094504.jpg\" alt=\"\" width=\"1920\" height=\"1081\" srcset=\"https:\/\/ostrowskatv.pl\/wp-content\/uploads\/2024\/10\/1000094504.jpg 1920w, https:\/\/ostrowskatv.pl\/wp-content\/uploads\/2024\/10\/1000094504-300x169.jpg 300w, https:\/\/ostrowskatv.pl\/wp-content\/uploads\/2024\/10\/1000094504-1333x751.jpg 1333w, https:\/\/ostrowskatv.pl\/wp-content\/uploads\/2024\/10\/1000094504-1536x865.jpg 1536w\" sizes=\"auto, (max-width: 1920px) 100vw, 1920px\" \/><\/p>\n<p><img loading=\"lazy\" decoding=\"async\" class=\"alignnone size-full wp-image-31683\" src=\"https:\/\/ostrowskatv.pl\/wp-content\/uploads\/2024\/10\/1000094502.jpg\" alt=\"\" width=\"1920\" height=\"1081\" srcset=\"https:\/\/ostrowskatv.pl\/wp-content\/uploads\/2024\/10\/1000094502.jpg 1920w, https:\/\/ostrowskatv.pl\/wp-content\/uploads\/2024\/10\/1000094502-300x169.jpg 300w, https:\/\/ostrowskatv.pl\/wp-content\/uploads\/2024\/10\/1000094502-1333x751.jpg 1333w, https:\/\/ostrowskatv.pl\/wp-content\/uploads\/2024\/10\/1000094502-1536x865.jpg 1536w\" sizes=\"auto, (max-width: 1920px) 100vw, 1920px\" \/><\/p>\n<p><img loading=\"lazy\" decoding=\"async\" class=\"alignnone size-full wp-image-31684\" src=\"https:\/\/ostrowskatv.pl\/wp-content\/uploads\/2024\/10\/1000094501.jpg\" alt=\"\" width=\"1920\" height=\"964\" srcset=\"https:\/\/ostrowskatv.pl\/wp-content\/uploads\/2024\/10\/1000094501.jpg 1920w, https:\/\/ostrowskatv.pl\/wp-content\/uploads\/2024\/10\/1000094501-300x151.jpg 300w, https:\/\/ostrowskatv.pl\/wp-content\/uploads\/2024\/10\/1000094501-1333x669.jpg 1333w, https:\/\/ostrowskatv.pl\/wp-content\/uploads\/2024\/10\/1000094501-1536x771.jpg 1536w\" sizes=\"auto, (max-width: 1920px) 100vw, 1920px\" \/><\/p>\n<p><img loading=\"lazy\" decoding=\"async\" class=\"alignnone size-full wp-image-31685\" src=\"https:\/\/ostrowskatv.pl\/wp-content\/uploads\/2024\/10\/1000094497.jpg\" alt=\"\" width=\"1920\" height=\"1081\" srcset=\"https:\/\/ostrowskatv.pl\/wp-content\/uploads\/2024\/10\/1000094497.jpg 1920w, https:\/\/ostrowskatv.pl\/wp-content\/uploads\/2024\/10\/1000094497-300x169.jpg 300w, https:\/\/ostrowskatv.pl\/wp-content\/uploads\/2024\/10\/1000094497-1333x751.jpg 1333w, https:\/\/ostrowskatv.pl\/wp-content\/uploads\/2024\/10\/1000094497-1536x865.jpg 1536w\" sizes=\"auto, (max-width: 1920px) 100vw, 1920px\" \/><\/p>\n<p><img loading=\"lazy\" decoding=\"async\" class=\"alignnone size-full wp-image-31686\" src=\"https:\/\/ostrowskatv.pl\/wp-content\/uploads\/2024\/10\/1000094510.jpg\" alt=\"\" width=\"1920\" height=\"1055\" srcset=\"https:\/\/ostrowskatv.pl\/wp-content\/uploads\/2024\/10\/1000094510.jpg 1920w, https:\/\/ostrowskatv.pl\/wp-content\/uploads\/2024\/10\/1000094510-300x165.jpg 300w, https:\/\/ostrowskatv.pl\/wp-content\/uploads\/2024\/10\/1000094510-1333x732.jpg 1333w, https:\/\/ostrowskatv.pl\/wp-content\/uploads\/2024\/10\/1000094510-1536x844.jpg 1536w\" sizes=\"auto, (max-width: 1920px) 100vw, 1920px\" \/><\/p>\n<p><img loading=\"lazy\" decoding=\"async\" class=\"alignnone size-full wp-image-31687\" src=\"https:\/\/ostrowskatv.pl\/wp-content\/uploads\/2024\/10\/1000094512.jpg\" alt=\"\" width=\"1920\" height=\"1081\" srcset=\"https:\/\/ostrowskatv.pl\/wp-content\/uploads\/2024\/10\/1000094512.jpg 1920w, https:\/\/ostrowskatv.pl\/wp-content\/uploads\/2024\/10\/1000094512-300x169.jpg 300w, https:\/\/ostrowskatv.pl\/wp-content\/uploads\/2024\/10\/1000094512-1333x751.jpg 1333w, https:\/\/ostrowskatv.pl\/wp-content\/uploads\/2024\/10\/1000094512-1536x865.jpg 1536w\" sizes=\"auto, (max-width: 1920px) 100vw, 1920px\" \/><\/p>\n","protected":false},"excerpt":{"rendered":"W Gazecie Wyborczej pojawi\u0142 si\u0119 artyku\u0142, kt\u00f3ry sugerowa\u0142, \u017ce w IV Liceum Og\u00f3lnokszta\u0142c\u0105cym mo\u017ce by\u0107 \u0142amana konstytucja, poniewa\u017c uczniowie, kt\u00f3rzy nie zadeklarowali chodzenia \n<a class=\"moretag\" href=\"https:\/\/ostrowskatv.pl\/?p=31679\"> [...]<\/a>","protected":false},"author":1,"featured_media":31687,"comment_status":"open","ping_status":"closed","sticky":false,"template":"","format":"standard","meta":{"footnotes":""},"categories":[1],"tags":[2],"class_list":["post-31679","post","type-post","status-publish","format-standard","has-post-thumbnail","hentry","category-news","tag-ostrow-wielkopolski"],"_links":{"self":[{"href":"https:\/\/ostrowskatv.pl\/index.php?rest_route=\/wp\/v2\/posts\/31679","targetHints":{"allow":["GET"]}}],"collection":[{"href":"https:\/\/ostrowskatv.pl\/index.php?rest_route=\/wp\/v2\/posts"}],"about":[{"href":"https:\/\/ostrowskatv.pl\/index.php?rest_route=\/wp\/v2\/types\/post"}],"author":[{"embeddable":true,"href":"https:\/\/ostrowskatv.pl\/index.php?rest_route=\/wp\/v2\/users\/1"}],"replies":[{"embeddable":true,"href":"https:\/\/ostrowskatv.pl\/index.php?rest_route=%2Fwp%2Fv2%2Fcomments&post=31679"}],"version-history":[{"count":0,"href":"https:\/\/ostrowskatv.pl\/index.php?rest_route=\/wp\/v2\/posts\/31679\/revisions"}],"wp:featuredmedia":[{"embeddable":true,"href":"https:\/\/ostrowskatv.pl\/index.php?rest_route=\/wp\/v2\/media\/31687"}],"wp:attachment":[{"href":"https:\/\/ostrowskatv.pl\/index.php?rest_route=%2Fwp%2Fv2%2Fmedia&parent=31679"}],"wp:term":[{"taxonomy":"category","embeddable":true,"href":"https:\/\/ostrowskatv.pl\/index.php?rest_route=%2Fwp%2Fv2%2Fcategories&post=31679"},{"taxonomy":"post_tag","embeddable":true,"href":"https:\/\/ostrowskatv.pl\/index.php?rest_route=%2Fwp%2Fv2%2Ftags&post=31679"}],"curies":[{"name":"wp","href":"https:\/\/api.w.org\/{rel}","templated":true}]}}