{"id":31611,"date":"2024-10-02T13:29:40","date_gmt":"2024-10-02T12:29:40","guid":{"rendered":"https:\/\/ostrowskatv.pl\/?p=31611"},"modified":"2024-10-02T13:51:08","modified_gmt":"2024-10-02T12:51:08","slug":"zderzenie-autobusu-mzk-i-osobowki-zdjecia","status":"publish","type":"post","link":"https:\/\/ostrowskatv.pl\/?p=31611","title":{"rendered":"Zderzenie autobusu MZK i osob\u00f3wki (ZDJ\u0118CIA)"},"content":{"rendered":"<p>Rano oko\u0142o godziny 9.20 dosz\u0142o do zderzenia autobusu MZK z samochodem osobowym marki renault. Na miejsce wys\u0142ano s\u0142u\u017cby ratunkowe. <\/p>\n<p>Do zdarzenia dosz\u0142o na skrzy\u017cowaniu ulic Staroprzygodzkiej oraz Siewnej w Ostrowie Wielkopolskim. Kierowca autobusu MZK pope\u0142ni\u0142 b\u0142\u0105d i uderzy\u0142 w renault. <\/p>\n<p>Pasa\u017cerowie autobusu postanowili kontynuowa\u0107 podr\u00f3\u017c pieszo. Na miejsce dojecha\u0142a stra\u017c po\u017carna, policja oraz karetka pogotowia ratunkowego. <\/p>\n<p>Kierowc\u0119 MZK ukarano mandatem karnym. Obaj m\u0119\u017cczy\u017ani byli trze\u017awi. <\/p>\n<p><img loading=\"lazy\" decoding=\"async\" src=\"https:\/\/ostrowskatv.pl\/wp-content\/uploads\/2024\/10\/1000093239.jpg\" alt=\"\" width=\"1920\" height=\"971\" class=\"alignnone size-full wp-image-31612\" srcset=\"https:\/\/ostrowskatv.pl\/wp-content\/uploads\/2024\/10\/1000093239.jpg 1920w, https:\/\/ostrowskatv.pl\/wp-content\/uploads\/2024\/10\/1000093239-300x152.jpg 300w, https:\/\/ostrowskatv.pl\/wp-content\/uploads\/2024\/10\/1000093239-1333x674.jpg 1333w, https:\/\/ostrowskatv.pl\/wp-content\/uploads\/2024\/10\/1000093239-1536x777.jpg 1536w\" sizes=\"auto, (max-width: 1920px) 100vw, 1920px\" \/><\/p>\n<p><img loading=\"lazy\" decoding=\"async\" src=\"https:\/\/ostrowskatv.pl\/wp-content\/uploads\/2024\/10\/1000093243.jpg\" alt=\"\" width=\"1920\" height=\"881\" class=\"alignnone size-full wp-image-31613\" srcset=\"https:\/\/ostrowskatv.pl\/wp-content\/uploads\/2024\/10\/1000093243.jpg 1920w, https:\/\/ostrowskatv.pl\/wp-content\/uploads\/2024\/10\/1000093243-300x138.jpg 300w, https:\/\/ostrowskatv.pl\/wp-content\/uploads\/2024\/10\/1000093243-1333x612.jpg 1333w, https:\/\/ostrowskatv.pl\/wp-content\/uploads\/2024\/10\/1000093243-1536x705.jpg 1536w\" sizes=\"auto, (max-width: 1920px) 100vw, 1920px\" \/><\/p>\n","protected":false},"excerpt":{"rendered":"Rano oko\u0142o godziny 9.20 dosz\u0142o do zderzenia autobusu MZK z samochodem osobowym marki renault. Na miejsce wys\u0142ano s\u0142u\u017cby ratunkowe. Do zdarzenia dosz\u0142o na \n<a class=\"moretag\" href=\"https:\/\/ostrowskatv.pl\/?p=31611\"> [...]<\/a>","protected":false},"author":1,"featured_media":31612,"comment_status":"open","ping_status":"closed","sticky":false,"template":"","format":"standard","meta":{"footnotes":""},"categories":[1],"tags":[48],"class_list":["post-31611","post","type-post","status-publish","format-standard","has-post-thumbnail","hentry","category-news","tag-kolizja"],"_links":{"self":[{"href":"https:\/\/ostrowskatv.pl\/index.php?rest_route=\/wp\/v2\/posts\/31611","targetHints":{"allow":["GET"]}}],"collection":[{"href":"https:\/\/ostrowskatv.pl\/index.php?rest_route=\/wp\/v2\/posts"}],"about":[{"href":"https:\/\/ostrowskatv.pl\/index.php?rest_route=\/wp\/v2\/types\/post"}],"author":[{"embeddable":true,"href":"https:\/\/ostrowskatv.pl\/index.php?rest_route=\/wp\/v2\/users\/1"}],"replies":[{"embeddable":true,"href":"https:\/\/ostrowskatv.pl\/index.php?rest_route=%2Fwp%2Fv2%2Fcomments&post=31611"}],"version-history":[{"count":0,"href":"https:\/\/ostrowskatv.pl\/index.php?rest_route=\/wp\/v2\/posts\/31611\/revisions"}],"wp:featuredmedia":[{"embeddable":true,"href":"https:\/\/ostrowskatv.pl\/index.php?rest_route=\/wp\/v2\/media\/31612"}],"wp:attachment":[{"href":"https:\/\/ostrowskatv.pl\/index.php?rest_route=%2Fwp%2Fv2%2Fmedia&parent=31611"}],"wp:term":[{"taxonomy":"category","embeddable":true,"href":"https:\/\/ostrowskatv.pl\/index.php?rest_route=%2Fwp%2Fv2%2Fcategories&post=31611"},{"taxonomy":"post_tag","embeddable":true,"href":"https:\/\/ostrowskatv.pl\/index.php?rest_route=%2Fwp%2Fv2%2Ftags&post=31611"}],"curies":[{"name":"wp","href":"https:\/\/api.w.org\/{rel}","templated":true}]}}