{"id":31494,"date":"2024-09-25T13:06:31","date_gmt":"2024-09-25T12:06:31","guid":{"rendered":"https:\/\/ostrowskatv.pl\/?p=31494"},"modified":"2024-09-25T13:06:31","modified_gmt":"2024-09-25T12:06:31","slug":"oskarzony-nie-pojdzie-siedziec-za-katastrofe-w-jankowie-przygodzkim","status":"publish","type":"post","link":"https:\/\/ostrowskatv.pl\/?p=31494","title":{"rendered":"Oskar\u017cony nie p\u00f3jdzie siedzie\u0107 za katastrof\u0119 w Jankowie Przygodzkim"},"content":{"rendered":"<p><strong>S\u0105d uzna\u0142 winnym kierownika budowy i wymierzy\u0142 mu kar\u0119 2 lat pozbawienia wolno\u015bci w zawieszeniu na okres 4 lat za nieumy\u015blne spowodowanie katastrofy budowlanej, kt\u00f3ra mia\u0142a miejsce 11 lat temu w Jankowie Przygodzkim. Wyrok jest efektem d\u0142ugoletniego procesu, w kt\u00f3rym oskar\u017cony odpowiada\u0142 za liczne zaniedbania, kt\u00f3re doprowadzi\u0142y do przerwania gazoci\u0105gu i w efekcie po\u017caru gazoci\u0105gu.<\/strong><\/p>\n<p><img loading=\"lazy\" decoding=\"async\" src=\"https:\/\/ostrowskatv.pl\/wp-content\/uploads\/2024\/09\/1000091100.jpg\" alt=\"\" width=\"1920\" height=\"1081\" class=\"alignnone size-full wp-image-31495\" srcset=\"https:\/\/ostrowskatv.pl\/wp-content\/uploads\/2024\/09\/1000091100.jpg 1920w, https:\/\/ostrowskatv.pl\/wp-content\/uploads\/2024\/09\/1000091100-300x169.jpg 300w, https:\/\/ostrowskatv.pl\/wp-content\/uploads\/2024\/09\/1000091100-1333x751.jpg 1333w, https:\/\/ostrowskatv.pl\/wp-content\/uploads\/2024\/09\/1000091100-1536x865.jpg 1536w\" sizes=\"auto, (max-width: 1920px) 100vw, 1920px\" \/><\/p>\n<p><img loading=\"lazy\" decoding=\"async\" src=\"https:\/\/ostrowskatv.pl\/wp-content\/uploads\/2024\/09\/1000091098.jpg\" alt=\"\" width=\"1920\" height=\"1081\" class=\"alignnone size-full wp-image-31496\" srcset=\"https:\/\/ostrowskatv.pl\/wp-content\/uploads\/2024\/09\/1000091098.jpg 1920w, https:\/\/ostrowskatv.pl\/wp-content\/uploads\/2024\/09\/1000091098-300x169.jpg 300w, https:\/\/ostrowskatv.pl\/wp-content\/uploads\/2024\/09\/1000091098-1333x751.jpg 1333w, https:\/\/ostrowskatv.pl\/wp-content\/uploads\/2024\/09\/1000091098-1536x865.jpg 1536w\" sizes=\"auto, (max-width: 1920px) 100vw, 1920px\" \/><\/p>\n<p><img loading=\"lazy\" decoding=\"async\" src=\"https:\/\/ostrowskatv.pl\/wp-content\/uploads\/2024\/09\/1000091097.jpg\" alt=\"\" width=\"1920\" height=\"1081\" class=\"alignnone size-full wp-image-31497\" srcset=\"https:\/\/ostrowskatv.pl\/wp-content\/uploads\/2024\/09\/1000091097.jpg 1920w, https:\/\/ostrowskatv.pl\/wp-content\/uploads\/2024\/09\/1000091097-300x169.jpg 300w, https:\/\/ostrowskatv.pl\/wp-content\/uploads\/2024\/09\/1000091097-1333x751.jpg 1333w, https:\/\/ostrowskatv.pl\/wp-content\/uploads\/2024\/09\/1000091097-1536x865.jpg 1536w\" sizes=\"auto, (max-width: 1920px) 100vw, 1920px\" \/><\/p>\n<p><img loading=\"lazy\" decoding=\"async\" src=\"https:\/\/ostrowskatv.pl\/wp-content\/uploads\/2024\/09\/1000091096.jpg\" alt=\"\" width=\"1920\" height=\"1081\" class=\"alignnone size-full wp-image-31498\" srcset=\"https:\/\/ostrowskatv.pl\/wp-content\/uploads\/2024\/09\/1000091096.jpg 1920w, https:\/\/ostrowskatv.pl\/wp-content\/uploads\/2024\/09\/1000091096-300x169.jpg 300w, https:\/\/ostrowskatv.pl\/wp-content\/uploads\/2024\/09\/1000091096-1333x751.jpg 1333w, https:\/\/ostrowskatv.pl\/wp-content\/uploads\/2024\/09\/1000091096-1536x865.jpg 1536w\" sizes=\"auto, (max-width: 1920px) 100vw, 1920px\" \/><\/p>\n<p><img loading=\"lazy\" decoding=\"async\" src=\"https:\/\/ostrowskatv.pl\/wp-content\/uploads\/2024\/09\/1000091095.jpg\" alt=\"\" width=\"1920\" height=\"1081\" class=\"alignnone size-full wp-image-31499\" srcset=\"https:\/\/ostrowskatv.pl\/wp-content\/uploads\/2024\/09\/1000091095.jpg 1920w, https:\/\/ostrowskatv.pl\/wp-content\/uploads\/2024\/09\/1000091095-300x169.jpg 300w, https:\/\/ostrowskatv.pl\/wp-content\/uploads\/2024\/09\/1000091095-1333x751.jpg 1333w, https:\/\/ostrowskatv.pl\/wp-content\/uploads\/2024\/09\/1000091095-1536x865.jpg 1536w\" sizes=\"auto, (max-width: 1920px) 100vw, 1920px\" \/><\/p>\n<p><strong>Co si\u0119 sta\u0142o?<\/strong><br \/>\nW trakcie prac budowlanych przy gazoci\u0105gu dosz\u0142o do szeregu b\u0142\u0119d\u00f3w, kt\u00f3re ostatecznie doprowadzi\u0142y do katastrofy. Kierownik budowy, nie dostosowuj\u0105c si\u0119 do warunk\u00f3w terenowych i pomijaj\u0105c obowi\u0105zuj\u0105ce przepisy, dopu\u015bci\u0142 si\u0119 wielu zaniedba\u0144.<\/p>\n<p>Zdaniem s\u0105du w Kaliszu sam gazoci\u0105g, kt\u00f3ry zosta\u0142 wykonany w 1977 roku mia\u0142 z\u0142\u0105 jako\u015b\u0107 spaw\u00f3w, co os\u0142abi\u0142o konstrukcj\u0119.<\/p>\n<p>S\u0105d przypisa\u0142 oskar\u017conemu niew\u0142a\u015bciwe zabezpieczenie wykopu: Wykop pod gazoci\u0105g by\u0142 zbyt g\u0142\u0119boki i szeroki, a ha\u0142da ziemi zosta\u0142a usypana zbyt blisko kraw\u0119dzi, co zwi\u0119ksza\u0142o ryzyko osuwania si\u0119 ziemi.<\/p>\n<p>Ponadto stwierdzi\u0142, \u017ce oskar\u017cony zignorowa\u0142 oznaki zagro\u017cenia takie jak wygi\u0119ty gazoci\u0105g w miejscu ods\u0142oni\u0119cia ziemi. <\/p>\n<p>Kolejn\u0105 kwesti\u0105 by\u0142 brak nadzoru nad pracami: W dniu zdarzenia kierownik budowy opu\u015bci\u0142 miejsce rob\u00f3t, pozostawiaj\u0105c pracownik\u00f3w bez odpowiedniego nadzoru.<\/p>\n<p><strong>Skutki katastrofy<\/strong><br \/>\nW wyniku osuwiska dosz\u0142o do uszkodzenia gazoci\u0105gu i wybuchu gazu. Po\u017car spowodowa\u0142 obra\u017cenia u kilkunastu os\u00f3b, w tym kilkoro dozna\u0142o oparze\u0144 II i III stopnia. <\/p>\n<p>Ponadto, dosz\u0142o do znacznych strat materialnych, w tym zniszczenia infrastruktury i spalenia du\u017cej ilo\u015bci gazu o warto\u015bci 1,5 mln z\u0142. <\/p>\n<p><strong>Wyrok s\u0105du<\/strong><br \/>\nS\u0105d uzna\u0142 oskar\u017conego winnym nieumy\u015blnego spowodowania katastrofy budowlanej i wymierzy\u0142 kar\u0119 2 lat pozbawienia wolno\u015bci w zawieszeniu na okres 4 lat. Dodatkowo, na\u0142o\u017cy\u0142 na niego 10-letni zakaz zajmowania stanowisk kierowniczych w budownictwie.<br \/>\nOskar\u017cony zosta\u0142 r\u00f3wnie\u017c zobowi\u0105zany do wyp\u0142acenia wysokich zado\u015b\u0107uczynie\u0144 poszkodowanym oraz pokrycia cz\u0119\u015bci koszt\u00f3w procesu.<\/p>\n<p>Ta sprawa powinna by\u0107 przestrog\u0105 dla wszystkich, kt\u00f3rzy pracuj\u0105 w bran\u017cy budowlanej, aby zawsze przestrzegali obowi\u0105zuj\u0105cych przepis\u00f3w i zwracali uwag\u0119 na bezpiecze\u0144stwo.<\/p>\n<p>Jaros\u0142aw G\u00f3rna\u015b z Prokuratury Okr\u0119gowej w Ostrowie Wielkopolskim wyrazi\u0142 swoj\u0105 opini\u0119 na temat wydanego wyroku, podkre\u015blaj\u0105c zar\u00f3wno jego s\u0142uszne elementy, jak i pewne w\u0105tpliwo\u015bci.<\/p>\n<p>G\u0142\u00f3wne tezy wypowiedzi prokuratora:<br \/>\n * S\u0142uszno\u015b\u0107 wyroku: Prokurator uznaje wyrok za s\u0142uszny, bior\u0105c pod uwag\u0119 ci\u0119\u017car winy oskar\u017conego i skutki jego zaniedba\u0144.<\/p>\n<p> * Nieumy\u015blno\u015b\u0107 czynu: Prokurator akcentuje, \u017ce oskar\u017cony nie dzia\u0142a\u0142 z bezpo\u015brednim zamiarem spowodowania katastrofy, jednak jego zaniedbania by\u0142y na tyle powa\u017cne, \u017ce doprowadzi\u0142y do tragicznych skutk\u00f3w.<\/p>\n<p> Prokurator uwa\u017ca, \u017ce oskar\u017cony m\u00f3g\u0142 nie by\u0107 \u015bwiadomy pe\u0142nej skali zagro\u017cenia, jednak jego decyzje by\u0142y nierozwa\u017cne i doprowadzi\u0142y do katastrofy.<\/p>\n<p>Prokurator wskazuje na najwa\u017cniejsze b\u0142\u0119dy pope\u0142nione przez oskar\u017conego, takie jak niew\u0142a\u015bciwe sk\u0142adowanie ziemi, brak powiadomienia o problemach na budowie oraz podejmowanie samodzielnych decyzji bez odpowiednich uprawnie\u0144.<\/p>\n<p>Prokurator podkre\u015bla\u0142, \u017ce cho\u0107 oskar\u017cony nie dzia\u0142a\u0142 z premedytacj\u0105, jego zaniedbania by\u0142y g\u0142\u00f3wn\u0105 przyczyn\u0105 katastrofy. Wyrok uzna\u0142 za s\u0142uszny. <\/p>\n<p>Obro\u0144czyni oskar\u017conego uwa\u017ca, \u017ce nie on sam powinien odpowiada\u0107 w tej sprawie. B\u0119dzie sk\u0142ada\u0107 apelacj\u0119. <\/p>\n","protected":false},"excerpt":{"rendered":"S\u0105d uzna\u0142 winnym kierownika budowy i wymierzy\u0142 mu kar\u0119 2 lat pozbawienia wolno\u015bci w zawieszeniu na okres 4 lat za nieumy\u015blne spowodowanie katastrofy \n<a class=\"moretag\" href=\"https:\/\/ostrowskatv.pl\/?p=31494\"> [...]<\/a>","protected":false},"author":1,"featured_media":31499,"comment_status":"open","ping_status":"closed","sticky":false,"template":"","format":"standard","meta":{"footnotes":""},"categories":[1],"tags":[208,94,52],"class_list":["post-31494","post","type-post","status-publish","format-standard","has-post-thumbnail","hentry","category-news","tag-gaz","tag-jankow-przygodzki","tag-sad"],"_links":{"self":[{"href":"https:\/\/ostrowskatv.pl\/index.php?rest_route=\/wp\/v2\/posts\/31494","targetHints":{"allow":["GET"]}}],"collection":[{"href":"https:\/\/ostrowskatv.pl\/index.php?rest_route=\/wp\/v2\/posts"}],"about":[{"href":"https:\/\/ostrowskatv.pl\/index.php?rest_route=\/wp\/v2\/types\/post"}],"author":[{"embeddable":true,"href":"https:\/\/ostrowskatv.pl\/index.php?rest_route=\/wp\/v2\/users\/1"}],"replies":[{"embeddable":true,"href":"https:\/\/ostrowskatv.pl\/index.php?rest_route=%2Fwp%2Fv2%2Fcomments&post=31494"}],"version-history":[{"count":0,"href":"https:\/\/ostrowskatv.pl\/index.php?rest_route=\/wp\/v2\/posts\/31494\/revisions"}],"wp:featuredmedia":[{"embeddable":true,"href":"https:\/\/ostrowskatv.pl\/index.php?rest_route=\/wp\/v2\/media\/31499"}],"wp:attachment":[{"href":"https:\/\/ostrowskatv.pl\/index.php?rest_route=%2Fwp%2Fv2%2Fmedia&parent=31494"}],"wp:term":[{"taxonomy":"category","embeddable":true,"href":"https:\/\/ostrowskatv.pl\/index.php?rest_route=%2Fwp%2Fv2%2Fcategories&post=31494"},{"taxonomy":"post_tag","embeddable":true,"href":"https:\/\/ostrowskatv.pl\/index.php?rest_route=%2Fwp%2Fv2%2Ftags&post=31494"}],"curies":[{"name":"wp","href":"https:\/\/api.w.org\/{rel}","templated":true}]}}