{"id":31454,"date":"2024-09-16T20:12:31","date_gmt":"2024-09-16T19:12:31","guid":{"rendered":"https:\/\/ostrowskatv.pl\/?p=31454"},"modified":"2024-09-16T20:12:31","modified_gmt":"2024-09-16T19:12:31","slug":"znaleziono-go-przy-aucie-w-kaluzy-nie-zyl","status":"publish","type":"post","link":"https:\/\/ostrowskatv.pl\/?p=31454","title":{"rendered":"Znaleziono go przy aucie w ka\u0142u\u017cy. Nie \u017cy\u0142"},"content":{"rendered":"<p><strong>Do tajemniczego zgonu dosz\u0142o w poniedzia\u0142kowy poranek. Oko\u0142o godziny 6:30 na ulicy Sempo\u0142owskiej w Ostrowie Wielkopolskim znaleziono cia\u0142o m\u0119\u017cczyzny, kt\u00f3ry le\u017ca\u0142 przy samochodzie stoj\u0105cym przed du\u017c\u0105 ka\u0142u\u017c\u0105. <\/strong><\/p>\n<p>Nie wiadomo czy m\u0119\u017cczyzna wysiad\u0142 z auta by sprawdzi\u0107 g\u0142\u0119boko\u015b\u0107 ka\u0142u\u017cy czy by\u0142 inny pow\u00f3d wyj\u015bcia z pojazdu. 56-latka nie uda\u0142o si\u0119 uratowa\u0107. Cia\u0142o zabezpieczono do sekcji prokuratorskiej.<\/p>\n","protected":false},"excerpt":{"rendered":"Do tajemniczego zgonu dosz\u0142o w poniedzia\u0142kowy poranek. Oko\u0142o godziny 6:30 na ulicy Sempo\u0142owskiej w Ostrowie Wielkopolskim znaleziono cia\u0142o m\u0119\u017cczyzny, kt\u00f3ry le\u017ca\u0142 przy samochodzie \n<a class=\"moretag\" href=\"https:\/\/ostrowskatv.pl\/?p=31454\"> [...]<\/a>","protected":false},"author":1,"featured_media":17803,"comment_status":"open","ping_status":"closed","sticky":false,"template":"","format":"standard","meta":{"footnotes":""},"categories":[1],"tags":[2],"class_list":["post-31454","post","type-post","status-publish","format-standard","has-post-thumbnail","hentry","category-news","tag-ostrow-wielkopolski"],"_links":{"self":[{"href":"https:\/\/ostrowskatv.pl\/index.php?rest_route=\/wp\/v2\/posts\/31454","targetHints":{"allow":["GET"]}}],"collection":[{"href":"https:\/\/ostrowskatv.pl\/index.php?rest_route=\/wp\/v2\/posts"}],"about":[{"href":"https:\/\/ostrowskatv.pl\/index.php?rest_route=\/wp\/v2\/types\/post"}],"author":[{"embeddable":true,"href":"https:\/\/ostrowskatv.pl\/index.php?rest_route=\/wp\/v2\/users\/1"}],"replies":[{"embeddable":true,"href":"https:\/\/ostrowskatv.pl\/index.php?rest_route=%2Fwp%2Fv2%2Fcomments&post=31454"}],"version-history":[{"count":0,"href":"https:\/\/ostrowskatv.pl\/index.php?rest_route=\/wp\/v2\/posts\/31454\/revisions"}],"wp:featuredmedia":[{"embeddable":true,"href":"https:\/\/ostrowskatv.pl\/index.php?rest_route=\/wp\/v2\/media\/17803"}],"wp:attachment":[{"href":"https:\/\/ostrowskatv.pl\/index.php?rest_route=%2Fwp%2Fv2%2Fmedia&parent=31454"}],"wp:term":[{"taxonomy":"category","embeddable":true,"href":"https:\/\/ostrowskatv.pl\/index.php?rest_route=%2Fwp%2Fv2%2Fcategories&post=31454"},{"taxonomy":"post_tag","embeddable":true,"href":"https:\/\/ostrowskatv.pl\/index.php?rest_route=%2Fwp%2Fv2%2Ftags&post=31454"}],"curies":[{"name":"wp","href":"https:\/\/api.w.org\/{rel}","templated":true}]}}