{"id":31412,"date":"2024-09-15T15:06:13","date_gmt":"2024-09-15T14:06:13","guid":{"rendered":"https:\/\/ostrowskatv.pl\/?p=31412"},"modified":"2024-09-15T15:06:13","modified_gmt":"2024-09-15T14:06:13","slug":"dzis-wojsko-dziala-w-odolanowie-zdjecia","status":"publish","type":"post","link":"https:\/\/ostrowskatv.pl\/?p=31412","title":{"rendered":"Dzi\u015b wojsko dzia\u0142a w Odolanowie (ZDJ\u0118CIA)"},"content":{"rendered":"<p><strong>Dzi\u015b kilkudziesi\u0119ciu \u017co\u0142nierzy Wojsk Obrony Terytorialnych dzia\u0142a na terenie Odolanowa. To wszystko pok\u0142osie apelu o pomoc w wykonaniu prezydent Ostrowa Wielkopolskiego Beaty Klimek, na kt\u00f3ry odpowiedzia\u0142 premier Donald Tusk.<\/strong><\/p>\n<p><img loading=\"lazy\" decoding=\"async\" src=\"https:\/\/ostrowskatv.pl\/wp-content\/uploads\/2024\/09\/1000087146.jpg\" alt=\"\" width=\"1920\" height=\"1081\" class=\"alignnone size-full wp-image-31414\" srcset=\"https:\/\/ostrowskatv.pl\/wp-content\/uploads\/2024\/09\/1000087146.jpg 1920w, https:\/\/ostrowskatv.pl\/wp-content\/uploads\/2024\/09\/1000087146-300x169.jpg 300w, https:\/\/ostrowskatv.pl\/wp-content\/uploads\/2024\/09\/1000087146-1333x751.jpg 1333w, https:\/\/ostrowskatv.pl\/wp-content\/uploads\/2024\/09\/1000087146-1536x865.jpg 1536w\" sizes=\"auto, (max-width: 1920px) 100vw, 1920px\" \/><\/p>\n<p><img loading=\"lazy\" decoding=\"async\" src=\"https:\/\/ostrowskatv.pl\/wp-content\/uploads\/2024\/09\/1000087145.jpg\" alt=\"\" width=\"1920\" height=\"1081\" class=\"alignnone size-full wp-image-31415\" srcset=\"https:\/\/ostrowskatv.pl\/wp-content\/uploads\/2024\/09\/1000087145.jpg 1920w, https:\/\/ostrowskatv.pl\/wp-content\/uploads\/2024\/09\/1000087145-300x169.jpg 300w, https:\/\/ostrowskatv.pl\/wp-content\/uploads\/2024\/09\/1000087145-1333x751.jpg 1333w, https:\/\/ostrowskatv.pl\/wp-content\/uploads\/2024\/09\/1000087145-1536x865.jpg 1536w\" sizes=\"auto, (max-width: 1920px) 100vw, 1920px\" \/><\/p>\n<p><img loading=\"lazy\" decoding=\"async\" src=\"https:\/\/ostrowskatv.pl\/wp-content\/uploads\/2024\/09\/1000087157.jpg\" alt=\"\" width=\"1920\" height=\"1081\" class=\"alignnone size-full wp-image-31416\" srcset=\"https:\/\/ostrowskatv.pl\/wp-content\/uploads\/2024\/09\/1000087157.jpg 1920w, https:\/\/ostrowskatv.pl\/wp-content\/uploads\/2024\/09\/1000087157-300x169.jpg 300w, https:\/\/ostrowskatv.pl\/wp-content\/uploads\/2024\/09\/1000087157-1333x751.jpg 1333w, https:\/\/ostrowskatv.pl\/wp-content\/uploads\/2024\/09\/1000087157-1536x865.jpg 1536w\" sizes=\"auto, (max-width: 1920px) 100vw, 1920px\" \/><\/p>\n<p><img loading=\"lazy\" decoding=\"async\" src=\"https:\/\/ostrowskatv.pl\/wp-content\/uploads\/2024\/09\/1000087144.jpg\" alt=\"\" width=\"1920\" height=\"1081\" class=\"alignnone size-full wp-image-31417\" srcset=\"https:\/\/ostrowskatv.pl\/wp-content\/uploads\/2024\/09\/1000087144.jpg 1920w, https:\/\/ostrowskatv.pl\/wp-content\/uploads\/2024\/09\/1000087144-300x169.jpg 300w, https:\/\/ostrowskatv.pl\/wp-content\/uploads\/2024\/09\/1000087144-1333x751.jpg 1333w, https:\/\/ostrowskatv.pl\/wp-content\/uploads\/2024\/09\/1000087144-1536x865.jpg 1536w\" sizes=\"auto, (max-width: 1920px) 100vw, 1920px\" \/><\/p>\n<p><img loading=\"lazy\" decoding=\"async\" src=\"https:\/\/ostrowskatv.pl\/wp-content\/uploads\/2024\/09\/1000087150.jpg\" alt=\"\" width=\"1920\" height=\"1081\" class=\"alignnone size-full wp-image-31418\" srcset=\"https:\/\/ostrowskatv.pl\/wp-content\/uploads\/2024\/09\/1000087150.jpg 1920w, https:\/\/ostrowskatv.pl\/wp-content\/uploads\/2024\/09\/1000087150-300x169.jpg 300w, https:\/\/ostrowskatv.pl\/wp-content\/uploads\/2024\/09\/1000087150-1333x751.jpg 1333w, https:\/\/ostrowskatv.pl\/wp-content\/uploads\/2024\/09\/1000087150-1536x865.jpg 1536w\" sizes=\"auto, (max-width: 1920px) 100vw, 1920px\" \/><\/p>\n<p>\u017bo\u0142nierze Wojsk Obrony Terytorialnych (WOT) podj\u0119li dzia\u0142ania w Odolanowie, wspieraj\u0105c lokalne s\u0142u\u017cby w zabezpieczeniu terenu przed potencjalnymi skutkami powodzi. Wiceminister MSWiA, Wies\u0142aw Szczepa\u0144ski, potwierdzi\u0142, \u017ce jego obecno\u015b\u0107 na posiedzeniu sztabu kryzysowego jest wynikiem decyzji premiera Donalda Tuska i stanowi cz\u0119\u015b\u0107 rz\u0105dowej reakcji na sytuacj\u0119 i s\u0142owa prezydent Beaty Klimek.<\/p>\n<p>O godzinie 10:30 rozpocz\u0119\u0142o si\u0119 posiedzenie sztabu kryzysowego w Odolanowie. Zwr\u00f3cono uwag\u0119 na problem z rzek\u0105 Barycz, kt\u00f3rej koryto przez lata nie by\u0142o odpowiednio utrzymywane, co mog\u0142o przyczyni\u0107 si\u0119 do obecnych wyzwa\u0144. Zaplanowano wizyt\u0119 ministra odpowiedzialnego za sp\u00f3\u0142k\u0119 Wody Polskie, aby rozpocz\u0105\u0107 proces poszukiwania funduszy na niezb\u0119dne prace regulacyjne rzeki.<\/p>\n<p>Wiceminister dowiedzia\u0142 si\u0119 na czym polega problem z rzek\u0105 Barycz, \u017ce przez lata nie by\u0142o czyszczone z ro\u015blinno\u015bci jej koryto. Zapowiedziano ju\u017c wizyt\u0119 ministra odpowiedzialnego za sp\u00f3\u0142k\u0119 Wody Polskie. Wtedy kompleksowo zostan\u0105 podj\u0119te starania o znalezienie \u015brodk\u00f3w na uregulowanie koryta rzeki Barycz.<\/p>\n<p>Aktualny poziom wody w Baryczy, utrzymuj\u0105cy si\u0119 na poziomie 163 centymetr\u00f3w, nie wzrasta tak szybko, jak przewidywa\u0142y to prognozy Instytutu Meteorologii i Gospodarki Wodnej (IMGW), co mo\u017ce by\u0107 efektem otwartych jaz\u00f3w w pobli\u017cu Milicza, umo\u017cliwiaj\u0105cych bie\u017c\u0105cy odp\u0142yw wody. Dzia\u0142ania WOT obejmowa\u0142y mi\u0119dzy innymi wsparcie ochotnik\u00f3w i pracownik\u00f3w gminnych w przygotowaniu work\u00f3w z piaskiem, kt\u00f3re pos\u0142u\u017cy\u0142y do zabezpieczenia kluczowych punkt\u00f3w, w tym budynku zamieszkiwanego przez siostry zakonne.<\/p>\n<p>Sytuacja w Odolanowie, cho\u0107 powa\u017cna, nie przypomina dramatycznych scen z po\u0142udnia Polski, co mo\u017ce prowadzi\u0107 do b\u0142\u0119dnego wra\u017cenia, \u017ce rzeka nie stanowi zagro\u017cenia. Jednak\u017ce, konieczno\u015b\u0107 regulacji rzeki Barycz jest niezaprzeczalna, nie tylko ze wzgl\u0119d\u00f3w bezpiecze\u0144stwa, ale tak\u017ce dla zachowania bior\u00f3\u017cnorodno\u015bci i komfortu \u017cycia mieszka\u0144c\u00f3w. Prace te pozwol\u0105 na utrzymanie odpowiedniego stanu rzeki, co jest kluczowe dla ekosystemu i lokalnej spo\u0142eczno\u015bci.<\/p>\n","protected":false},"excerpt":{"rendered":"Dzi\u015b kilkudziesi\u0119ciu \u017co\u0142nierzy Wojsk Obrony Terytorialnych dzia\u0142a na terenie Odolanowa. To wszystko pok\u0142osie apelu o pomoc w wykonaniu prezydent Ostrowa Wielkopolskiego Beaty Klimek, \n<a class=\"moretag\" href=\"https:\/\/ostrowskatv.pl\/?p=31412\"> [...]<\/a>","protected":false},"author":1,"featured_media":31416,"comment_status":"open","ping_status":"closed","sticky":false,"template":"","format":"standard","meta":{"footnotes":""},"categories":[1],"tags":[219],"class_list":["post-31412","post","type-post","status-publish","format-standard","has-post-thumbnail","hentry","category-news","tag-ulewa"],"_links":{"self":[{"href":"https:\/\/ostrowskatv.pl\/index.php?rest_route=\/wp\/v2\/posts\/31412","targetHints":{"allow":["GET"]}}],"collection":[{"href":"https:\/\/ostrowskatv.pl\/index.php?rest_route=\/wp\/v2\/posts"}],"about":[{"href":"https:\/\/ostrowskatv.pl\/index.php?rest_route=\/wp\/v2\/types\/post"}],"author":[{"embeddable":true,"href":"https:\/\/ostrowskatv.pl\/index.php?rest_route=\/wp\/v2\/users\/1"}],"replies":[{"embeddable":true,"href":"https:\/\/ostrowskatv.pl\/index.php?rest_route=%2Fwp%2Fv2%2Fcomments&post=31412"}],"version-history":[{"count":0,"href":"https:\/\/ostrowskatv.pl\/index.php?rest_route=\/wp\/v2\/posts\/31412\/revisions"}],"wp:featuredmedia":[{"embeddable":true,"href":"https:\/\/ostrowskatv.pl\/index.php?rest_route=\/wp\/v2\/media\/31416"}],"wp:attachment":[{"href":"https:\/\/ostrowskatv.pl\/index.php?rest_route=%2Fwp%2Fv2%2Fmedia&parent=31412"}],"wp:term":[{"taxonomy":"category","embeddable":true,"href":"https:\/\/ostrowskatv.pl\/index.php?rest_route=%2Fwp%2Fv2%2Fcategories&post=31412"},{"taxonomy":"post_tag","embeddable":true,"href":"https:\/\/ostrowskatv.pl\/index.php?rest_route=%2Fwp%2Fv2%2Ftags&post=31412"}],"curies":[{"name":"wp","href":"https:\/\/api.w.org\/{rel}","templated":true}]}}