{"id":31396,"date":"2024-09-14T17:34:02","date_gmt":"2024-09-14T16:34:02","guid":{"rendered":"https:\/\/ostrowskatv.pl\/?p=31396"},"modified":"2024-09-14T17:34:02","modified_gmt":"2024-09-14T16:34:02","slug":"tusk-nie-zartowal-przyslal-wojsko-do-ostrowa","status":"publish","type":"post","link":"https:\/\/ostrowskatv.pl\/?p=31396","title":{"rendered":"Tusk nie \u017cartowa\u0142. Przys\u0142a\u0142 wojsko do Ostrowa"},"content":{"rendered":"<p><b>Donald Tusk bardzo powa\u017cnie wzi\u0105\u0142 sobie do serca s\u0142owa prezydent Beaty Klimek i postanowi\u0142 wys\u0142a\u0107 Wojska Obrony Terytorialnej do Ostrowa Wielkopolskiego. Na miejscu pojawi\u0142o si\u0119 50 \u017co\u0142nierzy.<\/b><\/p>\n<p><img loading=\"lazy\" decoding=\"async\" src=\"https:\/\/ostrowskatv.pl\/wp-content\/uploads\/2024\/09\/1000086854.jpg\" alt=\"\" width=\"1920\" height=\"1081\" class=\"alignnone size-full wp-image-31398\" srcset=\"https:\/\/ostrowskatv.pl\/wp-content\/uploads\/2024\/09\/1000086854.jpg 1920w, https:\/\/ostrowskatv.pl\/wp-content\/uploads\/2024\/09\/1000086854-300x169.jpg 300w, https:\/\/ostrowskatv.pl\/wp-content\/uploads\/2024\/09\/1000086854-1333x751.jpg 1333w, https:\/\/ostrowskatv.pl\/wp-content\/uploads\/2024\/09\/1000086854-1536x865.jpg 1536w\" sizes=\"auto, (max-width: 1920px) 100vw, 1920px\" \/><\/p>\n<p><img loading=\"lazy\" decoding=\"async\" src=\"https:\/\/ostrowskatv.pl\/wp-content\/uploads\/2024\/09\/1000086850.jpg\" alt=\"\" width=\"1920\" height=\"1081\" class=\"alignnone size-full wp-image-31399\" srcset=\"https:\/\/ostrowskatv.pl\/wp-content\/uploads\/2024\/09\/1000086850.jpg 1920w, https:\/\/ostrowskatv.pl\/wp-content\/uploads\/2024\/09\/1000086850-300x169.jpg 300w, https:\/\/ostrowskatv.pl\/wp-content\/uploads\/2024\/09\/1000086850-1333x751.jpg 1333w, https:\/\/ostrowskatv.pl\/wp-content\/uploads\/2024\/09\/1000086850-1536x865.jpg 1536w\" sizes=\"auto, (max-width: 1920px) 100vw, 1920px\" \/><\/p>\n<p><img loading=\"lazy\" decoding=\"async\" src=\"https:\/\/ostrowskatv.pl\/wp-content\/uploads\/2024\/09\/1000086840.jpg\" alt=\"\" width=\"1919\" height=\"980\" class=\"alignnone size-full wp-image-31400\" srcset=\"https:\/\/ostrowskatv.pl\/wp-content\/uploads\/2024\/09\/1000086840.jpg 1919w, https:\/\/ostrowskatv.pl\/wp-content\/uploads\/2024\/09\/1000086840-300x153.jpg 300w, https:\/\/ostrowskatv.pl\/wp-content\/uploads\/2024\/09\/1000086840-1333x681.jpg 1333w, https:\/\/ostrowskatv.pl\/wp-content\/uploads\/2024\/09\/1000086840-1536x784.jpg 1536w\" sizes=\"auto, (max-width: 1919px) 100vw, 1919px\" \/><\/p>\n<p><img loading=\"lazy\" decoding=\"async\" src=\"https:\/\/ostrowskatv.pl\/wp-content\/uploads\/2024\/09\/1000086843.jpg\" alt=\"\" width=\"1920\" height=\"1081\" class=\"alignnone size-full wp-image-31401\" srcset=\"https:\/\/ostrowskatv.pl\/wp-content\/uploads\/2024\/09\/1000086843.jpg 1920w, https:\/\/ostrowskatv.pl\/wp-content\/uploads\/2024\/09\/1000086843-300x169.jpg 300w, https:\/\/ostrowskatv.pl\/wp-content\/uploads\/2024\/09\/1000086843-1333x751.jpg 1333w, https:\/\/ostrowskatv.pl\/wp-content\/uploads\/2024\/09\/1000086843-1536x865.jpg 1536w\" sizes=\"auto, (max-width: 1920px) 100vw, 1920px\" \/><\/p>\n<p><img loading=\"lazy\" decoding=\"async\" src=\"https:\/\/ostrowskatv.pl\/wp-content\/uploads\/2024\/09\/1000086837.jpg\" alt=\"\" width=\"1920\" height=\"1081\" class=\"alignnone size-full wp-image-31402\" srcset=\"https:\/\/ostrowskatv.pl\/wp-content\/uploads\/2024\/09\/1000086837.jpg 1920w, https:\/\/ostrowskatv.pl\/wp-content\/uploads\/2024\/09\/1000086837-300x169.jpg 300w, https:\/\/ostrowskatv.pl\/wp-content\/uploads\/2024\/09\/1000086837-1333x751.jpg 1333w, https:\/\/ostrowskatv.pl\/wp-content\/uploads\/2024\/09\/1000086837-1536x865.jpg 1536w\" sizes=\"auto, (max-width: 1920px) 100vw, 1920px\" \/><\/p>\n<p><img loading=\"lazy\" decoding=\"async\" src=\"https:\/\/ostrowskatv.pl\/wp-content\/uploads\/2024\/09\/1000086836.jpg\" alt=\"\" width=\"1920\" height=\"1081\" class=\"alignnone size-full wp-image-31403\" srcset=\"https:\/\/ostrowskatv.pl\/wp-content\/uploads\/2024\/09\/1000086836.jpg 1920w, https:\/\/ostrowskatv.pl\/wp-content\/uploads\/2024\/09\/1000086836-300x169.jpg 300w, https:\/\/ostrowskatv.pl\/wp-content\/uploads\/2024\/09\/1000086836-1333x751.jpg 1333w, https:\/\/ostrowskatv.pl\/wp-content\/uploads\/2024\/09\/1000086836-1536x865.jpg 1536w\" sizes=\"auto, (max-width: 1920px) 100vw, 1920px\" \/><\/p>\n<p><img loading=\"lazy\" decoding=\"async\" src=\"https:\/\/ostrowskatv.pl\/wp-content\/uploads\/2024\/09\/1000086835.jpg\" alt=\"\" width=\"1920\" height=\"1081\" class=\"alignnone size-full wp-image-31404\" srcset=\"https:\/\/ostrowskatv.pl\/wp-content\/uploads\/2024\/09\/1000086835.jpg 1920w, https:\/\/ostrowskatv.pl\/wp-content\/uploads\/2024\/09\/1000086835-300x169.jpg 300w, https:\/\/ostrowskatv.pl\/wp-content\/uploads\/2024\/09\/1000086835-1333x751.jpg 1333w, https:\/\/ostrowskatv.pl\/wp-content\/uploads\/2024\/09\/1000086835-1536x865.jpg 1536w\" sizes=\"auto, (max-width: 1920px) 100vw, 1920px\" \/><\/p>\n<p><img loading=\"lazy\" decoding=\"async\" src=\"https:\/\/ostrowskatv.pl\/wp-content\/uploads\/2024\/09\/1000086834.jpg\" alt=\"\" width=\"1920\" height=\"1081\" class=\"alignnone size-full wp-image-31405\" srcset=\"https:\/\/ostrowskatv.pl\/wp-content\/uploads\/2024\/09\/1000086834.jpg 1920w, https:\/\/ostrowskatv.pl\/wp-content\/uploads\/2024\/09\/1000086834-300x169.jpg 300w, https:\/\/ostrowskatv.pl\/wp-content\/uploads\/2024\/09\/1000086834-1333x751.jpg 1333w, https:\/\/ostrowskatv.pl\/wp-content\/uploads\/2024\/09\/1000086834-1536x865.jpg 1536w\" sizes=\"auto, (max-width: 1920px) 100vw, 1920px\" \/><\/p>\n<p><img loading=\"lazy\" decoding=\"async\" src=\"https:\/\/ostrowskatv.pl\/wp-content\/uploads\/2024\/09\/1000086829.jpg\" alt=\"\" width=\"1920\" height=\"1081\" class=\"alignnone size-full wp-image-31406\" srcset=\"https:\/\/ostrowskatv.pl\/wp-content\/uploads\/2024\/09\/1000086829.jpg 1920w, https:\/\/ostrowskatv.pl\/wp-content\/uploads\/2024\/09\/1000086829-300x169.jpg 300w, https:\/\/ostrowskatv.pl\/wp-content\/uploads\/2024\/09\/1000086829-1333x751.jpg 1333w, https:\/\/ostrowskatv.pl\/wp-content\/uploads\/2024\/09\/1000086829-1536x865.jpg 1536w\" sizes=\"auto, (max-width: 1920px) 100vw, 1920px\" \/><\/p>\n<p><img loading=\"lazy\" decoding=\"async\" src=\"https:\/\/ostrowskatv.pl\/wp-content\/uploads\/2024\/09\/1000086828.jpg\" alt=\"\" width=\"1920\" height=\"1081\" class=\"alignnone size-full wp-image-31407\" srcset=\"https:\/\/ostrowskatv.pl\/wp-content\/uploads\/2024\/09\/1000086828.jpg 1920w, https:\/\/ostrowskatv.pl\/wp-content\/uploads\/2024\/09\/1000086828-300x169.jpg 300w, https:\/\/ostrowskatv.pl\/wp-content\/uploads\/2024\/09\/1000086828-1333x751.jpg 1333w, https:\/\/ostrowskatv.pl\/wp-content\/uploads\/2024\/09\/1000086828-1536x865.jpg 1536w\" sizes=\"auto, (max-width: 1920px) 100vw, 1920px\" \/><\/p>\n<p><img loading=\"lazy\" decoding=\"async\" src=\"https:\/\/ostrowskatv.pl\/wp-content\/uploads\/2024\/09\/1000086826.jpg\" alt=\"\" width=\"1920\" height=\"1081\" class=\"alignnone size-full wp-image-31408\" srcset=\"https:\/\/ostrowskatv.pl\/wp-content\/uploads\/2024\/09\/1000086826.jpg 1920w, https:\/\/ostrowskatv.pl\/wp-content\/uploads\/2024\/09\/1000086826-300x169.jpg 300w, https:\/\/ostrowskatv.pl\/wp-content\/uploads\/2024\/09\/1000086826-1333x751.jpg 1333w, https:\/\/ostrowskatv.pl\/wp-content\/uploads\/2024\/09\/1000086826-1536x865.jpg 1536w\" sizes=\"auto, (max-width: 1920px) 100vw, 1920px\" \/><\/p>\n<p><img loading=\"lazy\" decoding=\"async\" src=\"https:\/\/ostrowskatv.pl\/wp-content\/uploads\/2024\/09\/1000086824.jpg\" alt=\"\" width=\"1920\" height=\"1081\" class=\"alignnone size-full wp-image-31409\" srcset=\"https:\/\/ostrowskatv.pl\/wp-content\/uploads\/2024\/09\/1000086824.jpg 1920w, https:\/\/ostrowskatv.pl\/wp-content\/uploads\/2024\/09\/1000086824-300x169.jpg 300w, https:\/\/ostrowskatv.pl\/wp-content\/uploads\/2024\/09\/1000086824-1333x751.jpg 1333w, https:\/\/ostrowskatv.pl\/wp-content\/uploads\/2024\/09\/1000086824-1536x865.jpg 1536w\" sizes=\"auto, (max-width: 1920px) 100vw, 1920px\" \/><\/p>\n<p><img loading=\"lazy\" decoding=\"async\" src=\"https:\/\/ostrowskatv.pl\/wp-content\/uploads\/2024\/09\/1000086823.jpg\" alt=\"\" width=\"1919\" height=\"1420\" class=\"alignnone size-full wp-image-31410\" srcset=\"https:\/\/ostrowskatv.pl\/wp-content\/uploads\/2024\/09\/1000086823.jpg 1919w, https:\/\/ostrowskatv.pl\/wp-content\/uploads\/2024\/09\/1000086823-300x222.jpg 300w, https:\/\/ostrowskatv.pl\/wp-content\/uploads\/2024\/09\/1000086823-1333x986.jpg 1333w, https:\/\/ostrowskatv.pl\/wp-content\/uploads\/2024\/09\/1000086823-1536x1137.jpg 1536w\" sizes=\"auto, (max-width: 1919px) 100vw, 1919px\" \/><\/p>\n<p><b>Zadaniem WOT-u by\u0142o u\u0142o\u017cenie podwy\u017cszonego wa\u0142u wzd\u0142u\u017c ulicy Grobla od strony rzeki O\u0142obok. Jej poziom w sobot\u0119 by\u0142 do\u015b\u0107 niski, ale trudno przewidzie\u0107, jak bardzo wzro\u015bnie po zapowiadanych na niedzielny poranek opadach, kt\u00f3re b\u0119d\u0105 kr\u00f3tsze i bardziej obfite ni\u017c te sprzed weekendu.<\/b><\/p>\n<p><b>\u00a0<\/b><\/p>\n<p><b>10 \u017co\u0142nierzy pakowa\u0142o piasek do work\u00f3w w bazie WODKAN-u, a 40 uk\u0142ada\u0142o je w solidn\u0105 konstrukcj\u0119. Poza WOT-em na ziemi ostrowskiej zjawi\u0142 si\u0119 wiceminister MSWiA Wies\u0142aw Szczepa\u0144ski, odpowiedzialny za infrastruktur\u0119 krytyczn\u0105 oraz wojewoda wielkopolska Agata Sobczyk.<\/b><b><\/b><\/p>\n<p>Prezydent Klimek podczas spotkania z przedstawicielami rz\u0105du powiedzia\u0142a, \u017ce Ostr\u00f3w Wielkopolski potrzebuje 300 milion\u00f3w z\u0142otych na dostosowanie infrastruktury krytycznej do potrzeb zmieniaj\u0105cego si\u0119 klimatu. Jeszcze kilka dni temu m\u00f3wi\u0142a, \u017ce autobusami elektrycznymi nie powstrzyma si\u0119 zmian klimatycznych.<\/p>\n<p>Beata Klimek poinformowa\u0142a, \u017ce Ostr\u00f3w Wlkp. posiada obecnie 5 zbiornik\u00f3w retencyjnych, ale potrzebuje jeszcze o\u015bmiu. Powiedzia\u0142a tak\u017ce, \u017ce konieczna jest regulacja rzeki O\u0142obok. Dodatkowo nale\u017cy zmodernizowa\u0107 sie\u0107 deszczow\u0105, kt\u00f3rej ca\u0142kowita d\u0142ugo\u015b\u0107 wynosi 200 kilometr\u00f3w. Dla bud\u017cetu Ostrowa takie pieni\u0105dze s\u0105 nierealne, poniewa\u017c roczny bud\u017cet wynosi 400 mln z\u0142, a gros idzie na utrzymanie szk\u00f3\u0142 czy pomoc spo\u0142eczn\u0105.<\/p>\n<p>&nbsp;<\/p>\n<p>Planowany przez w\u0142adze Ostrowa kolektor na ulicy Harcerskiej zajmie oko\u0142o 5 lat. Do tego czasu miasto nadal mo\u017ce zalewa\u0107. Wiceminister MSWiA obieca\u0142 pomoc i zapowiedzia\u0142, \u017ce b\u0119d\u0105 potrzebne zmiany prawne i zostan\u0105 podj\u0119te dzia\u0142ania w celu wskazania \u017ar\u00f3de\u0142 finansowania budowy zbiornik\u00f3w wodnych.<\/p>\n<p>Jeden z takich zbiornik\u00f3w mo\u017ce powsta\u0107 na skraju Parku P\u00f3\u0142nocnego, gdzie w\u0142a\u015bcicielka przedszkola &#8222;Nasz Domek&#8221; dla dzieci ze spektrum autyzmu deklaruje oddanie nieu\u017cytkowanej dzia\u0142ki pod jego powstanie. To w\u0142a\u015bnie obiekt nale\u017c\u0105cy do Beaty Prusiewicz bardzo mocno ucierpia\u0142 podczas ulewy z 19 sierpnia br. Pracownicy plac\u00f3wki musieli ewakuowa\u0107 dzieci przez okno, brodz\u0105c w wodzie.<\/p>\n<p>Niestety, \u017cywio\u0142 przedosta\u0142 si\u0119 do wn\u0119trza obiektu. &#8211; Straty szacuj\u0119 na oko\u0142o 400 tysi\u0119cy z\u0142otych. Samo osuszanie mo\u017ce kosztowa\u0107 nawet 90 tysi\u0119cy z\u0142otych. &#8211; powiedziala Beata Prusiewicz.<\/p>\n<p>Sytuacja, dzi\u0119ki powstaniu zbiornika, mo\u017ce pom\u00f3c mieszka\u0144com tej cz\u0119\u015bci miasta, kt\u00f3rzy przy ka\u017cdej ulewie borykaj\u0105 si\u0119 z jej skutkami.<\/p>\n","protected":false},"excerpt":{"rendered":"Donald Tusk bardzo powa\u017cnie wzi\u0105\u0142 sobie do serca s\u0142owa prezydent Beaty Klimek i postanowi\u0142 wys\u0142a\u0107 Wojska Obrony Terytorialnej do Ostrowa Wielkopolskiego. Na miejscu \n<a class=\"moretag\" href=\"https:\/\/ostrowskatv.pl\/?p=31396\"> [...]<\/a>","protected":false},"author":1,"featured_media":31401,"comment_status":"open","ping_status":"closed","sticky":false,"template":"","format":"standard","meta":{"footnotes":""},"categories":[1],"tags":[2],"class_list":["post-31396","post","type-post","status-publish","format-standard","has-post-thumbnail","hentry","category-news","tag-ostrow-wielkopolski"],"_links":{"self":[{"href":"https:\/\/ostrowskatv.pl\/index.php?rest_route=\/wp\/v2\/posts\/31396","targetHints":{"allow":["GET"]}}],"collection":[{"href":"https:\/\/ostrowskatv.pl\/index.php?rest_route=\/wp\/v2\/posts"}],"about":[{"href":"https:\/\/ostrowskatv.pl\/index.php?rest_route=\/wp\/v2\/types\/post"}],"author":[{"embeddable":true,"href":"https:\/\/ostrowskatv.pl\/index.php?rest_route=\/wp\/v2\/users\/1"}],"replies":[{"embeddable":true,"href":"https:\/\/ostrowskatv.pl\/index.php?rest_route=%2Fwp%2Fv2%2Fcomments&post=31396"}],"version-history":[{"count":0,"href":"https:\/\/ostrowskatv.pl\/index.php?rest_route=\/wp\/v2\/posts\/31396\/revisions"}],"wp:featuredmedia":[{"embeddable":true,"href":"https:\/\/ostrowskatv.pl\/index.php?rest_route=\/wp\/v2\/media\/31401"}],"wp:attachment":[{"href":"https:\/\/ostrowskatv.pl\/index.php?rest_route=%2Fwp%2Fv2%2Fmedia&parent=31396"}],"wp:term":[{"taxonomy":"category","embeddable":true,"href":"https:\/\/ostrowskatv.pl\/index.php?rest_route=%2Fwp%2Fv2%2Fcategories&post=31396"},{"taxonomy":"post_tag","embeddable":true,"href":"https:\/\/ostrowskatv.pl\/index.php?rest_route=%2Fwp%2Fv2%2Ftags&post=31396"}],"curies":[{"name":"wp","href":"https:\/\/api.w.org\/{rel}","templated":true}]}}