{"id":31394,"date":"2024-09-13T15:50:32","date_gmt":"2024-09-13T14:50:32","guid":{"rendered":"https:\/\/ostrowskatv.pl\/?p=31394"},"modified":"2024-09-13T15:50:32","modified_gmt":"2024-09-13T14:50:32","slug":"czy-odolanow-zostanie-zalany","status":"publish","type":"post","link":"https:\/\/ostrowskatv.pl\/?p=31394","title":{"rendered":"Czy Odolan\u00f3w zostanie zalany?"},"content":{"rendered":"<p><strong>Pierwsze prognozy zapowiada\u0142y Armagedon. IMGW nie popisa\u0142o si\u0119 prezentuj\u0105c takie wysokie wskazania, ale pogoda ma to do siebie, \u017ce nie jest do ko\u0144ca przewidywalna. Sprawdzili\u015bmy jak teraz wygl\u0105da sytuacja, bowiem Odolan\u00f3w jest na oczach ca\u0142ej Polski.<\/strong><\/p>\n<p><img loading=\"lazy\" decoding=\"async\" src=\"https:\/\/ostrowskatv.pl\/wp-content\/uploads\/2024\/09\/1000086629.jpg\" alt=\"\" width=\"1600\" height=\"1200\" class=\"alignnone size-full wp-image-31393\" srcset=\"https:\/\/ostrowskatv.pl\/wp-content\/uploads\/2024\/09\/1000086629.jpg 1600w, https:\/\/ostrowskatv.pl\/wp-content\/uploads\/2024\/09\/1000086629-300x225.jpg 300w, https:\/\/ostrowskatv.pl\/wp-content\/uploads\/2024\/09\/1000086629-1333x1000.jpg 1333w, https:\/\/ostrowskatv.pl\/wp-content\/uploads\/2024\/09\/1000086629-1536x1152.jpg 1536w\" sizes=\"auto, (max-width: 1600px) 100vw, 1600px\" \/><\/p>\n<p><img loading=\"lazy\" decoding=\"async\" src=\"https:\/\/ostrowskatv.pl\/wp-content\/uploads\/2024\/09\/1000086504.jpg\" alt=\"\" width=\"1920\" height=\"1081\" class=\"alignnone size-full wp-image-31392\" srcset=\"https:\/\/ostrowskatv.pl\/wp-content\/uploads\/2024\/09\/1000086504.jpg 1920w, https:\/\/ostrowskatv.pl\/wp-content\/uploads\/2024\/09\/1000086504-300x169.jpg 300w, https:\/\/ostrowskatv.pl\/wp-content\/uploads\/2024\/09\/1000086504-1333x751.jpg 1333w, https:\/\/ostrowskatv.pl\/wp-content\/uploads\/2024\/09\/1000086504-1536x865.jpg 1536w\" sizes=\"auto, (max-width: 1920px) 100vw, 1920px\" \/><\/p>\n<p><img loading=\"lazy\" decoding=\"async\" src=\"https:\/\/ostrowskatv.pl\/wp-content\/uploads\/2024\/09\/1000086505.jpg\" alt=\"\" width=\"1920\" height=\"1081\" class=\"alignnone size-full wp-image-31391\" srcset=\"https:\/\/ostrowskatv.pl\/wp-content\/uploads\/2024\/09\/1000086505.jpg 1920w, https:\/\/ostrowskatv.pl\/wp-content\/uploads\/2024\/09\/1000086505-300x169.jpg 300w, https:\/\/ostrowskatv.pl\/wp-content\/uploads\/2024\/09\/1000086505-1333x751.jpg 1333w, https:\/\/ostrowskatv.pl\/wp-content\/uploads\/2024\/09\/1000086505-1536x865.jpg 1536w\" sizes=\"auto, (max-width: 1920px) 100vw, 1920px\" \/><\/p>\n<p><img loading=\"lazy\" decoding=\"async\" src=\"https:\/\/ostrowskatv.pl\/wp-content\/uploads\/2024\/09\/1000086516.jpg\" alt=\"\" width=\"1920\" height=\"1081\" class=\"alignnone size-full wp-image-31390\" srcset=\"https:\/\/ostrowskatv.pl\/wp-content\/uploads\/2024\/09\/1000086516.jpg 1920w, https:\/\/ostrowskatv.pl\/wp-content\/uploads\/2024\/09\/1000086516-300x169.jpg 300w, https:\/\/ostrowskatv.pl\/wp-content\/uploads\/2024\/09\/1000086516-1333x751.jpg 1333w, https:\/\/ostrowskatv.pl\/wp-content\/uploads\/2024\/09\/1000086516-1536x865.jpg 1536w\" sizes=\"auto, (max-width: 1920px) 100vw, 1920px\" \/><\/p>\n<p><img loading=\"lazy\" decoding=\"async\" src=\"https:\/\/ostrowskatv.pl\/wp-content\/uploads\/2024\/09\/1000086517.jpg\" alt=\"\" width=\"1920\" height=\"1081\" class=\"alignnone size-full wp-image-31389\" srcset=\"https:\/\/ostrowskatv.pl\/wp-content\/uploads\/2024\/09\/1000086517.jpg 1920w, https:\/\/ostrowskatv.pl\/wp-content\/uploads\/2024\/09\/1000086517-300x169.jpg 300w, https:\/\/ostrowskatv.pl\/wp-content\/uploads\/2024\/09\/1000086517-1333x751.jpg 1333w, https:\/\/ostrowskatv.pl\/wp-content\/uploads\/2024\/09\/1000086517-1536x865.jpg 1536w\" sizes=\"auto, (max-width: 1920px) 100vw, 1920px\" \/><\/p>\n<p><img loading=\"lazy\" decoding=\"async\" src=\"https:\/\/ostrowskatv.pl\/wp-content\/uploads\/2024\/09\/1000086518.jpg\" alt=\"\" width=\"1920\" height=\"1081\" class=\"alignnone size-full wp-image-31388\" srcset=\"https:\/\/ostrowskatv.pl\/wp-content\/uploads\/2024\/09\/1000086518.jpg 1920w, https:\/\/ostrowskatv.pl\/wp-content\/uploads\/2024\/09\/1000086518-300x169.jpg 300w, https:\/\/ostrowskatv.pl\/wp-content\/uploads\/2024\/09\/1000086518-1333x751.jpg 1333w, https:\/\/ostrowskatv.pl\/wp-content\/uploads\/2024\/09\/1000086518-1536x865.jpg 1536w\" sizes=\"auto, (max-width: 1920px) 100vw, 1920px\" \/><\/p>\n<p><img loading=\"lazy\" decoding=\"async\" src=\"https:\/\/ostrowskatv.pl\/wp-content\/uploads\/2024\/09\/1000086519.jpg\" alt=\"\" width=\"1920\" height=\"1081\" class=\"alignnone size-full wp-image-31387\" srcset=\"https:\/\/ostrowskatv.pl\/wp-content\/uploads\/2024\/09\/1000086519.jpg 1920w, https:\/\/ostrowskatv.pl\/wp-content\/uploads\/2024\/09\/1000086519-300x169.jpg 300w, https:\/\/ostrowskatv.pl\/wp-content\/uploads\/2024\/09\/1000086519-1333x751.jpg 1333w, https:\/\/ostrowskatv.pl\/wp-content\/uploads\/2024\/09\/1000086519-1536x865.jpg 1536w\" sizes=\"auto, (max-width: 1920px) 100vw, 1920px\" \/><\/p>\n<p><img loading=\"lazy\" decoding=\"async\" src=\"https:\/\/ostrowskatv.pl\/wp-content\/uploads\/2024\/09\/1000086520.jpg\" alt=\"\" width=\"1920\" height=\"1081\" class=\"alignnone size-full wp-image-31386\" srcset=\"https:\/\/ostrowskatv.pl\/wp-content\/uploads\/2024\/09\/1000086520.jpg 1920w, https:\/\/ostrowskatv.pl\/wp-content\/uploads\/2024\/09\/1000086520-300x169.jpg 300w, https:\/\/ostrowskatv.pl\/wp-content\/uploads\/2024\/09\/1000086520-1333x751.jpg 1333w, https:\/\/ostrowskatv.pl\/wp-content\/uploads\/2024\/09\/1000086520-1536x865.jpg 1536w\" sizes=\"auto, (max-width: 1920px) 100vw, 1920px\" \/><\/p>\n<p><img loading=\"lazy\" decoding=\"async\" src=\"https:\/\/ostrowskatv.pl\/wp-content\/uploads\/2024\/09\/1000086521.jpg\" alt=\"\" width=\"1920\" height=\"1081\" class=\"alignnone size-full wp-image-31385\" srcset=\"https:\/\/ostrowskatv.pl\/wp-content\/uploads\/2024\/09\/1000086521.jpg 1920w, https:\/\/ostrowskatv.pl\/wp-content\/uploads\/2024\/09\/1000086521-300x169.jpg 300w, https:\/\/ostrowskatv.pl\/wp-content\/uploads\/2024\/09\/1000086521-1333x751.jpg 1333w, https:\/\/ostrowskatv.pl\/wp-content\/uploads\/2024\/09\/1000086521-1536x865.jpg 1536w\" sizes=\"auto, (max-width: 1920px) 100vw, 1920px\" \/><\/p>\n<p><img loading=\"lazy\" decoding=\"async\" src=\"https:\/\/ostrowskatv.pl\/wp-content\/uploads\/2024\/09\/1000086522.jpg\" alt=\"\" width=\"1920\" height=\"1081\" class=\"alignnone size-full wp-image-31384\" srcset=\"https:\/\/ostrowskatv.pl\/wp-content\/uploads\/2024\/09\/1000086522.jpg 1920w, https:\/\/ostrowskatv.pl\/wp-content\/uploads\/2024\/09\/1000086522-300x169.jpg 300w, https:\/\/ostrowskatv.pl\/wp-content\/uploads\/2024\/09\/1000086522-1333x751.jpg 1333w, https:\/\/ostrowskatv.pl\/wp-content\/uploads\/2024\/09\/1000086522-1536x865.jpg 1536w\" sizes=\"auto, (max-width: 1920px) 100vw, 1920px\" \/><\/p>\n<p><img loading=\"lazy\" decoding=\"async\" src=\"https:\/\/ostrowskatv.pl\/wp-content\/uploads\/2024\/09\/1000086523.jpg\" alt=\"\" width=\"1920\" height=\"1081\" class=\"alignnone size-full wp-image-31383\" srcset=\"https:\/\/ostrowskatv.pl\/wp-content\/uploads\/2024\/09\/1000086523.jpg 1920w, https:\/\/ostrowskatv.pl\/wp-content\/uploads\/2024\/09\/1000086523-300x169.jpg 300w, https:\/\/ostrowskatv.pl\/wp-content\/uploads\/2024\/09\/1000086523-1333x751.jpg 1333w, https:\/\/ostrowskatv.pl\/wp-content\/uploads\/2024\/09\/1000086523-1536x865.jpg 1536w\" sizes=\"auto, (max-width: 1920px) 100vw, 1920px\" \/><\/p>\n<p><img loading=\"lazy\" decoding=\"async\" src=\"https:\/\/ostrowskatv.pl\/wp-content\/uploads\/2024\/09\/1000086643.jpg\" alt=\"\" width=\"1600\" height=\"1200\" class=\"alignnone size-full wp-image-31382\" srcset=\"https:\/\/ostrowskatv.pl\/wp-content\/uploads\/2024\/09\/1000086643.jpg 1600w, https:\/\/ostrowskatv.pl\/wp-content\/uploads\/2024\/09\/1000086643-300x225.jpg 300w, https:\/\/ostrowskatv.pl\/wp-content\/uploads\/2024\/09\/1000086643-1333x1000.jpg 1333w, https:\/\/ostrowskatv.pl\/wp-content\/uploads\/2024\/09\/1000086643-1536x1152.jpg 1536w\" sizes=\"auto, (max-width: 1600px) 100vw, 1600px\" \/><\/p>\n<p>Na ten moment rzeka Barycz ma wysoko\u015b\u0107 138 cm, czyli o 18 cm wi\u0119cej ni\u017c stan alarmowy. Pojawiaj\u0105 si\u0119 g\u0142osy, \u017ce ten poziom jest ustawiony zbyt nisko, przez co cz\u0119sto Barycz \u015bwieci na czerwono w okolicy Odolanowa. W rzeczywisto\u015bci, \u017ceby woda przela\u0142a si\u0119 przez wa\u0142 przeciwpowodziowy przy ulicy S\u0142onecznej w Odolanowie, na kt\u00f3rym biegnie \u015bcie\u017cka rowerowa, potrzeba poziomu 310 centymetr\u00f3w. Ten jest praktycznie nie do osi\u0105gni\u0119cia, poniewa\u017c po drugiej stronie nie ma takiego wa\u0142u i woda mo\u017ce si\u0119 rozla\u0107 na \u0142\u0105ki. Dalej jest torowisku przez kt\u00f3re te\u017c wcze\u015bniej przeleje si\u0119 woda i znowu si\u0119 rozleje. <\/p>\n<p>Czy wa\u0142 mo\u017ce zosta\u0107 przerwany? W tym miejscu znajduje si\u0119 \u015bcianka Larsena, czyli szczelna \u015bcianka oporowa sk\u0142adaj\u0105ca si\u0119 z metalowych element\u00f3w d\u0142ugich na 4 metry. Cz\u0119\u015b\u0107 wody mo\u017ce jedynie przesi\u0105ka\u0107 gruntowo przez wytworzone ci\u015bnienie. Tak wi\u0119c szansa na przerwanie wa\u0142u jest znikoma. <\/p>\n<p>Do Odolanowa przyjechali reporterzy takich stacji jak TVN24, TVP, Polsat, Polskiej Agencji Prasowej, RMF FM, Radio Zet czy TOK FM. By\u0142a tak\u017ce przedstawicielka W\u00f3d Polskich, kt\u00f3ra w rozmowie z burmistrzem i komendantem stra\u017cy po\u017carnej z Ostrowa Wlkp. by\u0142a zaskoczona tak nietrafionymi prognozami IMGW. Pofatygowa\u0142 si\u0119 tak\u017ce zast\u0119pca komendanta Wojew\u00f3dzkiej Komendy Pa\u0144stwowej Stra\u017cy Po\u017carnej. <\/p>\n<p>Stra\u017cacy u\u0142o\u017cyli wa\u0142 przy posesjach znajduj\u0105cych si\u0119 przy ulicy Bartosza, kt\u00f3re notorycznie zalewa\u0142a woda z Baryczy, z uwagi na ich niskie po\u0142o\u017cenie. W innej cz\u0119\u015bci Odolanowa, a konkretnie przy ulicy S\u0142onecznej, woda cofa\u0142a si\u0119 studzienkami deszczowymi. Nikt do teraz nie zamontowa\u0142 klap, kt\u00f3ry by uniemo\u017cliwia\u0142y zalewanie posesji. Stra\u017cacy z Odolanowa sp\u0119dzili tam 2 tygodnie na pompowaniu wody. <\/p>\n<p>Z dobrych wiadomo\u015bci to Wody Polskie przys\u0142a\u0142y ci\u0119\u017cki sprz\u0119t, kt\u00f3ry usuwa ro\u015blinno\u015b\u0107, kt\u00f3ra spowalnia odp\u0142yw wody w korycie Baryczy. Uda\u0142o si\u0119 tak\u017ce wymusi\u0107 otwarcie jaz\u00f3w na Baryczy po stronie powiatu milickiego. W tej chwili s\u0105 ustawione na maksymalny przep\u0142yw.<\/p>\n<p>Sobota b\u0119dzie z bardzo niewielkim opadem. Niepewna jest jeszcze prognoza w niedziel\u0119, ale nale\u017cy spodziewa\u0107 si\u0119 deszczu. <\/p>\n","protected":false},"excerpt":{"rendered":"Pierwsze prognozy zapowiada\u0142y Armagedon. IMGW nie popisa\u0142o si\u0119 prezentuj\u0105c takie wysokie wskazania, ale pogoda ma to do siebie, \u017ce nie jest do ko\u0144ca \n<a class=\"moretag\" href=\"https:\/\/ostrowskatv.pl\/?p=31394\"> [...]<\/a>","protected":false},"author":1,"featured_media":31392,"comment_status":"open","ping_status":"closed","sticky":false,"template":"","format":"standard","meta":{"footnotes":""},"categories":[1],"tags":[38],"class_list":["post-31394","post","type-post","status-publish","format-standard","has-post-thumbnail","hentry","category-news","tag-odolanow"],"_links":{"self":[{"href":"https:\/\/ostrowskatv.pl\/index.php?rest_route=\/wp\/v2\/posts\/31394","targetHints":{"allow":["GET"]}}],"collection":[{"href":"https:\/\/ostrowskatv.pl\/index.php?rest_route=\/wp\/v2\/posts"}],"about":[{"href":"https:\/\/ostrowskatv.pl\/index.php?rest_route=\/wp\/v2\/types\/post"}],"author":[{"embeddable":true,"href":"https:\/\/ostrowskatv.pl\/index.php?rest_route=\/wp\/v2\/users\/1"}],"replies":[{"embeddable":true,"href":"https:\/\/ostrowskatv.pl\/index.php?rest_route=%2Fwp%2Fv2%2Fcomments&post=31394"}],"version-history":[{"count":0,"href":"https:\/\/ostrowskatv.pl\/index.php?rest_route=\/wp\/v2\/posts\/31394\/revisions"}],"wp:featuredmedia":[{"embeddable":true,"href":"https:\/\/ostrowskatv.pl\/index.php?rest_route=\/wp\/v2\/media\/31392"}],"wp:attachment":[{"href":"https:\/\/ostrowskatv.pl\/index.php?rest_route=%2Fwp%2Fv2%2Fmedia&parent=31394"}],"wp:term":[{"taxonomy":"category","embeddable":true,"href":"https:\/\/ostrowskatv.pl\/index.php?rest_route=%2Fwp%2Fv2%2Fcategories&post=31394"},{"taxonomy":"post_tag","embeddable":true,"href":"https:\/\/ostrowskatv.pl\/index.php?rest_route=%2Fwp%2Fv2%2Ftags&post=31394"}],"curies":[{"name":"wp","href":"https:\/\/api.w.org\/{rel}","templated":true}]}}