{"id":31376,"date":"2024-09-12T15:28:13","date_gmt":"2024-09-12T14:28:13","guid":{"rendered":"https:\/\/ostrowskatv.pl\/?p=31376"},"modified":"2024-09-12T15:28:13","modified_gmt":"2024-09-12T14:28:13","slug":"zderzenie-kolo-gorecznika-poszkodowany-ale-wpadl","status":"publish","type":"post","link":"https:\/\/ostrowskatv.pl\/?p=31376","title":{"rendered":"Zderzenie ko\u0142o G\u00f3recznika. Poszkodowany ale wpad\u0142"},"content":{"rendered":"<p><strong>10 minut po wypadku z udzia\u0142em motocyklisty z Sieroszewic oraz samochodu osobowego dosz\u0142o do zderzenia dw\u00f3ch aut osobowych.<\/strong><\/p>\n<p><img loading=\"lazy\" decoding=\"async\" class=\"alignnone size-full wp-image-31374\" src=\"https:\/\/ostrowskatv.pl\/wp-content\/uploads\/2024\/09\/1000085939.jpg\" alt=\"\" width=\"1919\" height=\"1095\" srcset=\"https:\/\/ostrowskatv.pl\/wp-content\/uploads\/2024\/09\/1000085939.jpg 1919w, https:\/\/ostrowskatv.pl\/wp-content\/uploads\/2024\/09\/1000085939-300x171.jpg 300w, https:\/\/ostrowskatv.pl\/wp-content\/uploads\/2024\/09\/1000085939-1333x761.jpg 1333w, https:\/\/ostrowskatv.pl\/wp-content\/uploads\/2024\/09\/1000085939-1536x876.jpg 1536w, https:\/\/ostrowskatv.pl\/wp-content\/uploads\/2024\/09\/1000085939-388x220.jpg 388w\" sizes=\"auto, (max-width: 1919px) 100vw, 1919px\" \/><\/p>\n<p>Mieszkaniec Kluczborka zosta\u0142 poproszony, \u017ceby odebra\u0107 z ostrowskiego dworca kolejowego koleg\u0119. Skoro kolega prosi, to si\u0119 nie odmawia. Wsiad\u0142 w audi i ruszy\u0142 w 100 kilometrow\u0105 tras\u0119. Za Antoninem zastanawia\u0142 si\u0119 czy jecha\u0107 obwodnic\u0105 Ostrowa, kt\u00f3r\u0105 co prawda jest troszk\u0119 dalej, ale bezpieczniej.<\/p>\n<p>Wyb\u00f3r trasy, mimo \u017ce kr\u00f3tszej, okaza\u0142 si\u0119 niefortunny ze wzgl\u0119du na niebezpieczne skrzy\u017cowanie dr\u00f3g biegn\u0105cych do Chynowej i D\u0119bnicy. Od strony G\u00f3recznika jecha\u0142 kierowca fiata, kt\u00f3ry skr\u0119caj\u0105c w lewo wymusi\u0142 pierwsze\u0144stwo. Doprowadzi\u0142 do zderzenia z audi.<\/p>\n<p>To przypomina o znaczeniu ostro\u017cno\u015bci i przestrzegania przepis\u00f3w drogowych. Wymuszenie pierwsze\u0144stwa przez kierowc\u0119 fiata doprowadzi\u0142o do kolizji, kt\u00f3ra mia\u0142a daleko id\u0105ce konsekwencje dla obu stron. Kierowca audi, mimo \u017ce poszkodowany, musi teraz zmierzy\u0107 si\u0119 z konsekwencjami prawnymi z powodu braku wa\u017cnych uprawnie\u0144 do kierowania pojazdem. Sprawa teraz trafi do s\u0105du. Mo\u017cliwe jest tak\u017ce zakwestionowanie wyp\u0142aty odszkodowania za uszkodzone audi.<\/p>\n","protected":false},"excerpt":{"rendered":"10 minut po wypadku z udzia\u0142em motocyklisty z Sieroszewic oraz samochodu osobowego dosz\u0142o do zderzenia dw\u00f3ch aut osobowych. Mieszkaniec Kluczborka zosta\u0142 poproszony, \u017ceby \n<a class=\"moretag\" href=\"https:\/\/ostrowskatv.pl\/?p=31376\"> [...]<\/a>","protected":false},"author":1,"featured_media":31375,"comment_status":"open","ping_status":"closed","sticky":false,"template":"","format":"standard","meta":{"footnotes":""},"categories":[1],"tags":[48],"class_list":["post-31376","post","type-post","status-publish","format-standard","has-post-thumbnail","hentry","category-news","tag-kolizja"],"_links":{"self":[{"href":"https:\/\/ostrowskatv.pl\/index.php?rest_route=\/wp\/v2\/posts\/31376","targetHints":{"allow":["GET"]}}],"collection":[{"href":"https:\/\/ostrowskatv.pl\/index.php?rest_route=\/wp\/v2\/posts"}],"about":[{"href":"https:\/\/ostrowskatv.pl\/index.php?rest_route=\/wp\/v2\/types\/post"}],"author":[{"embeddable":true,"href":"https:\/\/ostrowskatv.pl\/index.php?rest_route=\/wp\/v2\/users\/1"}],"replies":[{"embeddable":true,"href":"https:\/\/ostrowskatv.pl\/index.php?rest_route=%2Fwp%2Fv2%2Fcomments&post=31376"}],"version-history":[{"count":0,"href":"https:\/\/ostrowskatv.pl\/index.php?rest_route=\/wp\/v2\/posts\/31376\/revisions"}],"wp:featuredmedia":[{"embeddable":true,"href":"https:\/\/ostrowskatv.pl\/index.php?rest_route=\/wp\/v2\/media\/31375"}],"wp:attachment":[{"href":"https:\/\/ostrowskatv.pl\/index.php?rest_route=%2Fwp%2Fv2%2Fmedia&parent=31376"}],"wp:term":[{"taxonomy":"category","embeddable":true,"href":"https:\/\/ostrowskatv.pl\/index.php?rest_route=%2Fwp%2Fv2%2Fcategories&post=31376"},{"taxonomy":"post_tag","embeddable":true,"href":"https:\/\/ostrowskatv.pl\/index.php?rest_route=%2Fwp%2Fv2%2Ftags&post=31376"}],"curies":[{"name":"wp","href":"https:\/\/api.w.org\/{rel}","templated":true}]}}