{"id":3137,"date":"2017-02-08T09:32:47","date_gmt":"2017-02-08T08:32:47","guid":{"rendered":"http:\/\/ostrowska.tv\/?p=3137"},"modified":"2017-02-08T09:32:47","modified_gmt":"2017-02-08T08:32:47","slug":"splonelo-mieszkanie-strazacy-uratowali-mezczyzne","status":"publish","type":"post","link":"https:\/\/ostrowskatv.pl\/?p=3137","title":{"rendered":"Sp\u0142on\u0119\u0142o mieszkanie. Stra\u017cacy uratowali m\u0119\u017cczyzn\u0119"},"content":{"rendered":"<p><strong>We wtorek dosz\u0142o do po\u017caru w miejscowo\u015bci Chojnik (gm. So\u015bnie). Ogie\u0144 pojawi\u0142 si\u0119 w jednym z mieszka\u0144 na parterze w budynku wielorodzinnym. Zg\u0142oszenie do stra\u017cak\u00f3w wp\u0142yn\u0119\u0142o o godzinie 15:55. Na miejsce wys\u0142ano 2 zast\u0119py Pa\u0144stwowej Stra\u017cy Po\u017carnej oraz 5 woz\u00f3w ga\u015bniczych z okolicznych OSP. Po przybyciu na miejsce ogie\u0144 trawi\u0142 mieszkanie, a z wn\u0119trza wydobywa\u0142 si\u0119 dym. Lokatorzy innych mieszka\u0144 opu\u015bcili o w\u0142asnych si\u0142ach zagro\u017cony budynek. Zauwa\u017cyli jednak, \u017ce w\u015br\u00f3d nich nie ma starszego wiekiem m\u0119\u017cczyzny zamieszkuj\u0105cego p\u0142on\u0105ce mieszkanie.<\/strong><\/p>\n<p>Stra\u017cacy postanowili wej\u015b\u0107 do \u015brodka i odnale\u017a\u0107 zaginionego lokatora. Po chwili uda\u0142o im si\u0119 go namierzy\u0107 i w stanie p\u00f3\u0142przytomnym wydostali go na zewn\u0105trz, gdzie udzielili mu pomocy medycznej, a nast\u0119pnie przekazali za\u0142odze karetki pogotowia ratunkowego.<\/p>\n<p>Prawdopodobn\u0105 przyczyn\u0105 powstania po\u017caru, by\u0142o zapr\u00f3szenie ognia. Ca\u0142a akcja trwa\u0142a 3,5 godziny.<\/p>\n<div id='gallery-1' class='gallery galleryid-3137 gallery-columns-3 gallery-size-thumbnail'><figure class='gallery-item'>\n\t\t\t<div class='gallery-icon landscape'>\n\t\t\t\t<a href='https:\/\/ostrowskatv.pl\/?attachment_id=3138'><img loading=\"lazy\" decoding=\"async\" width=\"150\" height=\"150\" src=\"https:\/\/ostrowskatv.pl\/wp-content\/uploads\/2017\/02\/20170207_165352-150x150.jpg\" class=\"attachment-thumbnail size-thumbnail\" alt=\"\" \/><\/a>\n\t\t\t<\/div><\/figure><figure class='gallery-item'>\n\t\t\t<div class='gallery-icon landscape'>\n\t\t\t\t<a href='https:\/\/ostrowskatv.pl\/?attachment_id=3139'><img loading=\"lazy\" decoding=\"async\" width=\"150\" height=\"150\" src=\"https:\/\/ostrowskatv.pl\/wp-content\/uploads\/2017\/02\/20170207_165227-150x150.jpg\" class=\"attachment-thumbnail size-thumbnail\" alt=\"\" \/><\/a>\n\t\t\t<\/div><\/figure><figure class='gallery-item'>\n\t\t\t<div class='gallery-icon landscape'>\n\t\t\t\t<a href='https:\/\/ostrowskatv.pl\/?attachment_id=3140'><img loading=\"lazy\" decoding=\"async\" width=\"150\" height=\"150\" src=\"https:\/\/ostrowskatv.pl\/wp-content\/uploads\/2017\/02\/20170207_165218-150x150.jpg\" class=\"attachment-thumbnail size-thumbnail\" alt=\"\" \/><\/a>\n\t\t\t<\/div><\/figure><figure class='gallery-item'>\n\t\t\t<div class='gallery-icon landscape'>\n\t\t\t\t<a href='https:\/\/ostrowskatv.pl\/?attachment_id=3141'><img loading=\"lazy\" decoding=\"async\" width=\"150\" height=\"150\" src=\"https:\/\/ostrowskatv.pl\/wp-content\/uploads\/2017\/02\/20170207_165212-150x150.jpg\" class=\"attachment-thumbnail size-thumbnail\" alt=\"\" \/><\/a>\n\t\t\t<\/div><\/figure><figure class='gallery-item'>\n\t\t\t<div class='gallery-icon landscape'>\n\t\t\t\t<a href='https:\/\/ostrowskatv.pl\/?attachment_id=3142'><img loading=\"lazy\" decoding=\"async\" width=\"150\" height=\"150\" src=\"https:\/\/ostrowskatv.pl\/wp-content\/uploads\/2017\/02\/20170207_165134-150x150.jpg\" class=\"attachment-thumbnail size-thumbnail\" alt=\"\" \/><\/a>\n\t\t\t<\/div><\/figure><figure class='gallery-item'>\n\t\t\t<div class='gallery-icon landscape'>\n\t\t\t\t<a href='https:\/\/ostrowskatv.pl\/?attachment_id=3143'><img loading=\"lazy\" decoding=\"async\" width=\"150\" height=\"150\" src=\"https:\/\/ostrowskatv.pl\/wp-content\/uploads\/2017\/02\/20170207_165109-150x150.jpg\" class=\"attachment-thumbnail size-thumbnail\" alt=\"\" \/><\/a>\n\t\t\t<\/div><\/figure><figure class='gallery-item'>\n\t\t\t<div class='gallery-icon landscape'>\n\t\t\t\t<a href='https:\/\/ostrowskatv.pl\/?attachment_id=3144'><img loading=\"lazy\" decoding=\"async\" width=\"150\" height=\"150\" src=\"https:\/\/ostrowskatv.pl\/wp-content\/uploads\/2017\/02\/20170207_165039-150x150.jpg\" class=\"attachment-thumbnail size-thumbnail\" alt=\"\" \/><\/a>\n\t\t\t<\/div><\/figure>\n\t\t<\/div>\n\n","protected":false},"excerpt":{"rendered":"We wtorek dosz\u0142o do po\u017caru w miejscowo\u015bci Chojnik (gm. So\u015bnie). Ogie\u0144 pojawi\u0142 si\u0119 w jednym z mieszka\u0144 na parterze w budynku wielorodzinnym. Zg\u0142oszenie \n<a class=\"moretag\" href=\"https:\/\/ostrowskatv.pl\/?p=3137\"> [...]<\/a>","protected":false},"author":1,"featured_media":3140,"comment_status":"open","ping_status":"open","sticky":false,"template":"","format":"standard","meta":{"footnotes":""},"categories":[1],"tags":[119],"class_list":["post-3137","post","type-post","status-publish","format-standard","has-post-thumbnail","hentry","category-news","tag-chojnik"],"_links":{"self":[{"href":"https:\/\/ostrowskatv.pl\/index.php?rest_route=\/wp\/v2\/posts\/3137","targetHints":{"allow":["GET"]}}],"collection":[{"href":"https:\/\/ostrowskatv.pl\/index.php?rest_route=\/wp\/v2\/posts"}],"about":[{"href":"https:\/\/ostrowskatv.pl\/index.php?rest_route=\/wp\/v2\/types\/post"}],"author":[{"embeddable":true,"href":"https:\/\/ostrowskatv.pl\/index.php?rest_route=\/wp\/v2\/users\/1"}],"replies":[{"embeddable":true,"href":"https:\/\/ostrowskatv.pl\/index.php?rest_route=%2Fwp%2Fv2%2Fcomments&post=3137"}],"version-history":[{"count":0,"href":"https:\/\/ostrowskatv.pl\/index.php?rest_route=\/wp\/v2\/posts\/3137\/revisions"}],"wp:featuredmedia":[{"embeddable":true,"href":"https:\/\/ostrowskatv.pl\/index.php?rest_route=\/wp\/v2\/media\/3140"}],"wp:attachment":[{"href":"https:\/\/ostrowskatv.pl\/index.php?rest_route=%2Fwp%2Fv2%2Fmedia&parent=3137"}],"wp:term":[{"taxonomy":"category","embeddable":true,"href":"https:\/\/ostrowskatv.pl\/index.php?rest_route=%2Fwp%2Fv2%2Fcategories&post=3137"},{"taxonomy":"post_tag","embeddable":true,"href":"https:\/\/ostrowskatv.pl\/index.php?rest_route=%2Fwp%2Fv2%2Ftags&post=3137"}],"curies":[{"name":"wp","href":"https:\/\/api.w.org\/{rel}","templated":true}]}}