{"id":31297,"date":"2024-09-09T05:39:15","date_gmt":"2024-09-09T04:39:15","guid":{"rendered":"https:\/\/ostrowskatv.pl\/?p=31297"},"modified":"2024-09-09T05:39:15","modified_gmt":"2024-09-09T04:39:15","slug":"splonal-w-pozarze-domu","status":"publish","type":"post","link":"https:\/\/ostrowskatv.pl\/?p=31297","title":{"rendered":"Sp\u0142on\u0105\u0142 w po\u017carze domu"},"content":{"rendered":"<p><strong>2,5-roczne dziecko oraz troje domownik\u00f3w ewakuowa\u0142o si\u0119 z p\u0142on\u0105ce go domu. Niestety pi\u0105ty domownik sp\u0142on\u0105\u0142. To smutny fina\u0142 po\u017caru przy ulicy Gorzyckiej w Ostrowie Wielkopolskim. <\/strong><\/p>\n<p>Po\u017car zauwa\u017cono o godzinie 22.30. Na miejsce \u0142\u0105cznie wys\u0142ano dziewiecej zast\u0119p\u00f3w stra\u017cy po\u017carnej. Kiedy stra\u017cacy dotarli na miejsce poddasze by\u0142o ca\u0142e w ogniu. Szcz\u0119\u015bliwie osoby mieszkaj\u0105ce na parterze mog\u0142y bez problemu wydosta\u0107 si\u0119 na zewn\u0105trz. <\/p>\n<p>W domu znajdowa\u0142y si\u0119 dwie butle gazowe, co stwarza\u0142o dla wszystkich powa\u017cne zagro\u017cenie. <\/p>\n<p>Wkr\u00f3tce wi\u0119cej informacji. <\/p>\n<p><img loading=\"lazy\" decoding=\"async\" src=\"https:\/\/ostrowskatv.pl\/wp-content\/uploads\/2024\/09\/1000085293.jpg\" alt=\"\" width=\"1920\" height=\"1081\" class=\"alignnone size-full wp-image-31298\" srcset=\"https:\/\/ostrowskatv.pl\/wp-content\/uploads\/2024\/09\/1000085293.jpg 1920w, https:\/\/ostrowskatv.pl\/wp-content\/uploads\/2024\/09\/1000085293-300x169.jpg 300w, https:\/\/ostrowskatv.pl\/wp-content\/uploads\/2024\/09\/1000085293-1333x751.jpg 1333w, https:\/\/ostrowskatv.pl\/wp-content\/uploads\/2024\/09\/1000085293-1536x865.jpg 1536w\" sizes=\"auto, (max-width: 1920px) 100vw, 1920px\" \/><\/p>\n<p><img loading=\"lazy\" decoding=\"async\" src=\"https:\/\/ostrowskatv.pl\/wp-content\/uploads\/2024\/09\/1000085292.jpg\" alt=\"\" width=\"1920\" height=\"1174\" class=\"alignnone size-full wp-image-31299\" srcset=\"https:\/\/ostrowskatv.pl\/wp-content\/uploads\/2024\/09\/1000085292.jpg 1920w, https:\/\/ostrowskatv.pl\/wp-content\/uploads\/2024\/09\/1000085292-300x183.jpg 300w, https:\/\/ostrowskatv.pl\/wp-content\/uploads\/2024\/09\/1000085292-1333x815.jpg 1333w, https:\/\/ostrowskatv.pl\/wp-content\/uploads\/2024\/09\/1000085292-1536x939.jpg 1536w\" sizes=\"auto, (max-width: 1920px) 100vw, 1920px\" \/><\/p>\n<p><img loading=\"lazy\" decoding=\"async\" src=\"https:\/\/ostrowskatv.pl\/wp-content\/uploads\/2024\/09\/1000085291.jpg\" alt=\"\" width=\"1920\" height=\"1081\" class=\"alignnone size-full wp-image-31300\" srcset=\"https:\/\/ostrowskatv.pl\/wp-content\/uploads\/2024\/09\/1000085291.jpg 1920w, https:\/\/ostrowskatv.pl\/wp-content\/uploads\/2024\/09\/1000085291-300x169.jpg 300w, https:\/\/ostrowskatv.pl\/wp-content\/uploads\/2024\/09\/1000085291-1333x751.jpg 1333w, https:\/\/ostrowskatv.pl\/wp-content\/uploads\/2024\/09\/1000085291-1536x865.jpg 1536w\" sizes=\"auto, (max-width: 1920px) 100vw, 1920px\" \/><\/p>\n<p><img loading=\"lazy\" decoding=\"async\" src=\"https:\/\/ostrowskatv.pl\/wp-content\/uploads\/2024\/09\/1000085290.jpg\" alt=\"\" width=\"1920\" height=\"1081\" class=\"alignnone size-full wp-image-31301\" srcset=\"https:\/\/ostrowskatv.pl\/wp-content\/uploads\/2024\/09\/1000085290.jpg 1920w, https:\/\/ostrowskatv.pl\/wp-content\/uploads\/2024\/09\/1000085290-300x169.jpg 300w, https:\/\/ostrowskatv.pl\/wp-content\/uploads\/2024\/09\/1000085290-1333x751.jpg 1333w, https:\/\/ostrowskatv.pl\/wp-content\/uploads\/2024\/09\/1000085290-1536x865.jpg 1536w\" sizes=\"auto, (max-width: 1920px) 100vw, 1920px\" \/><\/p>\n<p><img loading=\"lazy\" decoding=\"async\" src=\"https:\/\/ostrowskatv.pl\/wp-content\/uploads\/2024\/09\/1000085289.jpg\" alt=\"\" width=\"1920\" height=\"1081\" class=\"alignnone size-full wp-image-31302\" srcset=\"https:\/\/ostrowskatv.pl\/wp-content\/uploads\/2024\/09\/1000085289.jpg 1920w, https:\/\/ostrowskatv.pl\/wp-content\/uploads\/2024\/09\/1000085289-300x169.jpg 300w, https:\/\/ostrowskatv.pl\/wp-content\/uploads\/2024\/09\/1000085289-1333x751.jpg 1333w, https:\/\/ostrowskatv.pl\/wp-content\/uploads\/2024\/09\/1000085289-1536x865.jpg 1536w\" sizes=\"auto, (max-width: 1920px) 100vw, 1920px\" \/><\/p>\n<p><img loading=\"lazy\" decoding=\"async\" src=\"https:\/\/ostrowskatv.pl\/wp-content\/uploads\/2024\/09\/1000085288.jpg\" alt=\"\" width=\"1920\" height=\"1081\" class=\"alignnone size-full wp-image-31303\" srcset=\"https:\/\/ostrowskatv.pl\/wp-content\/uploads\/2024\/09\/1000085288.jpg 1920w, https:\/\/ostrowskatv.pl\/wp-content\/uploads\/2024\/09\/1000085288-300x169.jpg 300w, https:\/\/ostrowskatv.pl\/wp-content\/uploads\/2024\/09\/1000085288-1333x751.jpg 1333w, https:\/\/ostrowskatv.pl\/wp-content\/uploads\/2024\/09\/1000085288-1536x865.jpg 1536w\" sizes=\"auto, (max-width: 1920px) 100vw, 1920px\" \/><\/p>\n<p><img loading=\"lazy\" decoding=\"async\" src=\"https:\/\/ostrowskatv.pl\/wp-content\/uploads\/2024\/09\/1000085287.jpg\" alt=\"\" width=\"1920\" height=\"1018\" class=\"alignnone size-full wp-image-31304\" srcset=\"https:\/\/ostrowskatv.pl\/wp-content\/uploads\/2024\/09\/1000085287.jpg 1920w, https:\/\/ostrowskatv.pl\/wp-content\/uploads\/2024\/09\/1000085287-300x159.jpg 300w, https:\/\/ostrowskatv.pl\/wp-content\/uploads\/2024\/09\/1000085287-1333x707.jpg 1333w, https:\/\/ostrowskatv.pl\/wp-content\/uploads\/2024\/09\/1000085287-1536x814.jpg 1536w\" sizes=\"auto, (max-width: 1920px) 100vw, 1920px\" \/><\/p>\n","protected":false},"excerpt":{"rendered":"2,5-roczne dziecko oraz troje domownik\u00f3w ewakuowa\u0142o si\u0119 z p\u0142on\u0105ce go domu. Niestety pi\u0105ty domownik sp\u0142on\u0105\u0142. To smutny fina\u0142 po\u017caru przy ulicy Gorzyckiej w \n<a class=\"moretag\" href=\"https:\/\/ostrowskatv.pl\/?p=31297\"> [...]<\/a>","protected":false},"author":1,"featured_media":31304,"comment_status":"open","ping_status":"closed","sticky":false,"template":"","format":"standard","meta":{"footnotes":""},"categories":[1],"tags":[309,2],"class_list":["post-31297","post","type-post","status-publish","format-standard","has-post-thumbnail","hentry","category-news","tag-gorzycka","tag-ostrow-wielkopolski"],"_links":{"self":[{"href":"https:\/\/ostrowskatv.pl\/index.php?rest_route=\/wp\/v2\/posts\/31297","targetHints":{"allow":["GET"]}}],"collection":[{"href":"https:\/\/ostrowskatv.pl\/index.php?rest_route=\/wp\/v2\/posts"}],"about":[{"href":"https:\/\/ostrowskatv.pl\/index.php?rest_route=\/wp\/v2\/types\/post"}],"author":[{"embeddable":true,"href":"https:\/\/ostrowskatv.pl\/index.php?rest_route=\/wp\/v2\/users\/1"}],"replies":[{"embeddable":true,"href":"https:\/\/ostrowskatv.pl\/index.php?rest_route=%2Fwp%2Fv2%2Fcomments&post=31297"}],"version-history":[{"count":0,"href":"https:\/\/ostrowskatv.pl\/index.php?rest_route=\/wp\/v2\/posts\/31297\/revisions"}],"wp:featuredmedia":[{"embeddable":true,"href":"https:\/\/ostrowskatv.pl\/index.php?rest_route=\/wp\/v2\/media\/31304"}],"wp:attachment":[{"href":"https:\/\/ostrowskatv.pl\/index.php?rest_route=%2Fwp%2Fv2%2Fmedia&parent=31297"}],"wp:term":[{"taxonomy":"category","embeddable":true,"href":"https:\/\/ostrowskatv.pl\/index.php?rest_route=%2Fwp%2Fv2%2Fcategories&post=31297"},{"taxonomy":"post_tag","embeddable":true,"href":"https:\/\/ostrowskatv.pl\/index.php?rest_route=%2Fwp%2Fv2%2Ftags&post=31297"}],"curies":[{"name":"wp","href":"https:\/\/api.w.org\/{rel}","templated":true}]}}