{"id":312,"date":"2016-02-06T19:20:34","date_gmt":"2016-02-06T18:20:34","guid":{"rendered":"http:\/\/ostrowska.tv\/?p=312"},"modified":"2016-02-06T19:20:34","modified_gmt":"2016-02-06T18:20:34","slug":"pozar-gesiarni-w-slaborowicach-wideo","status":"publish","type":"post","link":"https:\/\/ostrowskatv.pl\/?p=312","title":{"rendered":"Po\u017car g\u0119siarni w S\u0142aborowicach (wideo)"},"content":{"rendered":"<p><strong>W pi\u0105tek dosz\u0142o do po\u017caru g\u0119siarni we wsi S\u0142aborowice k. Ostrowa Wlkp. Stra\u017cacy zostali powiadomieni o godzinie 8:30 rano. Do akcji ga\u015bniczej zadysponowano 9 woz\u00f3w stra\u017cy po\u017carnej.<\/strong><\/p>\n<p>Jak uda\u0142o si\u0119 ustali\u0107, pracownicy g\u0119siarni przygotowywali jeden z obiekt\u00f3w na przyjazd 6 tysi\u0119cy kaczek. Uruchomili nagrzewnic\u0119 i udali si\u0119 na przerw\u0119 \u015bniadaniow\u0105. W tym czasie dosz\u0142o do po\u017caru, najprawdopodobniej wskutek awarii jednej z nagrzewnic.<\/p>\n<p>Dzi\u0119ki takiemu zbiegowi okoliczno\u015bci, \u017cadne ze zwierz\u0105t nie ucierpia\u0142o. Stra\u017cacy jednak musieli zabezpiecza\u0107 znajduj\u0105cy si\u0119 tu\u017c obok drugi budynek, w kt\u00f3rym przebywa\u0142o 2400 doros\u0142ych g\u0119si. W budynku obj\u0119tym p\u0142omieniami znajdowa\u0142y si\u0119 trzy butle z gazem oraz 1000-litrowy zbiornik z olejem nap\u0119dowym. Po godzinie 40 stra\u017cakom uda\u0142o si\u0119 ugasi\u0107 najwi\u0119ksze skupisko ognia.<\/p>\n<p>Straty wyceniono na 600 tys. z\u0142.<\/p>\n<div style=\"width: 640px;\" class=\"wp-video\"><video class=\"wp-video-shortcode\" id=\"video-312-1\" width=\"640\" height=\"360\" preload=\"metadata\" controls=\"controls\"><source type=\"video\/mp4\" src=\"http:\/\/ostrowska.tv\/wp-content\/uploads\/2016\/02\/gesiarnia-pozar.mp4?_=1\" \/><a href=\"http:\/\/ostrowska.tv\/wp-content\/uploads\/2016\/02\/gesiarnia-pozar.mp4\">http:\/\/ostrowska.tv\/wp-content\/uploads\/2016\/02\/gesiarnia-pozar.mp4<\/a><\/video><\/div>\n<p><iframe loading=\"lazy\" src=\"https:\/\/www.google.com\/maps\/embed?pb=!1m18!1m12!1m3!1d79149.59663244583!2d17.76661317393285!3d51.688669220108274!2m3!1f0!2f0!3f0!3m2!1i1024!2i768!4f13.1!3m3!1m2!1s0x471aca5285b996cb%3A0xbf8e0d2931d25332!2sS%C5%82aborowice!5e0!3m2!1spl!2spl!4v1454782799346\" width=\"600\" height=\"450\" frameborder=\"0\" style=\"border:0\" allowfullscreen><\/iframe><\/p>\n","protected":false},"excerpt":{"rendered":"W pi\u0105tek dosz\u0142o do po\u017caru g\u0119siarni we wsi S\u0142aborowice k. Ostrowa Wlkp. Stra\u017cacy zostali powiadomieni o godzinie 8:30 rano. Do akcji ga\u015bniczej zadysponowano \n<a class=\"moretag\" href=\"https:\/\/ostrowskatv.pl\/?p=312\"> [...]<\/a>","protected":false},"author":1,"featured_media":313,"comment_status":"open","ping_status":"open","sticky":false,"template":"","format":"standard","meta":{"footnotes":""},"categories":[1],"tags":[7],"class_list":["post-312","post","type-post","status-publish","format-standard","has-post-thumbnail","hentry","category-news","tag-pozar"],"_links":{"self":[{"href":"https:\/\/ostrowskatv.pl\/index.php?rest_route=\/wp\/v2\/posts\/312","targetHints":{"allow":["GET"]}}],"collection":[{"href":"https:\/\/ostrowskatv.pl\/index.php?rest_route=\/wp\/v2\/posts"}],"about":[{"href":"https:\/\/ostrowskatv.pl\/index.php?rest_route=\/wp\/v2\/types\/post"}],"author":[{"embeddable":true,"href":"https:\/\/ostrowskatv.pl\/index.php?rest_route=\/wp\/v2\/users\/1"}],"replies":[{"embeddable":true,"href":"https:\/\/ostrowskatv.pl\/index.php?rest_route=%2Fwp%2Fv2%2Fcomments&post=312"}],"version-history":[{"count":0,"href":"https:\/\/ostrowskatv.pl\/index.php?rest_route=\/wp\/v2\/posts\/312\/revisions"}],"wp:featuredmedia":[{"embeddable":true,"href":"https:\/\/ostrowskatv.pl\/index.php?rest_route=\/wp\/v2\/media\/313"}],"wp:attachment":[{"href":"https:\/\/ostrowskatv.pl\/index.php?rest_route=%2Fwp%2Fv2%2Fmedia&parent=312"}],"wp:term":[{"taxonomy":"category","embeddable":true,"href":"https:\/\/ostrowskatv.pl\/index.php?rest_route=%2Fwp%2Fv2%2Fcategories&post=312"},{"taxonomy":"post_tag","embeddable":true,"href":"https:\/\/ostrowskatv.pl\/index.php?rest_route=%2Fwp%2Fv2%2Ftags&post=312"}],"curies":[{"name":"wp","href":"https:\/\/api.w.org\/{rel}","templated":true}]}}