{"id":31175,"date":"2024-09-01T04:41:29","date_gmt":"2024-09-01T03:41:29","guid":{"rendered":"https:\/\/ostrowskatv.pl\/?p=31175"},"modified":"2024-09-01T04:41:29","modified_gmt":"2024-09-01T03:41:29","slug":"jazda-przez-las-bywa-niebezpieczna","status":"publish","type":"post","link":"https:\/\/ostrowskatv.pl\/?p=31175","title":{"rendered":"Jazda przez las bywa niebezpieczna"},"content":{"rendered":"<p><strong>Po godzinie pierwszej w nocy dosz\u0142o do niefortunnego zdarzenia drogowego z udzia\u0142em jednego samochodu i zwierz\u0119cia le\u015bnego. Kierowca samochodu marki Peugeot podr\u00f3\u017cowa\u0142 z Wielowsi w kierunku Grabowa nad Prosn\u0105.<\/strong><\/p>\n<p>Niespodziewanie na terenie le\u015bnym przed mask\u0119 jego pojazdu wybieg\u0142 le\u015bny ssak. Niestety, uderzenie spowodowa\u0142o uszkodzenie maski oraz przedniej szyby samochodu osobowego.<\/p>\n<p>Zwierz\u0119 uciek\u0142o do lasu, a m\u0142ody kierowca zosta\u0142 przewieziony karetk\u0105 pogotowia do szpitala.<\/p>\n<p><img loading=\"lazy\" decoding=\"async\" src=\"https:\/\/ostrowskatv.pl\/wp-content\/uploads\/2024\/09\/1000083527.jpg\" alt=\"\" width=\"1920\" height=\"1081\" class=\"alignnone size-full wp-image-31176\" srcset=\"https:\/\/ostrowskatv.pl\/wp-content\/uploads\/2024\/09\/1000083527.jpg 1920w, https:\/\/ostrowskatv.pl\/wp-content\/uploads\/2024\/09\/1000083527-300x169.jpg 300w, https:\/\/ostrowskatv.pl\/wp-content\/uploads\/2024\/09\/1000083527-1333x751.jpg 1333w, https:\/\/ostrowskatv.pl\/wp-content\/uploads\/2024\/09\/1000083527-1536x865.jpg 1536w\" sizes=\"auto, (max-width: 1920px) 100vw, 1920px\" \/><\/p>\n<p><img loading=\"lazy\" decoding=\"async\" src=\"https:\/\/ostrowskatv.pl\/wp-content\/uploads\/2024\/09\/1000083526.jpg\" alt=\"\" width=\"1920\" height=\"1081\" class=\"alignnone size-full wp-image-31177\" srcset=\"https:\/\/ostrowskatv.pl\/wp-content\/uploads\/2024\/09\/1000083526.jpg 1920w, https:\/\/ostrowskatv.pl\/wp-content\/uploads\/2024\/09\/1000083526-300x169.jpg 300w, https:\/\/ostrowskatv.pl\/wp-content\/uploads\/2024\/09\/1000083526-1333x751.jpg 1333w, https:\/\/ostrowskatv.pl\/wp-content\/uploads\/2024\/09\/1000083526-1536x865.jpg 1536w\" sizes=\"auto, (max-width: 1920px) 100vw, 1920px\" \/><\/p>\n<p><img loading=\"lazy\" decoding=\"async\" src=\"https:\/\/ostrowskatv.pl\/wp-content\/uploads\/2024\/09\/1000083525.jpg\" alt=\"\" width=\"1920\" height=\"1081\" class=\"alignnone size-full wp-image-31178\" srcset=\"https:\/\/ostrowskatv.pl\/wp-content\/uploads\/2024\/09\/1000083525.jpg 1920w, https:\/\/ostrowskatv.pl\/wp-content\/uploads\/2024\/09\/1000083525-300x169.jpg 300w, https:\/\/ostrowskatv.pl\/wp-content\/uploads\/2024\/09\/1000083525-1333x751.jpg 1333w, https:\/\/ostrowskatv.pl\/wp-content\/uploads\/2024\/09\/1000083525-1536x865.jpg 1536w\" sizes=\"auto, (max-width: 1920px) 100vw, 1920px\" \/><\/p>\n<p><img loading=\"lazy\" decoding=\"async\" src=\"https:\/\/ostrowskatv.pl\/wp-content\/uploads\/2024\/09\/1000083524.jpg\" alt=\"\" width=\"1920\" height=\"1081\" class=\"alignnone size-full wp-image-31179\" srcset=\"https:\/\/ostrowskatv.pl\/wp-content\/uploads\/2024\/09\/1000083524.jpg 1920w, https:\/\/ostrowskatv.pl\/wp-content\/uploads\/2024\/09\/1000083524-300x169.jpg 300w, https:\/\/ostrowskatv.pl\/wp-content\/uploads\/2024\/09\/1000083524-1333x751.jpg 1333w, https:\/\/ostrowskatv.pl\/wp-content\/uploads\/2024\/09\/1000083524-1536x865.jpg 1536w\" sizes=\"auto, (max-width: 1920px) 100vw, 1920px\" \/><\/p>\n","protected":false},"excerpt":{"rendered":"Po godzinie pierwszej w nocy dosz\u0142o do niefortunnego zdarzenia drogowego z udzia\u0142em jednego samochodu i zwierz\u0119cia le\u015bnego. Kierowca samochodu marki Peugeot podr\u00f3\u017cowa\u0142 z \n<a class=\"moretag\" href=\"https:\/\/ostrowskatv.pl\/?p=31175\"> [...]<\/a>","protected":false},"author":1,"featured_media":31176,"comment_status":"open","ping_status":"closed","sticky":false,"template":"","format":"standard","meta":{"footnotes":""},"categories":[1],"tags":[11],"class_list":["post-31175","post","type-post","status-publish","format-standard","has-post-thumbnail","hentry","category-news","tag-wypadek"],"_links":{"self":[{"href":"https:\/\/ostrowskatv.pl\/index.php?rest_route=\/wp\/v2\/posts\/31175","targetHints":{"allow":["GET"]}}],"collection":[{"href":"https:\/\/ostrowskatv.pl\/index.php?rest_route=\/wp\/v2\/posts"}],"about":[{"href":"https:\/\/ostrowskatv.pl\/index.php?rest_route=\/wp\/v2\/types\/post"}],"author":[{"embeddable":true,"href":"https:\/\/ostrowskatv.pl\/index.php?rest_route=\/wp\/v2\/users\/1"}],"replies":[{"embeddable":true,"href":"https:\/\/ostrowskatv.pl\/index.php?rest_route=%2Fwp%2Fv2%2Fcomments&post=31175"}],"version-history":[{"count":0,"href":"https:\/\/ostrowskatv.pl\/index.php?rest_route=\/wp\/v2\/posts\/31175\/revisions"}],"wp:featuredmedia":[{"embeddable":true,"href":"https:\/\/ostrowskatv.pl\/index.php?rest_route=\/wp\/v2\/media\/31176"}],"wp:attachment":[{"href":"https:\/\/ostrowskatv.pl\/index.php?rest_route=%2Fwp%2Fv2%2Fmedia&parent=31175"}],"wp:term":[{"taxonomy":"category","embeddable":true,"href":"https:\/\/ostrowskatv.pl\/index.php?rest_route=%2Fwp%2Fv2%2Fcategories&post=31175"},{"taxonomy":"post_tag","embeddable":true,"href":"https:\/\/ostrowskatv.pl\/index.php?rest_route=%2Fwp%2Fv2%2Ftags&post=31175"}],"curies":[{"name":"wp","href":"https:\/\/api.w.org\/{rel}","templated":true}]}}