{"id":31164,"date":"2024-08-31T19:38:38","date_gmt":"2024-08-31T18:38:38","guid":{"rendered":"https:\/\/ostrowskatv.pl\/?p=31164"},"modified":"2024-08-31T19:41:00","modified_gmt":"2024-08-31T18:41:00","slug":"dziwna-substancja-w-rzece-akcja-sluzb-zdjecia","status":"publish","type":"post","link":"https:\/\/ostrowskatv.pl\/?p=31164","title":{"rendered":"Dziwna substancja w rzece. Akcja s\u0142u\u017cb (ZDJ\u0118CIA)"},"content":{"rendered":"<p><b>W sobot\u0119 po po\u0142udniu s\u0142u\u017cby otrzyma\u0142y zg\u0142oszenie o podejrzanej substancji na rzece Barycz w Tarcha\u0142ach Wielkich.<\/b><\/p>\n<p><b>\u00a0<\/b><\/p>\n<p><b>Przedstawiciel zarz\u0105dzania kryzysowego w Miliczu bada\u0142 przyczyn\u0119 \u015bni\u0119cia ryb w okolicy miasta. W tym celu uda\u0142 si\u0119 w g\u00f3r\u0119 jednej z najwolniej p\u0142yn\u0105cych rzek w Polsce.<\/b><\/p>\n<p><b>\u00a0<\/b><\/p>\n<p><b>W Tarcha\u0142ach Wielkich, niedaleko Odolanowa, zauwa\u017cy\u0142 podejrzan\u0105 substancj\u0119 na rzece. Na miejsce wys\u0142ano stra\u017c po\u017carn\u0105 i powiadomiono Wojew\u00f3dzki Inspektorat Ochrony \u015arodowiska (WIO\u015a).<\/b><\/p>\n<p><b>\u00a0<\/b><\/p>\n<p><b>Stra\u017cacy pami\u0119tali, \u017ce oko\u0142o 10 wrze\u015bnia 2023 roku identyczna substancja pojawi\u0142a si\u0119 na Baryczy. Spowodowa\u0142o to znaczny spadek poziomu natlenienia wody w rzece, co doprowadzi\u0142o do \u015bni\u0119cia ryb. W\u00f3wczas stra\u017cacy przez wiele godzin napowietrzali wod\u0119 w rzece.<\/b><\/p>\n<p><b>\u00a0<\/b><\/p>\n<p><b>Tym razem nie zdecydowano si\u0119 na taki proces, poniewa\u017c nie zaobserwowano masowego \u015bni\u0119cia ryb. Oko\u0142o 50 sztuk \u015bni\u0119tych ryb widziano w Uciechowie na rzece Kuroch.<\/b><\/p>\n<p><b>\u00a0<\/b><\/p>\n<p><b>W ubieg\u0142ym roku stwierdzono, \u017ce substancja ta powsta\u0142a w wyniku gnicia tego, co znajduje si\u0119 na polach. S\u0142u\u017cby b\u0119d\u0105 monitorowa\u0107 sytuacj\u0119 na rzece.<\/b><\/p>\n<p><img loading=\"lazy\" decoding=\"async\" class=\"alignnone size-full wp-image-31169\" src=\"https:\/\/ostrowskatv.pl\/wp-content\/uploads\/2024\/08\/1000083390.jpg\" alt=\"\" width=\"1200\" height=\"1600\" srcset=\"https:\/\/ostrowskatv.pl\/wp-content\/uploads\/2024\/08\/1000083390.jpg 1200w, https:\/\/ostrowskatv.pl\/wp-content\/uploads\/2024\/08\/1000083390-225x300.jpg 225w, https:\/\/ostrowskatv.pl\/wp-content\/uploads\/2024\/08\/1000083390-1000x1333.jpg 1000w, https:\/\/ostrowskatv.pl\/wp-content\/uploads\/2024\/08\/1000083390-1152x1536.jpg 1152w\" sizes=\"auto, (max-width: 1200px) 100vw, 1200px\" \/><\/p>\n<p><img loading=\"lazy\" decoding=\"async\" class=\"alignnone size-full wp-image-31170\" src=\"https:\/\/ostrowskatv.pl\/wp-content\/uploads\/2024\/08\/1000083393.jpg\" alt=\"\" width=\"1200\" height=\"815\" srcset=\"https:\/\/ostrowskatv.pl\/wp-content\/uploads\/2024\/08\/1000083393.jpg 1200w, https:\/\/ostrowskatv.pl\/wp-content\/uploads\/2024\/08\/1000083393-300x204.jpg 300w\" sizes=\"auto, (max-width: 1200px) 100vw, 1200px\" \/><\/p>\n","protected":false},"excerpt":{"rendered":"W sobot\u0119 po po\u0142udniu s\u0142u\u017cby otrzyma\u0142y zg\u0142oszenie o podejrzanej substancji na rzece Barycz w Tarcha\u0142ach Wielkich. \u00a0 Przedstawiciel zarz\u0105dzania kryzysowego w Miliczu bada\u0142 \n<a class=\"moretag\" href=\"https:\/\/ostrowskatv.pl\/?p=31164\"> [...]<\/a>","protected":false},"author":1,"featured_media":31167,"comment_status":"open","ping_status":"closed","sticky":false,"template":"","format":"standard","meta":{"footnotes":""},"categories":[1],"tags":[92,203],"class_list":["post-31164","post","type-post","status-publish","format-standard","has-post-thumbnail","hentry","category-news","tag-gm-odolanow","tag-rzeka"],"_links":{"self":[{"href":"https:\/\/ostrowskatv.pl\/index.php?rest_route=\/wp\/v2\/posts\/31164","targetHints":{"allow":["GET"]}}],"collection":[{"href":"https:\/\/ostrowskatv.pl\/index.php?rest_route=\/wp\/v2\/posts"}],"about":[{"href":"https:\/\/ostrowskatv.pl\/index.php?rest_route=\/wp\/v2\/types\/post"}],"author":[{"embeddable":true,"href":"https:\/\/ostrowskatv.pl\/index.php?rest_route=\/wp\/v2\/users\/1"}],"replies":[{"embeddable":true,"href":"https:\/\/ostrowskatv.pl\/index.php?rest_route=%2Fwp%2Fv2%2Fcomments&post=31164"}],"version-history":[{"count":0,"href":"https:\/\/ostrowskatv.pl\/index.php?rest_route=\/wp\/v2\/posts\/31164\/revisions"}],"wp:featuredmedia":[{"embeddable":true,"href":"https:\/\/ostrowskatv.pl\/index.php?rest_route=\/wp\/v2\/media\/31167"}],"wp:attachment":[{"href":"https:\/\/ostrowskatv.pl\/index.php?rest_route=%2Fwp%2Fv2%2Fmedia&parent=31164"}],"wp:term":[{"taxonomy":"category","embeddable":true,"href":"https:\/\/ostrowskatv.pl\/index.php?rest_route=%2Fwp%2Fv2%2Fcategories&post=31164"},{"taxonomy":"post_tag","embeddable":true,"href":"https:\/\/ostrowskatv.pl\/index.php?rest_route=%2Fwp%2Fv2%2Ftags&post=31164"}],"curies":[{"name":"wp","href":"https:\/\/api.w.org\/{rel}","templated":true}]}}