{"id":31057,"date":"2024-08-26T11:33:19","date_gmt":"2024-08-26T10:33:19","guid":{"rendered":"https:\/\/ostrowskatv.pl\/?p=31057"},"modified":"2024-08-26T11:33:19","modified_gmt":"2024-08-26T10:33:19","slug":"wypadl-z-balkonu-co-tam-sie-wydarzylo","status":"publish","type":"post","link":"https:\/\/ostrowskatv.pl\/?p=31057","title":{"rendered":"Wypad\u0142 z balkonu. Co tam si\u0119 wydarzy\u0142o?"},"content":{"rendered":"<p><strong>W niedziel\u0119 przed godzin\u0105 23 wys\u0142ano karetk\u0119 pogotowia ratunkowego oraz patrole policji do zdarzenia przy ulicy Modrzewskiego 3a w Ostrowie Wielkopolskim. Z balkonu bloku z pierwszego pi\u0119tra wypad\u0142 38-letni m\u0119\u017cczyzna.<\/strong><\/p>\n<p>Poszkodowanego przewieziono do ostrowskiego szpitala. Tam stwierdzono uraz klatki piersiowej oraz g\u0142owy, jednak nie zagra\u017caj\u0105 one jego \u017cyciu. Obecnie przebywa na oddziale chirurgii og\u00f3lnej. Co ciekawe m\u0119\u017cczyzna mia\u0142 we krwi 3.9 promila!<\/p>\n<p>W mieszkaniu znajdowa\u0142 si\u0119 jeszcze m\u0119\u017cczyzna z kobiet\u0105. Zostali zatrzymani do wytrze\u017awienia. Wtedy b\u0119dzie mo\u017cna spr\u00f3bowa\u0107 ustali\u0107 co si\u0119 wydarzy\u0142o.<\/p>\n","protected":false},"excerpt":{"rendered":"W niedziel\u0119 przed godzin\u0105 23 wys\u0142ano karetk\u0119 pogotowia ratunkowego oraz patrole policji do zdarzenia przy ulicy Modrzewskiego 3a w Ostrowie Wielkopolskim. Z balkonu \n<a class=\"moretag\" href=\"https:\/\/ostrowskatv.pl\/?p=31057\"> [...]<\/a>","protected":false},"author":1,"featured_media":24374,"comment_status":"open","ping_status":"closed","sticky":false,"template":"","format":"standard","meta":{"footnotes":""},"categories":[1],"tags":[2],"class_list":["post-31057","post","type-post","status-publish","format-standard","has-post-thumbnail","hentry","category-news","tag-ostrow-wielkopolski"],"_links":{"self":[{"href":"https:\/\/ostrowskatv.pl\/index.php?rest_route=\/wp\/v2\/posts\/31057","targetHints":{"allow":["GET"]}}],"collection":[{"href":"https:\/\/ostrowskatv.pl\/index.php?rest_route=\/wp\/v2\/posts"}],"about":[{"href":"https:\/\/ostrowskatv.pl\/index.php?rest_route=\/wp\/v2\/types\/post"}],"author":[{"embeddable":true,"href":"https:\/\/ostrowskatv.pl\/index.php?rest_route=\/wp\/v2\/users\/1"}],"replies":[{"embeddable":true,"href":"https:\/\/ostrowskatv.pl\/index.php?rest_route=%2Fwp%2Fv2%2Fcomments&post=31057"}],"version-history":[{"count":0,"href":"https:\/\/ostrowskatv.pl\/index.php?rest_route=\/wp\/v2\/posts\/31057\/revisions"}],"wp:featuredmedia":[{"embeddable":true,"href":"https:\/\/ostrowskatv.pl\/index.php?rest_route=\/wp\/v2\/media\/24374"}],"wp:attachment":[{"href":"https:\/\/ostrowskatv.pl\/index.php?rest_route=%2Fwp%2Fv2%2Fmedia&parent=31057"}],"wp:term":[{"taxonomy":"category","embeddable":true,"href":"https:\/\/ostrowskatv.pl\/index.php?rest_route=%2Fwp%2Fv2%2Fcategories&post=31057"},{"taxonomy":"post_tag","embeddable":true,"href":"https:\/\/ostrowskatv.pl\/index.php?rest_route=%2Fwp%2Fv2%2Ftags&post=31057"}],"curies":[{"name":"wp","href":"https:\/\/api.w.org\/{rel}","templated":true}]}}