{"id":31049,"date":"2024-08-26T07:41:55","date_gmt":"2024-08-26T06:41:55","guid":{"rendered":"https:\/\/ostrowskatv.pl\/?p=31049"},"modified":"2024-08-26T07:41:55","modified_gmt":"2024-08-26T06:41:55","slug":"po-pijaku-to-sie-nie-jezdzi-kierowca-golfa-zapomnial","status":"publish","type":"post","link":"https:\/\/ostrowskatv.pl\/?p=31049","title":{"rendered":"Po pijaku to si\u0119 nie je\u017adzi. Kierowca golfa zapomnia\u0142?"},"content":{"rendered":"<p><strong>W niedziel\u0119 przed godzin\u0105 6 rano dosz\u0142o do zdarzenia drogowego pomi\u0119dzy obwodnic\u0105 Ostrowa Wielkopolskiego, a lasem przed miejscowo\u015bci\u0105 Szczury w ci\u0105gu drogi krajowej nr 11.<\/strong><\/p>\n<p>Na miejsce wys\u0142ano stra\u017c po\u017carn\u0105 oraz policj\u0119. Okaza\u0142o si\u0119, \u017ce do rowu wpad\u0142 czerwony volkswagen golf. Jego kierowca 34-letni mieszkaniec powiatu pleszewskiego by\u0142 mocno pijany. Mia\u0142 ponad 1,5 promila w wydychanym powietrzu.<\/p>\n<p>Teraz odpowie za jazd\u0119 pod wp\u0142ywem alkoholu i spowodowanie kolizji.<\/p>\n<p><img loading=\"lazy\" decoding=\"async\" src=\"https:\/\/ostrowskatv.pl\/wp-content\/uploads\/2024\/08\/1000082100.jpg\" alt=\"\" width=\"653\" height=\"370\" class=\"alignnone size-full wp-image-31050\" srcset=\"https:\/\/ostrowskatv.pl\/wp-content\/uploads\/2024\/08\/1000082100.jpg 653w, https:\/\/ostrowskatv.pl\/wp-content\/uploads\/2024\/08\/1000082100-300x170.jpg 300w, https:\/\/ostrowskatv.pl\/wp-content\/uploads\/2024\/08\/1000082100-388x220.jpg 388w\" sizes=\"auto, (max-width: 653px) 100vw, 653px\" \/><\/p>\n<p><img loading=\"lazy\" decoding=\"async\" src=\"https:\/\/ostrowskatv.pl\/wp-content\/uploads\/2024\/08\/1000082103.jpg\" alt=\"\" width=\"1228\" height=\"640\" class=\"alignnone size-full wp-image-31051\" srcset=\"https:\/\/ostrowskatv.pl\/wp-content\/uploads\/2024\/08\/1000082103.jpg 1228w, https:\/\/ostrowskatv.pl\/wp-content\/uploads\/2024\/08\/1000082103-300x156.jpg 300w\" sizes=\"auto, (max-width: 1228px) 100vw, 1228px\" \/><\/p>\n<p><img loading=\"lazy\" decoding=\"async\" src=\"https:\/\/ostrowskatv.pl\/wp-content\/uploads\/2024\/08\/1000082112.jpg\" alt=\"\" width=\"1600\" height=\"1200\" class=\"alignnone size-full wp-image-31052\" srcset=\"https:\/\/ostrowskatv.pl\/wp-content\/uploads\/2024\/08\/1000082112.jpg 1600w, https:\/\/ostrowskatv.pl\/wp-content\/uploads\/2024\/08\/1000082112-300x225.jpg 300w, https:\/\/ostrowskatv.pl\/wp-content\/uploads\/2024\/08\/1000082112-1333x1000.jpg 1333w, https:\/\/ostrowskatv.pl\/wp-content\/uploads\/2024\/08\/1000082112-1536x1152.jpg 1536w\" sizes=\"auto, (max-width: 1600px) 100vw, 1600px\" \/><\/p>\n<p><img loading=\"lazy\" decoding=\"async\" src=\"https:\/\/ostrowskatv.pl\/wp-content\/uploads\/2024\/08\/1000082109.jpg\" alt=\"\" width=\"774\" height=\"407\" class=\"alignnone size-full wp-image-31053\" srcset=\"https:\/\/ostrowskatv.pl\/wp-content\/uploads\/2024\/08\/1000082109.jpg 774w, https:\/\/ostrowskatv.pl\/wp-content\/uploads\/2024\/08\/1000082109-300x158.jpg 300w\" sizes=\"auto, (max-width: 774px) 100vw, 774px\" \/><\/p>\n<p><img loading=\"lazy\" decoding=\"async\" src=\"https:\/\/ostrowskatv.pl\/wp-content\/uploads\/2024\/08\/1000082097.jpg\" alt=\"\" width=\"1411\" height=\"785\" class=\"alignnone size-full wp-image-31054\" srcset=\"https:\/\/ostrowskatv.pl\/wp-content\/uploads\/2024\/08\/1000082097.jpg 1411w, https:\/\/ostrowskatv.pl\/wp-content\/uploads\/2024\/08\/1000082097-300x167.jpg 300w, https:\/\/ostrowskatv.pl\/wp-content\/uploads\/2024\/08\/1000082097-1333x742.jpg 1333w\" sizes=\"auto, (max-width: 1411px) 100vw, 1411px\" \/><\/p>\n<p>Teraz odpowie za kierowanie pod wp\u0142ywem alkoholu:<\/p>\n<p>\u2013 grzywna (uzale\u017cniona od sytuacji maj\u0105tkowej sprawcy),<br \/>\n\u2013 ograniczenie wolno\u015bci lub pozbawienie wolno\u015bci do 2 lat,<br \/>\n\u2013 zakaz prowadzenia pojazd\u00f3w na minimum 3 lata,<br \/>\n\u2013 \u015brodek karny w wys. od 5000 z\u0142 do 60 000 z\u0142 na rzecz Funduszu Pomocy Pokrzywdzonym i Pomocy Postpenitencjarnej.<\/p>\n<p>Dodatkowo, nietrze\u017awy kierowca otrzyma 15 punkt\u00f3w karnych.<\/p>\n","protected":false},"excerpt":{"rendered":"W niedziel\u0119 przed godzin\u0105 6 rano dosz\u0142o do zdarzenia drogowego pomi\u0119dzy obwodnic\u0105 Ostrowa Wielkopolskiego, a lasem przed miejscowo\u015bci\u0105 Szczury w ci\u0105gu drogi krajowej \n<a class=\"moretag\" href=\"https:\/\/ostrowskatv.pl\/?p=31049\"> [...]<\/a>","protected":false},"author":1,"featured_media":31052,"comment_status":"open","ping_status":"closed","sticky":false,"template":"","format":"standard","meta":{"footnotes":""},"categories":[1],"tags":[48],"class_list":["post-31049","post","type-post","status-publish","format-standard","has-post-thumbnail","hentry","category-news","tag-kolizja"],"_links":{"self":[{"href":"https:\/\/ostrowskatv.pl\/index.php?rest_route=\/wp\/v2\/posts\/31049","targetHints":{"allow":["GET"]}}],"collection":[{"href":"https:\/\/ostrowskatv.pl\/index.php?rest_route=\/wp\/v2\/posts"}],"about":[{"href":"https:\/\/ostrowskatv.pl\/index.php?rest_route=\/wp\/v2\/types\/post"}],"author":[{"embeddable":true,"href":"https:\/\/ostrowskatv.pl\/index.php?rest_route=\/wp\/v2\/users\/1"}],"replies":[{"embeddable":true,"href":"https:\/\/ostrowskatv.pl\/index.php?rest_route=%2Fwp%2Fv2%2Fcomments&post=31049"}],"version-history":[{"count":0,"href":"https:\/\/ostrowskatv.pl\/index.php?rest_route=\/wp\/v2\/posts\/31049\/revisions"}],"wp:featuredmedia":[{"embeddable":true,"href":"https:\/\/ostrowskatv.pl\/index.php?rest_route=\/wp\/v2\/media\/31052"}],"wp:attachment":[{"href":"https:\/\/ostrowskatv.pl\/index.php?rest_route=%2Fwp%2Fv2%2Fmedia&parent=31049"}],"wp:term":[{"taxonomy":"category","embeddable":true,"href":"https:\/\/ostrowskatv.pl\/index.php?rest_route=%2Fwp%2Fv2%2Fcategories&post=31049"},{"taxonomy":"post_tag","embeddable":true,"href":"https:\/\/ostrowskatv.pl\/index.php?rest_route=%2Fwp%2Fv2%2Ftags&post=31049"}],"curies":[{"name":"wp","href":"https:\/\/api.w.org\/{rel}","templated":true}]}}