{"id":31040,"date":"2024-08-26T06:55:25","date_gmt":"2024-08-26T05:55:25","guid":{"rendered":"https:\/\/ostrowskatv.pl\/?p=31040"},"modified":"2024-08-26T06:55:25","modified_gmt":"2024-08-26T05:55:25","slug":"dwie-kobiety-poszkodowane-zdjecia","status":"publish","type":"post","link":"https:\/\/ostrowskatv.pl\/?p=31040","title":{"rendered":"Dwie kobiety poszkodowane (ZDJ\u0118CIA)"},"content":{"rendered":"<p><strong>W niedziel\u0119 o godzinie 16 dosz\u0142o do wypadku na skrzy\u017cowaniu ulic Grunwaldzkiej Brackiej oraz Mazurskiej w Ostrowie Wielkopolskim. Czarny ford zderzy\u0142 si\u0119 z czerwonym hyundaiem. <\/strong><\/p>\n<p>Ze wst\u0119pnych ustale\u0144 wynika, \u017ce kobieta w \u015brednim wieku jecha\u0142a czarnym fordem ulic\u0105 Mazursk\u0105. Doje\u017cd\u017caj\u0105c do skrzy\u017cowania z ulic\u0105 Grunwaldzk\u0105 nie ust\u0105pi\u0142a pierwsze\u0144stwa hyundaiowi, kt\u00f3rym podr\u00f3\u017cowa\u0142 m\u0119\u017cczyzna z kobiet\u0105.<\/p>\n<p>W wyniku zdarzenia pasa\u017cerka z czerwonego auta na noszach trafi\u0142a do karetki i pojecha\u0142a do szpitala na dok\u0142adniejsz\u0105 diagnostyk\u0119. Po p\u00f3\u0142 godzinie sprawczyni podci\u0105gn\u0119\u0142a fragment sukienki. Wtedy wysz\u0142o na jaw, \u017ce na obu nogach ma uraz od uderzenia w cz\u0119\u015b\u0107 znajduj\u0105c\u0105 si\u0119 pod kierownic\u0105. Stra\u017cacy za\u0142o\u017cyli kobiecie opatrunki.<\/p>\n<p><img loading=\"lazy\" decoding=\"async\" src=\"https:\/\/ostrowskatv.pl\/wp-content\/uploads\/2024\/08\/1000082273.jpg\" alt=\"\" width=\"1920\" height=\"1081\" class=\"alignnone size-full wp-image-31041\" srcset=\"https:\/\/ostrowskatv.pl\/wp-content\/uploads\/2024\/08\/1000082273.jpg 1920w, https:\/\/ostrowskatv.pl\/wp-content\/uploads\/2024\/08\/1000082273-300x169.jpg 300w, https:\/\/ostrowskatv.pl\/wp-content\/uploads\/2024\/08\/1000082273-1333x751.jpg 1333w, https:\/\/ostrowskatv.pl\/wp-content\/uploads\/2024\/08\/1000082273-1536x865.jpg 1536w\" sizes=\"auto, (max-width: 1920px) 100vw, 1920px\" \/><\/p>\n<p><img loading=\"lazy\" decoding=\"async\" src=\"https:\/\/ostrowskatv.pl\/wp-content\/uploads\/2024\/08\/1000082272.jpg\" alt=\"\" width=\"1920\" height=\"1214\" class=\"alignnone size-full wp-image-31042\" srcset=\"https:\/\/ostrowskatv.pl\/wp-content\/uploads\/2024\/08\/1000082272.jpg 1920w, https:\/\/ostrowskatv.pl\/wp-content\/uploads\/2024\/08\/1000082272-300x190.jpg 300w, https:\/\/ostrowskatv.pl\/wp-content\/uploads\/2024\/08\/1000082272-1333x843.jpg 1333w, https:\/\/ostrowskatv.pl\/wp-content\/uploads\/2024\/08\/1000082272-1536x971.jpg 1536w\" sizes=\"auto, (max-width: 1920px) 100vw, 1920px\" \/><\/p>\n<p><img loading=\"lazy\" decoding=\"async\" src=\"https:\/\/ostrowskatv.pl\/wp-content\/uploads\/2024\/08\/1000082265.jpg\" alt=\"\" width=\"1920\" height=\"678\" class=\"alignnone size-full wp-image-31043\" srcset=\"https:\/\/ostrowskatv.pl\/wp-content\/uploads\/2024\/08\/1000082265.jpg 1920w, https:\/\/ostrowskatv.pl\/wp-content\/uploads\/2024\/08\/1000082265-300x106.jpg 300w, https:\/\/ostrowskatv.pl\/wp-content\/uploads\/2024\/08\/1000082265-1333x471.jpg 1333w, https:\/\/ostrowskatv.pl\/wp-content\/uploads\/2024\/08\/1000082265-1536x542.jpg 1536w\" sizes=\"auto, (max-width: 1920px) 100vw, 1920px\" \/><\/p>\n<p><img loading=\"lazy\" decoding=\"async\" src=\"https:\/\/ostrowskatv.pl\/wp-content\/uploads\/2024\/08\/1000082264.jpg\" alt=\"\" width=\"1920\" height=\"977\" class=\"alignnone size-full wp-image-31044\" srcset=\"https:\/\/ostrowskatv.pl\/wp-content\/uploads\/2024\/08\/1000082264.jpg 1920w, https:\/\/ostrowskatv.pl\/wp-content\/uploads\/2024\/08\/1000082264-300x153.jpg 300w, https:\/\/ostrowskatv.pl\/wp-content\/uploads\/2024\/08\/1000082264-1333x678.jpg 1333w, https:\/\/ostrowskatv.pl\/wp-content\/uploads\/2024\/08\/1000082264-1536x782.jpg 1536w\" sizes=\"auto, (max-width: 1920px) 100vw, 1920px\" \/><\/p>\n<p><img loading=\"lazy\" decoding=\"async\" src=\"https:\/\/ostrowskatv.pl\/wp-content\/uploads\/2024\/08\/1000082263-1.jpg\" alt=\"\" width=\"1920\" height=\"1081\" class=\"alignnone size-full wp-image-31045\" srcset=\"https:\/\/ostrowskatv.pl\/wp-content\/uploads\/2024\/08\/1000082263-1.jpg 1920w, https:\/\/ostrowskatv.pl\/wp-content\/uploads\/2024\/08\/1000082263-1-300x169.jpg 300w, https:\/\/ostrowskatv.pl\/wp-content\/uploads\/2024\/08\/1000082263-1-1333x751.jpg 1333w, https:\/\/ostrowskatv.pl\/wp-content\/uploads\/2024\/08\/1000082263-1-1536x865.jpg 1536w\" sizes=\"auto, (max-width: 1920px) 100vw, 1920px\" \/><\/p>\n<p><img loading=\"lazy\" decoding=\"async\" src=\"https:\/\/ostrowskatv.pl\/wp-content\/uploads\/2024\/08\/1000082262.jpg\" alt=\"\" width=\"1920\" height=\"944\" class=\"alignnone size-full wp-image-31046\" srcset=\"https:\/\/ostrowskatv.pl\/wp-content\/uploads\/2024\/08\/1000082262.jpg 1920w, https:\/\/ostrowskatv.pl\/wp-content\/uploads\/2024\/08\/1000082262-300x148.jpg 300w, https:\/\/ostrowskatv.pl\/wp-content\/uploads\/2024\/08\/1000082262-1333x655.jpg 1333w, https:\/\/ostrowskatv.pl\/wp-content\/uploads\/2024\/08\/1000082262-1536x755.jpg 1536w\" sizes=\"auto, (max-width: 1920px) 100vw, 1920px\" \/><\/p>\n<p><img loading=\"lazy\" decoding=\"async\" src=\"https:\/\/ostrowskatv.pl\/wp-content\/uploads\/2024\/08\/1000082261.jpg\" alt=\"\" width=\"1920\" height=\"720\" class=\"alignnone size-full wp-image-31047\" srcset=\"https:\/\/ostrowskatv.pl\/wp-content\/uploads\/2024\/08\/1000082261.jpg 1920w, https:\/\/ostrowskatv.pl\/wp-content\/uploads\/2024\/08\/1000082261-300x113.jpg 300w, https:\/\/ostrowskatv.pl\/wp-content\/uploads\/2024\/08\/1000082261-1333x500.jpg 1333w, https:\/\/ostrowskatv.pl\/wp-content\/uploads\/2024\/08\/1000082261-1536x576.jpg 1536w\" sizes=\"auto, (max-width: 1920px) 100vw, 1920px\" \/><\/p>\n","protected":false},"excerpt":{"rendered":"W niedziel\u0119 o godzinie 16 dosz\u0142o do wypadku na skrzy\u017cowaniu ulic Grunwaldzkiej Brackiej oraz Mazurskiej w Ostrowie Wielkopolskim. Czarny ford zderzy\u0142 si\u0119 z \n<a class=\"moretag\" href=\"https:\/\/ostrowskatv.pl\/?p=31040\"> [...]<\/a>","protected":false},"author":1,"featured_media":31046,"comment_status":"open","ping_status":"closed","sticky":false,"template":"","format":"standard","meta":{"footnotes":""},"categories":[1],"tags":[2],"class_list":["post-31040","post","type-post","status-publish","format-standard","has-post-thumbnail","hentry","category-news","tag-ostrow-wielkopolski"],"_links":{"self":[{"href":"https:\/\/ostrowskatv.pl\/index.php?rest_route=\/wp\/v2\/posts\/31040","targetHints":{"allow":["GET"]}}],"collection":[{"href":"https:\/\/ostrowskatv.pl\/index.php?rest_route=\/wp\/v2\/posts"}],"about":[{"href":"https:\/\/ostrowskatv.pl\/index.php?rest_route=\/wp\/v2\/types\/post"}],"author":[{"embeddable":true,"href":"https:\/\/ostrowskatv.pl\/index.php?rest_route=\/wp\/v2\/users\/1"}],"replies":[{"embeddable":true,"href":"https:\/\/ostrowskatv.pl\/index.php?rest_route=%2Fwp%2Fv2%2Fcomments&post=31040"}],"version-history":[{"count":0,"href":"https:\/\/ostrowskatv.pl\/index.php?rest_route=\/wp\/v2\/posts\/31040\/revisions"}],"wp:featuredmedia":[{"embeddable":true,"href":"https:\/\/ostrowskatv.pl\/index.php?rest_route=\/wp\/v2\/media\/31046"}],"wp:attachment":[{"href":"https:\/\/ostrowskatv.pl\/index.php?rest_route=%2Fwp%2Fv2%2Fmedia&parent=31040"}],"wp:term":[{"taxonomy":"category","embeddable":true,"href":"https:\/\/ostrowskatv.pl\/index.php?rest_route=%2Fwp%2Fv2%2Fcategories&post=31040"},{"taxonomy":"post_tag","embeddable":true,"href":"https:\/\/ostrowskatv.pl\/index.php?rest_route=%2Fwp%2Fv2%2Ftags&post=31040"}],"curies":[{"name":"wp","href":"https:\/\/api.w.org\/{rel}","templated":true}]}}