{"id":3102,"date":"2017-02-05T20:49:10","date_gmt":"2017-02-05T19:49:10","guid":{"rendered":"http:\/\/ostrowska.tv\/?p=3102"},"modified":"2017-02-05T20:49:10","modified_gmt":"2017-02-05T19:49:10","slug":"pozar-w-przygodzicach-salon-yamaha-w-ogniu","status":"publish","type":"post","link":"https:\/\/ostrowskatv.pl\/?p=3102","title":{"rendered":"Po\u017car w Przygodzicach. Salon Yamaha w ogniu"},"content":{"rendered":"<p><strong>W niedziel\u0119 o godzinie 18:00 wybuch\u0142 po\u017car w Przygodzicach. Ogie\u0144 pojawi\u0142 si\u0119 w cz\u0119\u015bci magazynowej, w kt\u00f3rej sk\u0142adowane by\u0142y opony. Jak wiadomo, przy spalaniu tego typu produkt\u00f3w, wytwarzane s\u0105 du\u017ce ilo\u015bci dymu, ale i p\u0142omienie s\u0105 do\u015b\u0107 du\u017ce.<\/strong><\/p>\n<p>Na miejsce zadysponowano jednostki z Ostrowa Wlkp., Przygodzic, Czarnegolasu i Jankowa Przygodzkiego. Trwa szacowanie strat.<\/p>\n<p><iframe loading=\"lazy\" width=\"560\" height=\"315\" src=\"https:\/\/www.youtube.com\/embed\/Vm-fSvNj81A\" frameborder=\"0\" allowfullscreen><\/iframe><\/p>\n","protected":false},"excerpt":{"rendered":"W niedziel\u0119 o godzinie 18:00 wybuch\u0142 po\u017car w Przygodzicach. Ogie\u0144 pojawi\u0142 si\u0119 w cz\u0119\u015bci magazynowej, w kt\u00f3rej sk\u0142adowane by\u0142y opony. Jak wiadomo, przy \n<a class=\"moretag\" href=\"https:\/\/ostrowskatv.pl\/?p=3102\"> [...]<\/a>","protected":false},"author":1,"featured_media":3103,"comment_status":"open","ping_status":"open","sticky":false,"template":"","format":"standard","meta":{"footnotes":""},"categories":[1],"tags":[27],"class_list":["post-3102","post","type-post","status-publish","format-standard","has-post-thumbnail","hentry","category-news","tag-przygodzice"],"_links":{"self":[{"href":"https:\/\/ostrowskatv.pl\/index.php?rest_route=\/wp\/v2\/posts\/3102","targetHints":{"allow":["GET"]}}],"collection":[{"href":"https:\/\/ostrowskatv.pl\/index.php?rest_route=\/wp\/v2\/posts"}],"about":[{"href":"https:\/\/ostrowskatv.pl\/index.php?rest_route=\/wp\/v2\/types\/post"}],"author":[{"embeddable":true,"href":"https:\/\/ostrowskatv.pl\/index.php?rest_route=\/wp\/v2\/users\/1"}],"replies":[{"embeddable":true,"href":"https:\/\/ostrowskatv.pl\/index.php?rest_route=%2Fwp%2Fv2%2Fcomments&post=3102"}],"version-history":[{"count":0,"href":"https:\/\/ostrowskatv.pl\/index.php?rest_route=\/wp\/v2\/posts\/3102\/revisions"}],"wp:featuredmedia":[{"embeddable":true,"href":"https:\/\/ostrowskatv.pl\/index.php?rest_route=\/wp\/v2\/media\/3103"}],"wp:attachment":[{"href":"https:\/\/ostrowskatv.pl\/index.php?rest_route=%2Fwp%2Fv2%2Fmedia&parent=3102"}],"wp:term":[{"taxonomy":"category","embeddable":true,"href":"https:\/\/ostrowskatv.pl\/index.php?rest_route=%2Fwp%2Fv2%2Fcategories&post=3102"},{"taxonomy":"post_tag","embeddable":true,"href":"https:\/\/ostrowskatv.pl\/index.php?rest_route=%2Fwp%2Fv2%2Ftags&post=3102"}],"curies":[{"name":"wp","href":"https:\/\/api.w.org\/{rel}","templated":true}]}}